{"id":267676,"date":"2025-12-02T18:57:15","date_gmt":"2025-12-02T18:57:15","guid":{"rendered":"https:\/\/www.europesays.com\/es\/267676\/"},"modified":"2025-12-02T18:57:15","modified_gmt":"2025-12-02T18:57:15","slug":"la-familia-de-los-radioaficionados-se-reune-en-san-fernando-para-celebrar-el-45-aniversario-de-la-seccion-comarcal-de-la-ure","status":"publish","type":"post","link":"https:\/\/www.europesays.com\/es\/267676\/","title":{"rendered":"La familia de los radioaficionados se re\u00fane en San Fernando para celebrar el 45 aniversario de la secci\u00f3n comarcal de la URE"},"content":{"rendered":"<p class=\"paragraph-atom&#10;        &#10;        B-510-400-550-N B-525-400-700-N--md&#10;        &#10;        \">\n    El pasado s\u00e1bado se celebr\u00f3 el 45 aniversario de la fundaci\u00f3n de la <a href=\"http:\/\/ea7urfvocaliant.blogspot.com\/\" target=\"_blank\" rel=\"nofollow noopener\">Secci\u00f3n Comarcal de la Uni\u00f3n de Radioaficionados Espa\u00f1oles<\/a> (URE) con un almuerzo que tuvo lugar en el sal\u00f3n de celebraciones Yeyo, al que asisti\u00f3 un numeroso grupo de socios de esta entidad, que tiene su sede en la localidad de San Fernando.\n    <\/p>\n<p class=\"paragraph-atom&#10;        &#10;        B-510-400-550-N B-525-400-700-N--md&#10;        &#10;        \">\n    Desde su creaci\u00f3n, el <strong>19 de diciembre de 1980,<\/strong> la Uni\u00f3n de Radioaficionados es fiel colaboradora del Ayuntamiento de San Fernando y, desde entonces, ha difundido por las ondas de radio <a href=\"https:\/\/www.diariodecadiz.es\/sanfernando\/radioaficionados-san-fernando-puente-hierro_0_2004996829.html\" rel=\"nofollow noopener\" target=\"_blank\">multitud de eventos celebrados en nuestra ciudad<\/a> y conmemoraciones hist\u00f3ricas. San Fernando fue, de hecho, la sede del congreso anual m\u00e1s concurrido de la URE en 2007.\n    <\/p>\n<p class=\"paragraph-atom&#10;        &#10;        B-510-400-550-N B-525-400-700-N--md&#10;        &#10;        \">\n    Tambi\u00e9n colabora activamente con la <a href=\"https:\/\/www.diariodecadiz.es\/tag\/armada\/\" rel=\"nofollow noopener\" target=\"_blank\">Armada espa\u00f1ola<\/a> difundiendo toda clase de acontecimientos importantes como los aniversarios del Pante\u00f3n de Marinos Ilustres o la Escuela de Suboficiales, la creaci\u00f3n de la Infanter\u00eda de Marina en Espa\u00f1a o los cruceros de instrucci\u00f3n del buque escuela Juan Sebasti\u00e1n de Elcano.\n    <\/p>\n<p class=\"paragraph-atom&#10;        &#10;        B-510-400-550-N B-525-400-700-N--md&#10;        &#10;        \">\n    Asimismo, fue incluida en el programa oficial de actos de la comisi\u00f3n nacional que celebr\u00f3 el quinto aniversario de la Primera Vuelta al Mundo de Magallanes y Elcano, efemerides que fue aprovechada por los radioaficionados isle\u00f1os para difundir a nivel mundial y por las ondas de radio la mayor haza\u00f1a de la historia de la exploraci\u00f3n de la tierra.\n    <\/p>\n<p class=\"paragraph-atom&#10;        &#10;        B-510-400-550-N B-525-400-700-N--md&#10;        &#10;        \">\n    En el transcurso de este almuerzo de convivencia, se procedi\u00f3 por parte de la junta directiva de la asociaci\u00f3n, abanderada por su presidente <strong>Jos\u00e9 Manuel Carrillo<\/strong>, a la entrega de varias distinciones por su labor a los socios <strong>Francisco S\u00e1nchez Calle<\/strong>, <strong>Agust\u00edn Paloma<\/strong>, <strong>Francisco Ciria <\/strong>y <strong>Pablo Delgado Mendoza<\/strong>.\n    <\/p>\n<p class=\"paragraph-atom&#10;        &#10;        B-510-400-550-N B-525-400-700-N--md&#10;        &#10;        \">\n    De la misma forma, se realizaron sendos homenajes por su reconocida labor a los ex directivos de la ciudad <strong>Francisco Manzanares<\/strong>, <strong>Juan Jos\u00e9 S\u00e1nchez <\/strong>y <strong>Pedro Mu\u00f1oz Arenillas<\/strong>.\n    <\/p>\n<p class=\"paragraph-atom&#10;        &#10;        B-510-400-550-N B-525-400-700-N--md&#10;        &#10;        \">\n    Igualmente se hizo entrega de un reconocimeinto al decano de la entidad, <strong>Luis Lobato<\/strong>, que es tambi\u00e9n el radioaficionado activo m\u00e1s veterano de toda la Bah\u00eda de C\u00e1diz.\n    <\/p>\n<p class=\"paragraph-atom&#10;        &#10;        B-510-400-550-N B-525-400-700-N--md&#10;        &#10;        \">\n    Se hizo tambi\u00e9n entrega del Bot\u00f3n de Plata de la URE, en reconocimiento a los 25 a\u00f1os de permanencia, al socio <strong>Ra\u00fal Vicente G\u00f3mez <\/strong>(con distintivo EA4BMQ) , que viaj\u00f3 con su familia desde la provincia de C\u00e1ceres en exclusiva para recoger su merecido premio de la Uni\u00f3n de Radioaficionados de San Fernando.\n    <\/p>\n<p class=\"paragraph-atom&#10;        &#10;        B-510-400-550-N B-525-400-700-N--md&#10;        &#10;        \">\n    En la actualidad, la Uni\u00f3n de Radioaficionados Espa\u00f1oles (URE) sigue inmersa en la labor de promoci\u00f3n y difusi\u00f3n de radio en las escuelas, en todo lo relacionado con la divulgaci\u00f3n de las actividades hist\u00f3ricas y culturales de nuestro entorno que puedan ser propagadas a trav\u00e9s de las ondas de radio.\n    <\/p>\n","protected":false},"excerpt":{"rendered":"El pasado s\u00e1bado se celebr\u00f3 el 45 aniversario de la fundaci\u00f3n de la Secci\u00f3n Comarcal de la Uni\u00f3n&hellip;\n","protected":false},"author":2,"featured_media":267677,"comment_status":"","ping_status":"","sticky":false,"template":"","format":"standard","meta":{"footnotes":""},"categories":[170],"tags":[9807,66064,146,147,25,24,367,2421,184,185,66063,4984,2228,13684,23,66065],"class_list":{"0":"post-267676","1":"post","2":"type-post","3":"status-publish","4":"format-standard","5":"has-post-thumbnail","7":"category-musica","8":"tag-aniversario","9":"tag-comarcal","10":"tag-entertainment","11":"tag-entretenimiento","12":"tag-es","13":"tag-espana","14":"tag-familia","15":"tag-fernando","16":"tag-music","17":"tag-musica","18":"tag-radioaficionados","19":"tag-reune","20":"tag-san","21":"tag-seccion","22":"tag-spain","23":"tag-ure"},"share_on_mastodon":{"url":"https:\/\/pubeurope.com\/@es\/115651506990319205","error":""},"_links":{"self":[{"href":"https:\/\/www.europesays.com\/es\/wp-json\/wp\/v2\/posts\/267676","targetHints":{"allow":["GET"]}}],"collection":[{"href":"https:\/\/www.europesays.com\/es\/wp-json\/wp\/v2\/posts"}],"about":[{"href":"https:\/\/www.europesays.com\/es\/wp-json\/wp\/v2\/types\/post"}],"author":[{"embeddable":true,"href":"https:\/\/www.europesays.com\/es\/wp-json\/wp\/v2\/users\/2"}],"replies":[{"embeddable":true,"href":"https:\/\/www.europesays.com\/es\/wp-json\/wp\/v2\/comments?post=267676"}],"version-history":[{"count":0,"href":"https:\/\/www.europesays.com\/es\/wp-json\/wp\/v2\/posts\/267676\/revisions"}],"wp:featuredmedia":[{"embeddable":true,"href":"https:\/\/www.europesays.com\/es\/wp-json\/wp\/v2\/media\/267677"}],"wp:attachment":[{"href":"https:\/\/www.europesays.com\/es\/wp-json\/wp\/v2\/media?parent=267676"}],"wp:term":[{"taxonomy":"category","embeddable":true,"href":"https:\/\/www.europesays.com\/es\/wp-json\/wp\/v2\/categories?post=267676"},{"taxonomy":"post_tag","embeddable":true,"href":"https:\/\/www.europesays.com\/es\/wp-json\/wp\/v2\/tags?post=267676"}],"curies":[{"name":"wp","href":"https:\/\/api.w.org\/{rel}","templated":true}]}}