{"id":267688,"date":"2025-12-02T19:05:11","date_gmt":"2025-12-02T19:05:11","guid":{"rendered":"https:\/\/www.europesays.com\/es\/267688\/"},"modified":"2025-12-02T19:05:11","modified_gmt":"2025-12-02T19:05:11","slug":"dos-atentados-contra-politicos-empanan-el-inicio-de-la-campana-electoral-en-peru","status":"publish","type":"post","link":"https:\/\/www.europesays.com\/es\/267688\/","title":{"rendered":"Dos atentados contra pol\u00edticos empa\u00f1an el inicio de la campa\u00f1a electoral en Per\u00fa"},"content":{"rendered":"<p class=\"\">En la ma\u00f1ana de este martes, en un balneario al sur de Lima, Rafael Belaunde Llosa, el precandidato de la agrupaci\u00f3n Libertad Popular, fue atacado a balazos. La camioneta en la que viajaba fue impactada con tres disparos en el distrito de Cerro Azul, en la provincia de Ca\u00f1ete. Se ha confirmado que el exministro de Energ\u00eda y Minas durante<a href=\"https:\/\/elpais.com\/america\/2025-11-26\/condenado-a-14-anos-de-carcel-por-corrupcion-el-expresidente-peruano-martin-vizcarra.html\" target=\"_self\" rel=\"nofollow noopener\" title=\"https:\/\/elpais.com\/america\/2025-11-26\/condenado-a-14-anos-de-carcel-por-corrupcion-el-expresidente-peruano-martin-vizcarra.html\"> el gobierno de Mart\u00edn Vizcarra <\/a>se encuentra fuera de peligro. Circula en las redes sociales una foto suya, mirando a la c\u00e1mara, con rastros de sangre en la camisa, y otra del parabrisas con tres orificios a la altura del conductor. <\/p>\n<p class=\"\">El exprimer ministro, Pedro Cateriano, cofundador de Libertad Popular, dio la noticia en una radio local. \u201cEs un mal inicio de la campa\u00f1a. Creo que los peruanos sabemos lo que es la violencia. Lamentablemente, estamos atravesando un contexto de delincuencia activa. Hay que rechazar con firmeza este ataque\u201d, coment\u00f3. El \u00faltimo fin de semana se llev\u00f3 a cabo la primera jornada de las elecciones primarias que determinar\u00e1n a los candidatos presidenciales, congresales y del Parlamento andino en 2026. <\/p>\n<p class=\"\">Cateriano inform\u00f3 que Belaunde Llosa se encuentra ileso, en la comisar\u00eda del sector, para presentar su denuncia. \u00c9l no se encontraba en campa\u00f1a, sino que visit\u00f3 un negocio que tiene en Cerro Azul para realizar un trabajo de supervisi\u00f3n. \u201cFelizmente, los delincuentes no han logrado su objetivo\u201d, dijo. Se supo despu\u00e9s que el incidente fue ocasionado por dos delincuentes que iban a bordo de una moto. El comandante de la Polic\u00eda, \u00d3scar Arriola, cont\u00f3 que el pol\u00edtico repeli\u00f3 la emboscada usando su arma y que sus heridas se deben a las esquirlas de los vidrios del parabrisas. <\/p>\n<p class=\"\">\u201c\u00c9l hace esta rutina dos o tres veces por semana. Cuando sal\u00eda de estos terrenos y se dispon\u00eda a entrar a una trocha que le lleva hacia la carretera Panamericana es que aparecen estos dos sujetos y empiezan a disparar contra el veh\u00edculo que \u00e9l conduc\u00eda\u201d, dijo Arriola. <\/p>\n<p class=\"\">El excongresista Gino Costa tambi\u00e9n se pronunci\u00f3 y lament\u00f3 el hecho: \u201cEs un grave atentado contra la vida de Rafael Belaunde. Investigaciones deben dar con el m\u00f3vil del crimen, y la justicia sancionar r\u00e1pido y con firmeza a sus responsables. Le toca al gobierno dar las garant\u00edas a los postulantes a la presidencia y detener la violencia electoral ya\u201d.<\/p>\n<p class=\"\">El \u00faltimo s\u00e1bado, en la regi\u00f3n costera de Piura, un candidato a la C\u00e1mara de Diputados fue acribillado. Percy Ipanaqu\u00e9 Navarro, aspirante por el partido Juntos por el Per\u00fa, circulaba cerca a un cementerio, a las afueras de la ciudad, cuando dos motos lo interceptaron. Lo persiguieron por algunas cuadras hasta abrir fuego. Fueron siete balazos los que acabaron con la vida de Ipanaqu\u00e9. Se han tejido varias teor\u00edas sobre el asesinato del abogado. Una de ellas expone que Ipanaqu\u00e9 habr\u00eda defendido a figuras vinculadas a casos de crimen organizado. Por otro lado, en uno de sus videos m\u00e1s recientes, denunci\u00f3 irregularidades en la Polic\u00eda y reclam\u00f3 una respuesta m\u00e1s firme para acabar con las extorsiones y el sicariato.<\/p>\n<p class=\"\">Sea como fuere, la carrera rumbo a las elecciones de 2026 se ha manchado ya desde el inicio. Desde hace unos a\u00f1os, Per\u00fa padece un aumento de la criminalidad que tiene al pa\u00eds en vilo. La escalada comenz\u00f3 con el cobro de cupos a comerciantes, luego se extendi\u00f3 a los transportistas hasta alcanzar a los artistas. El incidente que determin\u00f3 la ca\u00edda de la expresidenta Dina Boluarte fue <a href=\"https:\/\/elpais.com\/america\/2025-10-09\/atacado-a-tiros-el-grupo-peruano-de-cumbia-agua-marina-durante-un-concierto-en-un-recinto-militar.html\" target=\"_self\" rel=\"nofollow noopener\" title=\"https:\/\/elpais.com\/america\/2025-10-09\/atacado-a-tiros-el-grupo-peruano-de-cumbia-agua-marina-durante-un-concierto-en-un-recinto-militar.html\">un ataque contra la orquesta de cumbia Agua Marina. <\/a>En marzo, Paul Flores, vocalista de Armon\u00eda 10, muri\u00f3 cuando unos sicarios dispararon en contra del bus de la agrupaci\u00f3n.<\/p>\n<p class=\"\">\u201cPasaremos de la defensiva a la ofensiva\u201d, es el lema con el que el actual mandatario Jos\u00e9 Jer\u00ed pretende combatir el crimen. A fines de octubre, el abogado decret\u00f3 a Lima y Callao en estado de emergencia. Pero los resultados todav\u00eda no saltan a la vista. Basado en el Sistema Inform\u00e1tico Nacional de Defunciones (Sinadef), el analista de datos Juan Carbajal sostiene que el promedio diario de homicidios, durante el gobierno de Jer\u00ed, es el m\u00e1s alto desde el 2017. Arroja 5.36 de promedio, por encima del 5.25 de homicidios durante el mandato de Dina Boluarte. Desde el 10 de octubre, fecha en que Jer\u00ed asumi\u00f3 la Presidencia, hasta el 28 de noviembre \u2014la \u00faltima actualizaci\u00f3n\u2014 se han cometido 268 homicidios en el Per\u00fa. <\/p>\n<p class=\"\">\u201cNuestra tarea hoy es impedir que estos n\u00fameros sigan creciendo; los homicidios mantienen una tendencia que no logra revertirse\u201d, ha reconocido el jefe de Estado. De acuerdo a la \u00faltima encuesta del Instituto de Estudios Peruanos (IEP), uno de cada cuatro peruanos considera que la inseguridad ciudadana ha empeorado durante la actual gesti\u00f3n. El Ejecutivo ha presentado un proyecto de ley al Congreso para implementar 23 medidas en seguridad, econom\u00eda y reforma institucional. Lo cierto es que el crimen est\u00e1 alcanzando a los pol\u00edticos. Y la campa\u00f1a reci\u00e9n comienza. <\/p>\n","protected":false},"excerpt":{"rendered":"En la ma\u00f1ana de este martes, en un balneario al sur de Lima, Rafael Belaunde Llosa, el precandidato&hellip;\n","protected":false},"author":2,"featured_media":267689,"comment_status":"","ping_status":"","sticky":false,"template":"","format":"standard","meta":{"footnotes":""},"categories":[42],"tags":[889,17,18,4246,4374,13,14,11,61,62,63,64,19,20,1804,9,10,15,16,705,7339,12,21,22,432,66066,65,66,67],"class_list":{"0":"post-267688","1":"post","2":"type-post","3":"status-publish","4":"format-standard","5":"has-post-thumbnail","7":"category-internacional","8":"tag-america","9":"tag-breaking-news","10":"tag-breakingnews","11":"tag-campanas-electorales","12":"tag-elecciones","13":"tag-featured-news","14":"tag-featurednews","15":"tag-headlines","16":"tag-internacional","17":"tag-international","18":"tag-international-news","19":"tag-internationalnews","20":"tag-latest-news","21":"tag-latestnews","22":"tag-latinoamerica","23":"tag-news","24":"tag-noticias","25":"tag-noticias-destacadas","26":"tag-noticiasdestacadas","27":"tag-peru","28":"tag-sicarios","29":"tag-titulares","30":"tag-ultimas-noticias","31":"tag-ultimasnoticias","32":"tag-violencia","33":"tag-violencia-electoral","34":"tag-world","35":"tag-world-news","36":"tag-worldnews"},"share_on_mastodon":{"url":"https:\/\/pubeurope.com\/@es\/115651538125401675","error":""},"_links":{"self":[{"href":"https:\/\/www.europesays.com\/es\/wp-json\/wp\/v2\/posts\/267688","targetHints":{"allow":["GET"]}}],"collection":[{"href":"https:\/\/www.europesays.com\/es\/wp-json\/wp\/v2\/posts"}],"about":[{"href":"https:\/\/www.europesays.com\/es\/wp-json\/wp\/v2\/types\/post"}],"author":[{"embeddable":true,"href":"https:\/\/www.europesays.com\/es\/wp-json\/wp\/v2\/users\/2"}],"replies":[{"embeddable":true,"href":"https:\/\/www.europesays.com\/es\/wp-json\/wp\/v2\/comments?post=267688"}],"version-history":[{"count":0,"href":"https:\/\/www.europesays.com\/es\/wp-json\/wp\/v2\/posts\/267688\/revisions"}],"wp:featuredmedia":[{"embeddable":true,"href":"https:\/\/www.europesays.com\/es\/wp-json\/wp\/v2\/media\/267689"}],"wp:attachment":[{"href":"https:\/\/www.europesays.com\/es\/wp-json\/wp\/v2\/media?parent=267688"}],"wp:term":[{"taxonomy":"category","embeddable":true,"href":"https:\/\/www.europesays.com\/es\/wp-json\/wp\/v2\/categories?post=267688"},{"taxonomy":"post_tag","embeddable":true,"href":"https:\/\/www.europesays.com\/es\/wp-json\/wp\/v2\/tags?post=267688"}],"curies":[{"name":"wp","href":"https:\/\/api.w.org\/{rel}","templated":true}]}}