{"id":267695,"date":"2025-12-02T19:13:21","date_gmt":"2025-12-02T19:13:21","guid":{"rendered":"https:\/\/www.europesays.com\/es\/267695\/"},"modified":"2025-12-02T19:13:21","modified_gmt":"2025-12-02T19:13:21","slug":"estas-son-las-5-carreras-en-que-habra-duelo-van-der-poel-van-aert","status":"publish","type":"post","link":"https:\/\/www.europesays.com\/es\/267695\/","title":{"rendered":"Estas son las 5 carreras en que habr\u00e1 duelo Van der Poel-Van Aert"},"content":{"rendered":"<blockquote class=\"quote-card lateral\">\n<p>Competir\u00e1n juntos en 5 ocasiones<\/p>\n<\/blockquote>\n<p>La gran noticia del d\u00eda en el mundo del ciclocross no es <a href=\"https:\/\/esmtb.com\/8-carreras-en-el-calendario-de-ciclocross-de-wout-van-aert\/\" target=\"_blank\" rel=\"noopener nofollow\">el calendario completo de Wout van Aert<\/a>, sino la confirmaci\u00f3n de que el belga se enfrentar\u00e1 a Mathieu van der Poel en cinco ocasiones durante el invierno 2025-2026. Visma Lease a Bike ha hecho p\u00fablica su agenda y, con ella, la hoja de ruta de uno de los grandes cl\u00e1sicos del invierno: el duelo Van Aert vs Van der Poel.<\/p>\n<p>\t Contin\u00faa tras los patrocinadores<\/p>\n<p>Cinco escenarios para una rivalidad hist\u00f3rica<\/p>\n<blockquote class=\"quote-card lateral\">\n<p>El primer duelo ser\u00e1 el 20 de diciembre<\/p>\n<\/blockquote>\n<p>Los dos grandes iconos del ciclocross moderno coincidir\u00e1n en cinco carreras que se concentran en el periodo navide\u00f1o, el tramo m\u00e1s intenso de la temporada. El primer choque llegar\u00e1 el 20 de diciembre en la Copa del Mundo de Amberes, donde Van Aert abrir\u00e1 su campa\u00f1a. A partir de ah\u00ed, el calendario marca una secuencia trepidante.<\/p>\n<p>El X20 Trofee ser\u00e1 el eje central de este bloque, con duelos previstos en Hofstade el 22 de diciembre y en Loenhout el 29 de diciembre. Despu\u00e9s llegar\u00e1 el Exact Cross de Mol el 2 de enero, antes de completar la serie el 4 de enero en la Copa del Mundo de Zonhoven.<\/p>\n<p>Fechas y sedes de los duelos Van Der Poel \u2013 Van Aert<\/p>\n<tr>\nFecha<br \/>\nPrueba<br \/>\n<\/tr>\n<tr>\n<td>20.12<\/td>\n<td>Copa del Mundo UCI \u2013 Antwerp<\/td>\n<\/tr>\n<tr>\n<td>22.12<\/td>\n<td>X\u00b2O Bathrooms Trophy \u2013 Hofstade Plage Cross<\/td>\n<\/tr>\n<tr>\n<td>29.12<\/td>\n<td>X\u00b2O Bathrooms Trophy Azencross \u2013 Loenhout<\/td>\n<\/tr>\n<tr>\n<td>02.01<\/td>\n<td>Exact Cross \u2013 Mol<\/td>\n<\/tr>\n<tr>\n<td>04.01<\/td>\n<td>Copa del Mundo UCI \u2013 Zonhoven<\/td>\n<\/tr>\n<p>Un invierno m\u00e1s cargado para Van Aert<\/p>\n<p>Visma Lease a Bike ha confirmado que Van Aert disputar\u00e1 ocho carreras en total esta temporada, dos m\u00e1s que el a\u00f1o pasado. Adem\u00e1s de los cinco duelos con Van der Poel, el belga estar\u00e1 en el Superprestige de Heusden Zolder el 23 de diciembre, la Copa del Mundo de Dendermonde y el Campeonato de B\u00e9lgica del 11 de enero en Beringen, donde buscar\u00e1 su sexto t\u00edtulo nacional \u00e9lite.<\/p>\n<p>Van Aert ha explicado que la campa\u00f1a invernal sigue siendo una pieza importante de su preparaci\u00f3n para las cl\u00e1sicas de primavera. Tambi\u00e9n ha destacado el atractivo \u00fanico de las carreras navide\u00f1as y el ambiente masivo que generan.<\/p>\n<p>Contexto competitivo antes del Mundial<\/p>\n<p>Aunque no se ha mencionado si Van Aert estar\u00e1 en el Mundial de Hulst, Van der Poel ya mira hacia ese objetivo con la ambici\u00f3n de lograr su octavo t\u00edtulo y convertirse en el corredor m\u00e1s laureado de la historia. El neerland\u00e9s ha dominado con claridad las \u00faltimas campa\u00f1as, ganando seis de los \u00faltimos siete oros.<\/p>\n<p>Ambos llegan tras un a\u00f1o de carretera muy distinto: Van der Poel como campe\u00f3n del mundo y Van Aert tras una temporada irregular que aun as\u00ed dej\u00f3 dos victorias memorables en Giro y Tour. En ciclocross, sin embargo, la historia vuelve a ponerse en marcha exactamente donde siempre: frente a frente.<\/p>\n","protected":false},"excerpt":{"rendered":"Competir\u00e1n juntos en 5 ocasiones La gran noticia del d\u00eda en el mundo del ciclocross no es el&hellip;\n","protected":false},"author":2,"featured_media":267696,"comment_status":"","ping_status":"","sticky":false,"template":"","format":"standard","meta":{"footnotes":""},"categories":[273],"tags":[313,44324,312,168,25,24,7619,23,167,6516],"class_list":{"0":"post-267695","1":"post","2":"type-post","3":"status-publish","4":"format-standard","5":"has-post-thumbnail","7":"category-ciclismo","8":"tag-ciclismo","9":"tag-ciclocross","10":"tag-cycling","11":"tag-deportes","12":"tag-es","13":"tag-espana","14":"tag-mathieu-van-der-poel","15":"tag-spain","16":"tag-sports","17":"tag-wout-van-aert"},"share_on_mastodon":{"url":"https:\/\/pubeurope.com\/@es\/115651569450168736","error":""},"_links":{"self":[{"href":"https:\/\/www.europesays.com\/es\/wp-json\/wp\/v2\/posts\/267695","targetHints":{"allow":["GET"]}}],"collection":[{"href":"https:\/\/www.europesays.com\/es\/wp-json\/wp\/v2\/posts"}],"about":[{"href":"https:\/\/www.europesays.com\/es\/wp-json\/wp\/v2\/types\/post"}],"author":[{"embeddable":true,"href":"https:\/\/www.europesays.com\/es\/wp-json\/wp\/v2\/users\/2"}],"replies":[{"embeddable":true,"href":"https:\/\/www.europesays.com\/es\/wp-json\/wp\/v2\/comments?post=267695"}],"version-history":[{"count":0,"href":"https:\/\/www.europesays.com\/es\/wp-json\/wp\/v2\/posts\/267695\/revisions"}],"wp:featuredmedia":[{"embeddable":true,"href":"https:\/\/www.europesays.com\/es\/wp-json\/wp\/v2\/media\/267696"}],"wp:attachment":[{"href":"https:\/\/www.europesays.com\/es\/wp-json\/wp\/v2\/media?parent=267695"}],"wp:term":[{"taxonomy":"category","embeddable":true,"href":"https:\/\/www.europesays.com\/es\/wp-json\/wp\/v2\/categories?post=267695"},{"taxonomy":"post_tag","embeddable":true,"href":"https:\/\/www.europesays.com\/es\/wp-json\/wp\/v2\/tags?post=267695"}],"curies":[{"name":"wp","href":"https:\/\/api.w.org\/{rel}","templated":true}]}}