{"id":267711,"date":"2025-12-02T19:23:11","date_gmt":"2025-12-02T19:23:11","guid":{"rendered":"https:\/\/www.europesays.com\/es\/267711\/"},"modified":"2025-12-02T19:23:11","modified_gmt":"2025-12-02T19:23:11","slug":"alemania-en-directo-hoy-final-de-la-liga-de-las-naciones-femenina-partido-de-vuelta","status":"publish","type":"post","link":"https:\/\/www.europesays.com\/es\/267711\/","title":{"rendered":"Alemania en directo hoy: final de la Liga de las Naciones femenina, partido de vuelta"},"content":{"rendered":"<p>20:21<\/p>\n<p>\u00a1ESPA\u00d1A ES CAMPEONA DE LA NATIONS LEAGUE!<\/p>\n<p class=\"voc-p\">Final del partido. Espa\u00f1a 3-0 Alemania.<\/p>\n<p>20:20<\/p>\n<p>Dos minutos de a\u00f1adido<\/p>\n<p class=\"voc-p\">\u00a1Espa\u00f1a va a defender el t\u00edtulo de la Liga de Naciones!<\/p>\n<p>20:19<\/p>\n<p>El Metropolitano es una fiesta<\/p>\n<p class=\"voc-p\">\u00a1Espa\u00f1a acaricia el t\u00edtulo!<\/p>\n<p>20:19<\/p>\n<p>Min 88. Triple cambio en Espa\u00f1a:<\/p>\n<p class=\"voc-p\">Salen Pina, Ona y Alexia y entran Fiamma, Imade y Jana.<\/p>\n<p>20:11<\/p>\n<p>Min 79. Cambio en Espa\u00f1a:<\/p>\n<p class=\"voc-p\">Sale Esther y entra Hermoso.<\/p>\n<p>20:10<\/p>\n<p>Min 79. Doble cambio en Alemania:<\/p>\n<p class=\"voc-p\">Salen Nusken y Brand y entran Dallman y Hendrich.<\/p>\n<p>20:04<\/p>\n<p>Min 73. \u00a1\u00a1\u00a1\u00a1GOLAZOOOOOO DE CLAUDIA PINA!!!!<\/p>\n<p class=\"voc-p\">\u00a1LE QUITA LAS TELARA\u00d1AS A LA ESCUADRA DESDE FUERA DEL \u00c1REA! \u00a1QU\u00cb GOLAZO! \u00a1QU\u00c9 SEGUNDA PARTE! Espa\u00f1a 3-0 Alemania.<\/p>\n<p>20:00<\/p>\n<p>Min 70. Cambio en Espa\u00f1a:<\/p>\n<p class=\"voc-p\">Sale Vicky y entra Athenea.<\/p>\n<p>19:58<\/p>\n<p>Min 67. \u00a1\u00a1\u00a1\u00a1QU\u00c9 GOLAZOOOOOOOO DE VICKY L\u00d3PEZ!!!!<\/p>\n<p class=\"voc-p\">\u00a1Vaya jugad\u00f3n! \u00a1Vaya misil! Impecable Vicky, que est\u00e1 firmando un aut\u00e9ntico partidazo. Espa\u00f1a 2-0 Alemania.<\/p>\n<p>19:56<\/p>\n<p>Min 66. Doble Cambio en Alemania:<\/p>\n<p class=\"voc-p\">Salen Anyomi y Cerci y entran Mart\u00ednez y Zicai.<\/p>\n<p>19:51<\/p>\n<p>Min 60. \u00a1GOOOOOOOOOOOOOOOL DE CLAUDIA PINAAAAAAA!<\/p>\n<p class=\"voc-p\">\u00a1Cantada de Berger! Claudia Pina adelanta a las de Sonia Berm\u00fadez. Espa\u00f1a 1-0 Alemania.<\/p>\n<p>19:45<\/p>\n<p>Min 55. Se marcha alto el disparo de Cerci<\/p>\n<p class=\"voc-p\">Posesi\u00f3n para Cata Coll.<\/p>\n<p>19:39<\/p>\n<p>Min 49. Falta peligrosa para Espa\u00f1a<\/p>\n<p class=\"voc-p\">El saque de esquina ha desembocado en una falta de Nusken sobre Irene Paredes.<\/p>\n<p>19:38<\/p>\n<p>Min 49. C\u00f3rner para Espa\u00f1a<\/p>\n<p class=\"voc-p\">El primero de la segunda parte.<\/p>\n<p>19:35<\/p>\n<p>Comienza la segunda parte<\/p>\n<p class=\"voc-p\">Espa\u00f1a rueda el bal\u00f3n.<\/p>\n<p>19:34<\/p>\n<p>\u00a1Saltan otra vez las protagonistas al c\u00e9sped!<\/p>\n<p class=\"voc-p\">No se prev\u00e9 ning\u00fan cambio en el descanso.<\/p>\n<p>19:25<\/p>\n<p>Una Espa\u00f1a mejor pero imprecisa de cara a puerta<\/p>\n<p class=\"voc-p\">Las de Sonia Berm\u00fadez han controlado la primera mitad y se han mostrado superiores a las germanas en todas las facetas del juego. A pesar de este dominio, las espa\u00f1olas no han conseguido adelantarse en el marcador. Las paradas providenciales de Berger y los balones que se marchan rozando el palo han impedido que La Roja sume alg\u00fan tanto al marcador. Por su parte, Alemania, ha tenido ocasiones m\u00e1s aisladas, como la de Anyomi en el \u00faltimo segundo, pero da la sensaci\u00f3n de que las de Christian W\u00fcck generan peligro m\u00e1s f\u00e1cilmente que Espa\u00f1a, que necesita posesiones m\u00e1s largas para acercarse a la meta rival.<\/p>\n<p>19:19<\/p>\n<p>Final de la primera parte<\/p>\n<p class=\"voc-p\">Espa\u00f1a 0-0 Alemania.<\/p>\n<p>19:19<\/p>\n<p>Min 45.\u00a1Casi anota Anyomi!<\/p>\n<p class=\"voc-p\">Rozando el palo, ha podido ser el primero para Alemania.<\/p>\n<p>19:17<\/p>\n<p>Min 45. \u00a1Parad\u00f3n de Berger!<\/p>\n<p class=\"voc-p\">Salvada providencial de la portera alemana, que detiene el disparo de Mariona.<\/p>\n<p>19:16<\/p>\n<p>Min 44. \u00a1Casi anota Vicky!<\/p>\n<p class=\"voc-p\">Se fue por cent\u00edmetros de la escuadra. Una de las mejores ocasiones para Espa\u00f1a.<\/p>\n<p>19:09<\/p>\n<p>Min 37. \u00a1La qu\u00e9 ha fallado Mariona!<\/p>\n<p class=\"voc-p\">Estaba sola contra Berger. Se le resiste el gol a La Roja.<\/p>\n<p>19:06<\/p>\n<p>Min 34. \u00a1No consigue efectuar el cabezazo Paredes!<\/p>\n<p class=\"voc-p\">\u00a1Qu\u00e9 pena! El pase era fant\u00e1stico.<\/p>\n<p>19:05<\/p>\n<p>Min 33. Amarilla para Gwinn<\/p>\n<p class=\"voc-p\">Que llega tarde y comete falta sobre Olga. Ocasi\u00f3n muy peligrosa para Espa\u00f1a.<\/p>\n<p>19:01<\/p>\n<p>Min 29. Parad\u00f3n de Cata<\/p>\n<p class=\"voc-p\">Detiene el disparo de Brand, que iba con mucho peligro.<\/p>\n<p>18:53<\/p>\n<p>Min 22. \u00a1Lo ha intentado Esther de chilena!<\/p>\n<p class=\"voc-p\">Preciosa maniobra, pero no ha logrado sorprender a Berger.<\/p>\n<p>18:52<\/p>\n<p>Min 21. El Metropolitano pide la amarilla para Nesken<\/p>\n<p class=\"voc-p\">Por falta sobre Laia, pero la colegiada no la concede.<\/p>\n<p>18:46<\/p>\n<p>Min 14. Detiene con facilidad Cata Coll<\/p>\n<p class=\"voc-p\">Lo intentaba Kett desde fuera del \u00e1rea. La primera para Alemania.<\/p>\n<p>18:45<\/p>\n<p>Min 12. Amarilla para Mapi<\/p>\n<p class=\"voc-p\">Por falta sobre Anyomi.<\/p>\n<p>18:44<\/p>\n<p>Min 12. Inicio totalmente distinto al de la ida<\/p>\n<p class=\"voc-p\">A diferencia del partido de ida en Alemania, las de Sonia Berm\u00fadez est\u00e1n dominando todas las facetas del juego.<\/p>\n<p>18:38<\/p>\n<p>Min 6. Despeja Irene Paredes<\/p>\n<p class=\"voc-p\">Posesi\u00f3n de nuevo para Alemania.<\/p>\n<p>18:37<\/p>\n<p>Min 5. C\u00f3rner para Alemania<\/p>\n<p class=\"voc-p\">Despeja Irene Paredes.<\/p>\n<p>18:36<\/p>\n<p>Min 5. Berger salva a Alemania<\/p>\n<p class=\"voc-p\">Casi anota de cabeza Alexia, tras un preciso pase de Mariona.<\/p>\n<p>18:36<\/p>\n<p>Min 4. \u00a1CASI ANOTA ESTHER!<\/p>\n<p class=\"voc-p\">A mil\u00edmetros del palo se ha marchado el disparo de la delantera del Gotham. \u00a1Ruge el estadio!<\/p>\n<p>18:35<\/p>\n<p>Min 3. Primera ocasi\u00f3n para Espa\u00f1a<\/p>\n<p class=\"voc-p\">Casi la tiene Alexia, que no lleg\u00f3 a armar el remate en el \u00e1rea de Berger.<\/p>\n<p>18:31<\/p>\n<p>Comienza el partido<\/p>\n<p class=\"voc-p\">\u00a1Alemania pone en juego el esf\u00e9rico!<\/p>\n<p>18:27<\/p>\n<p>El rey Felipe VI, presente en el Metropolitano:<\/p>\n<p class=\"voc-p\">\u00bbSiendo en casa y en Madrid es una ocasi\u00f3n magn\u00edfica despu\u00e9s de un partido muy complicado en Alemania. Confiemos en que nuestras chicas hagan un partido muy bueno y contin\u00faen por el camino que vienen siguiendo. Alemania es un rival potente. Va a ser duro, adem\u00e1s tenemos la baja de Aitana Bonmat\u00ed\u00bb<\/p>\n<p>18:26<\/p>\n<p>\u00a1Suena el himno de Espa\u00f1a!<\/p>\n<p class=\"voc-p\">Esto est\u00e1 a punto de empezar.<\/p>\n<p>18:26<\/p>\n<p>Suenan los himnos<\/p>\n<p class=\"voc-p\">Comienza sonando el de Alemania.<\/p>\n<p>18:24<\/p>\n<p>El Metropolitano, lleno<\/p>\n<p class=\"voc-p\">El estadio est\u00e1 completo y volcado con la selecci\u00f3n.<\/p>\n<p>18:18<\/p>\n<p>\u00a1Saltan al campo las 22 protagonistas!<\/p>\n<p class=\"voc-p\">Las jugadoras calientan sobre el c\u00e9sped del Wanda.<\/p>\n<p>18:14<\/p>\n<p>Espa\u00f1a, la mejor defensa de Europa<\/p>\n<p class=\"voc-p\">La Selecci\u00f3n no ha encajado ning\u00fan gol en los tres partidos de la fase final de la Nations League desde el inicio de la era Berm\u00fadez. La madile\u00f1a ha recuperado para la causa a\u00a0Mapi Le\u00f3n,  junto a\u00a0Irene Paredes. y\u00a0Cata Coll est\u00e1n siendo imprescindibles para el gran desempe\u00f1o defensivo.<\/p>\n<p>18:10<\/p>\n<p>Todo empieza de cero<\/p>\n<p class=\"voc-p\">Tras el 0-0 en la ida en Alemania, ambos combinados parten con la igualdad en el marcador para alzar el t\u00edtulo.<\/p>\n<p>18:03<\/p>\n<p>Alemania tambi\u00e9n tiene once:<\/p>\n<p class=\"voc-p\">Berger, Gwinn, Minge, Knaak, Kett, Cerci, Senss, Brand, Nusken, Clara B\u00fchl y Anyoni jugar\u00e1n de inicio.<\/p>\n<p>18:02<\/p>\n<p>\u00a1Ya conocemos el once inicial de Espa\u00f1a!<\/p>\n<p class=\"voc-p\">Cata Coll, Ona Batlle, Irene Paredes, Mapi, Olga, Mariona, Laia, Alexia, Vicky L\u00f3pez, Esther y Claudia Pina son las designadas por Sonia Berm\u00fadez para partir desde el pitido inicial.<\/p>\n<p>18:00<\/p>\n<p>Aitana Bonmat\u00ed, 5 meses de baja<\/p>\n<p class=\"voc-p\">Esta ma\u00f1ana conoc\u00edamos la gravedad de la lesi\u00f3n de la futbolista espa\u00f1ola, que tendr\u00e1 que pasar por quir\u00f3fano.<\/p>\n<p>17:59<\/p>\n<p>\u00a1Queda media hora para que comience el encuentro!<\/p>\n<p class=\"voc-p\">En 30 minutos iniciar\u00e1 la vuelta de la final de la UEFA Nations League<\/p>\n","protected":false},"excerpt":{"rendered":"20:21 \u00a1ESPA\u00d1A ES CAMPEONA DE LA NATIONS LEAGUE! Final del partido. Espa\u00f1a 3-0 Alemania. 20:20 Dos minutos de&hellip;\n","protected":false},"author":2,"featured_media":267712,"comment_status":"","ping_status":"","sticky":false,"template":"","format":"standard","meta":{"footnotes":""},"categories":[93],"tags":[1660,168,2125,25,24,5152,1058,315,1044,3014,1045,23,167,1357],"class_list":{"0":"post-267711","1":"post","2":"type-post","3":"status-publish","4":"format-standard","5":"has-post-thumbnail","7":"category-deportes","8":"tag-alemania","9":"tag-deportes","10":"tag-directo","11":"tag-es","12":"tag-espana","13":"tag-femenina","14":"tag-final","15":"tag-hoy","16":"tag-liga","17":"tag-naciones","18":"tag-partido","19":"tag-spain","20":"tag-sports","21":"tag-vuelta"},"share_on_mastodon":{"url":"https:\/\/pubeurope.com\/@es\/115651608922404367","error":""},"_links":{"self":[{"href":"https:\/\/www.europesays.com\/es\/wp-json\/wp\/v2\/posts\/267711","targetHints":{"allow":["GET"]}}],"collection":[{"href":"https:\/\/www.europesays.com\/es\/wp-json\/wp\/v2\/posts"}],"about":[{"href":"https:\/\/www.europesays.com\/es\/wp-json\/wp\/v2\/types\/post"}],"author":[{"embeddable":true,"href":"https:\/\/www.europesays.com\/es\/wp-json\/wp\/v2\/users\/2"}],"replies":[{"embeddable":true,"href":"https:\/\/www.europesays.com\/es\/wp-json\/wp\/v2\/comments?post=267711"}],"version-history":[{"count":0,"href":"https:\/\/www.europesays.com\/es\/wp-json\/wp\/v2\/posts\/267711\/revisions"}],"wp:featuredmedia":[{"embeddable":true,"href":"https:\/\/www.europesays.com\/es\/wp-json\/wp\/v2\/media\/267712"}],"wp:attachment":[{"href":"https:\/\/www.europesays.com\/es\/wp-json\/wp\/v2\/media?parent=267711"}],"wp:term":[{"taxonomy":"category","embeddable":true,"href":"https:\/\/www.europesays.com\/es\/wp-json\/wp\/v2\/categories?post=267711"},{"taxonomy":"post_tag","embeddable":true,"href":"https:\/\/www.europesays.com\/es\/wp-json\/wp\/v2\/tags?post=267711"}],"curies":[{"name":"wp","href":"https:\/\/api.w.org\/{rel}","templated":true}]}}