{"id":267713,"date":"2025-12-02T19:24:16","date_gmt":"2025-12-02T19:24:16","guid":{"rendered":"https:\/\/www.europesays.com\/es\/267713\/"},"modified":"2025-12-02T19:24:16","modified_gmt":"2025-12-02T19:24:16","slug":"aumentan-las-infecciones-respiratorias-en-la-rioja-mientras-avanza-a-buen-ritmo-la-vacunacion-sociedad","status":"publish","type":"post","link":"https:\/\/www.europesays.com\/es\/267713\/","title":{"rendered":"Aumentan las infecciones respiratorias en La Rioja mientras avanza a buen ritmo la vacunaci\u00f3n | Sociedad"},"content":{"rendered":"<p class=\"loc\">Logro\u00f1o<\/p>\n<p>La Consejer\u00eda de Salud y Pol\u00edticas Sociales actualiza este martes, d\u00eda 2, la situaci\u00f3n epidemiol\u00f3gica correspondiente a la semana 48, que comprende los d\u00edas entre el 24 al 30 de noviembre, en el marco del Plan de Contingencia frente a la Gripe y las Infecciones Respiratorias Agudas (IRAs) para la temporada 2025-2026.<\/p>\n<p>Seg\u00fan los datos de la Direcci\u00f3n General de Salud P\u00fablica, Consumo y Cuidados, La Rioja permanece en fase epid\u00e9mica, observ\u00e1ndose un aumento generalizado de infecciones respiratorias agudas (IRA), que alcanzan los 743,36 casos por 100.000 habitantes, frente a los 638,57 de la semana previa. Los grupos de edad m\u00e1s afectados son los de 1 a 4 a\u00f1os, seguidos del grupo 5 a 14 a\u00f1os, manteni\u00e9ndose la misma tendencia registrada en semanas anteriores.<\/p>\n<p>En el caso de la gripe, la vigilancia centinela -integrada por 24 equipos de Atenci\u00f3n Primaria- sit\u00faa la incidencia en 173,56 casos por 100.000 habitantes, cifra similar a la anterior (189,93). El sistema centinela detecta adem\u00e1s 3,27 casos de COVID por 100.000 habitantes, despu\u00e9s de no haber registrado ninguno la semana precedente. A fecha 1 de diciembre, la situaci\u00f3n asistencial es la siguiente: 3 personas ingresadas por COVID, 24 personas ingresadas por gripe y ning\u00fan ingreso por virus respiratorio sincitial (VRS).<\/p>\n<p>En cuanto a las urgencias, en el d\u00eda de ayer se atendieron 399 en el Hospital Universitario San Pedro de Logro\u00f1o (279 adultos) y 88 en el Hospital de Calahorra (70 adultos). El Plan de Contingencia contin\u00faa plenamente activado, con medidas escalonadas para garantizar capacidad asistencial, seguimiento de pacientes vulnerables, coordinaci\u00f3n con residencias y refuerzo de la actividad hospitalaria cuando es necesario.<\/p>\n<p>La campa\u00f1a de vacunaci\u00f3n se mantiene activa en La Rioja<\/p>\n<p>La campa\u00f1a de vacunaci\u00f3n 2025-2026 contin\u00faa progresando con incrementos sustanciales en coberturas. En total se han suministrado 80.683 dosis de la vacuna de la gripe (6.000 m\u00e1s que la semana pasada). La cobertura en mayores de 65 a\u00f1os se sit\u00faa en 59,64 por ciento, con una subida de 4 puntos respecto a la semana anterior. En lo relativo al COVID-19, se han administrado un total de 35.345 dosis, 2.000 m\u00e1s que la semana anterior. Con una cobertura en mayores de 70 a\u00f1os del 47,41 por ciento, con un incremento de 2 puntos.<\/p>\n<p>Cabe destacar que la vacunaci\u00f3n sin cita previa en el Hospital Universitario San Pedro que tuvo lugar entre el 24 y el 28 de noviembre ha sido un \u00e9xito rotundo con un total de 1.071 dosis de gripe en adultos, 555 de COVID y 3 intranasales pedi\u00e1tricas. Este recurso se complementa de manera puntual ma\u00f1ana mi\u00e9rcoles, d\u00eda 3, con una nueva jornada de vacunaci\u00f3n sin cita previa frente a la gripe y el COVID en los centros de salud de Haro y Calahorra en horario de 16,00 a 20,00 horas.<\/p>\n<p>La campa\u00f1a de vacunaci\u00f3n se mantendr\u00e1 activa en La Rioja mientras haya circulaci\u00f3n del virus, y siempre en funci\u00f3n de la disponibilidad de vacunas. Y los ciudadanos que lo precisen podr\u00e1n solicitar cita llamando al tel\u00e9fono de Salud Responde (941 29 83 33, opci\u00f3n 2), gestionarlo a trav\u00e9s de la aplicaci\u00f3n o web de Rioja Salud, o contactar directamente con el centro de salud o consultorio.<\/p>\n<p>El Gobierno de La Rioja continuar\u00e1 actualizando semanalmente la evoluci\u00f3n de la gripe, las infecciones respiratorias y la situaci\u00f3n asistencial, con el objetivo de garantizar una comunicaci\u00f3n transparente y ofrecer informaci\u00f3n actualizada a la poblaci\u00f3n y a los profesionales sanitarios.<\/p>\n<p>Recibe <a href=\"https:\/\/whatsapp.com\/channel\/0029VaRqcRRLSmbebl9cwC2Z\" target=\"_blank\" rel=\"nofollow noopener\">toda la informaci\u00f3n de Radio Rioja en nuestro canal de WhatsApp<\/a>.<\/p>\n","protected":false},"excerpt":{"rendered":"Logro\u00f1o La Consejer\u00eda de Salud y Pol\u00edticas Sociales actualiza este martes, d\u00eda 2, la situaci\u00f3n epidemiol\u00f3gica correspondiente a&hellip;\n","protected":false},"author":2,"featured_media":267714,"comment_status":"","ping_status":"","sticky":false,"template":"","format":"standard","meta":{"footnotes":""},"categories":[92],"tags":[25,24,165,166,23],"class_list":{"0":"post-267713","1":"post","2":"type-post","3":"status-publish","4":"format-standard","5":"has-post-thumbnail","7":"category-salud","8":"tag-es","9":"tag-espana","10":"tag-health","11":"tag-salud","12":"tag-spain"},"share_on_mastodon":{"url":"https:\/\/pubeurope.com\/@es\/115651612952693880","error":""},"_links":{"self":[{"href":"https:\/\/www.europesays.com\/es\/wp-json\/wp\/v2\/posts\/267713","targetHints":{"allow":["GET"]}}],"collection":[{"href":"https:\/\/www.europesays.com\/es\/wp-json\/wp\/v2\/posts"}],"about":[{"href":"https:\/\/www.europesays.com\/es\/wp-json\/wp\/v2\/types\/post"}],"author":[{"embeddable":true,"href":"https:\/\/www.europesays.com\/es\/wp-json\/wp\/v2\/users\/2"}],"replies":[{"embeddable":true,"href":"https:\/\/www.europesays.com\/es\/wp-json\/wp\/v2\/comments?post=267713"}],"version-history":[{"count":0,"href":"https:\/\/www.europesays.com\/es\/wp-json\/wp\/v2\/posts\/267713\/revisions"}],"wp:featuredmedia":[{"embeddable":true,"href":"https:\/\/www.europesays.com\/es\/wp-json\/wp\/v2\/media\/267714"}],"wp:attachment":[{"href":"https:\/\/www.europesays.com\/es\/wp-json\/wp\/v2\/media?parent=267713"}],"wp:term":[{"taxonomy":"category","embeddable":true,"href":"https:\/\/www.europesays.com\/es\/wp-json\/wp\/v2\/categories?post=267713"},{"taxonomy":"post_tag","embeddable":true,"href":"https:\/\/www.europesays.com\/es\/wp-json\/wp\/v2\/tags?post=267713"}],"curies":[{"name":"wp","href":"https:\/\/api.w.org\/{rel}","templated":true}]}}