{"id":267715,"date":"2025-12-02T19:25:12","date_gmt":"2025-12-02T19:25:12","guid":{"rendered":"https:\/\/www.europesays.com\/es\/267715\/"},"modified":"2025-12-02T19:25:12","modified_gmt":"2025-12-02T19:25:12","slug":"el-louvre-vuelve-a-exhibir-pintura-espanola-con-la-seguridad-reforzada-cultura","status":"publish","type":"post","link":"https:\/\/www.europesays.com\/es\/267715\/","title":{"rendered":"El Louvre vuelve a exhibir pintura espa\u00f1ola con la seguridad reforzada | Cultura"},"content":{"rendered":"<p class=\"\">Tras semanas en el centro de la pol\u00e9mica <a href=\"https:\/\/elpais.com\/cultura\/2025-10-19\/un-intento-de-atraco-en-el-louvre-lleva-al-cierre-del-museo-durante-todo-el-dia.html\" target=\"_blank\" rel=\"nofollow noopener\" title=\"https:\/\/elpais.com\/cultura\/2025-10-19\/un-intento-de-atraco-en-el-louvre-lleva-al-cierre-del-museo-durante-todo-el-dia.html\">y de las cr\u00edticas por sus problemas de seguridad<\/a>, el Museo del Louvre reabre este mi\u00e9rcoles uno de sus espacios, reci\u00e9n renovado, que es donde se expone la colecci\u00f3n de pintura espa\u00f1ola. Artistas como Murillo, Goya o Zurbar\u00e1n vuelven a mostrarse en la galer\u00eda Los Cinco Continentes, cuyos trabajos de renovaci\u00f3n comenzaron hace un a\u00f1o y reabre al p\u00fablico este mi\u00e9rcoles, totalmente reformada y con m\u00e1s medidas de seguridad. <\/p>\n<p class=\"\">Aunque hay otras salas de la pinacoteca que ya se hab\u00edan reformado antes, esta es la primera galer\u00eda que se inaugura tras el ins\u00f3lito robo de las joyas de la corona francesa del pasado 19 de octubre. Ese d\u00eda, <a href=\"https:\/\/elpais.com\/cultura\/2025-10-20\/las-claves-del-robo-en-el-louvre-siete-minutos-cuatro-asaltantes-y-una-escalera-para-acceder-a-las-joyas-de-la-corona.html\" target=\"_self\" rel=\"nofollow noopener\" title=\"https:\/\/elpais.com\/cultura\/2025-10-20\/las-claves-del-robo-en-el-louvre-siete-minutos-cuatro-asaltantes-y-una-escalera-para-acceder-a-las-joyas-de-la-corona.html\">cuatro hombres accedieron con la ayuda de una escalera de mudanza<\/a> por el balc\u00f3n que da acceso a la galer\u00eda de Apolo y rompieron con radiales las vitrinas donde se encontraban las joyas. Se llevaron siete piezas y se fueron por donde hab\u00edan entrado.<\/p>\n<p class=\"\">El asalto, que se produjo en siete minutos, revel\u00f3 las grietas de seguridad que tiene el museo m\u00e1s visitado del mundo, tambi\u00e9n el m\u00e1s grande, y a partir de ah\u00ed se fueron conociendo los problemas de deterioro que sufren algunas de las salas. Lo revel\u00f3 poco despu\u00e9s del atraco un informe del Tribunal de Cuentas, que denunciaba que el Museo ha privilegiado estos \u00faltimos a\u00f1os <a href=\"https:\/\/elpais.com\/cultura\/2025-11-06\/el-tribunal-de-cuentas-de-francia-dice-que-el-louvre-prefirio-adquirir-obras-a-invertir-en-seguridad.html\" target=\"_self\" rel=\"nofollow noopener\" title=\"https:\/\/elpais.com\/cultura\/2025-11-06\/el-tribunal-de-cuentas-de-francia-dice-que-el-louvre-prefirio-adquirir-obras-a-invertir-en-seguridad.html\">su presupuesto a la compra de obras y a atraer p\u00fablico en detrimento de la seguridad<\/a> y la renovaci\u00f3n de sus salas.<\/p>\n<p><img decoding=\"auto\" class=\"_re lazyload a_m-h\" height=\"277\"  width=\"414\"  src=\"https:\/\/www.europesays.com\/es\/wp-content\/uploads\/2025\/12\/YKQKGEJDUFCHFJG6ISUZEKYFTM.JPG\" loading=\"lazy\"\/>Cuadros de Murillo, esta ma\u00f1ana en el Louvre.Gonzalo Fuentes (REUTERS)<\/p>\n<p class=\"\">Hace dos semanas la pinacoteca decidi\u00f3 cerrar la galer\u00eda Campana, la que expone la colecci\u00f3n de cer\u00e1mica griega, ante el riesgo de derrumbe. Las obras en la galer\u00eda de los cinco continentes empezaron mucho antes, pero se han tenido en cuenta todos estos aspectos. \u201cSe inaugura una galer\u00eda que se ha renovado totalmente, y, claro, tambi\u00e9n se ha incidido mucho en el plano de la seguridad\u201d, ironiz\u00f3 ante la prensa <a href=\"https:\/\/elpais.com\/cultura\/2025-10-22\/la-presidenta-del-louvre-el-robo-es-una-herida-inmensa-hemos-fracasado.html\" target=\"_blank\" rel=\"nofollow noopener\" title=\"https:\/\/elpais.com\/cultura\/2025-10-22\/la-presidenta-del-louvre-el-robo-es-una-herida-inmensa-hemos-fracasado.html\">la presidenta del Louvre, Laurence des Cars<\/a>, durante la visita previa a la apertura al p\u00fablico este mi\u00e9rcoles. <\/p>\n<p class=\"\">La colecci\u00f3n de pintura espa\u00f1ola est\u00e1 en el primer piso de la galer\u00eda y los visitantes tendr\u00e1n acceso directo desde la Puerta de los Leones, en el lado del Sena y que se inaugura tambi\u00e9n. \u201cEsto permite dar un respiro a toda la saturaci\u00f3n que hay en la entrada a trav\u00e9s de la pir\u00e1mide\u201d, ha se\u00f1alado Laurence des Cars, que ha estado en el centro de las cr\u00edticas tras el asalto.<\/p>\n<p class=\"\">La colecci\u00f3n de pintura espa\u00f1ola cuenta <a href=\"https:\/\/elpais.com\/cultura\/museo-del-prado\/2021-09-29\/la-gran-pantalla-del-siglo-xvii.html\" target=\"_blank\" rel=\"nofollow noopener\" title=\"https:\/\/elpais.com\/cultura\/museo-del-prado\/2021-09-29\/la-gran-pantalla-del-siglo-xvii.html\">con obras de Murillo, Zurbar\u00e1n, El Greco y Goya, de los siglos XVII y XVIII<\/a>. \u201cSe ha aprovechado el cierre de la galer\u00eda para restaurar algunas de ellas. En muchos casos los marcos estaban deteriorados y el barniz estaba oscurecido e imped\u00eda ver los colores o la luz\u201d, explica Charlotte Chastel-Rousseau, conservadora encargada de la pintura espa\u00f1ola del Museo del Louvre. <\/p>\n<p class=\"\">La colecci\u00f3n de la pinacoteca, seg\u00fan explica la experta, re\u00fane unas 200 obras, aunque en la sala hay expuestas de momento cerca de un centenar. Las que est\u00e1n restaur\u00e1ndose, varias de Murillo, se incorporar\u00e1n en primavera. La pintura espa\u00f1ola est\u00e1 toda en esta galer\u00eda \u201ca excepci\u00f3n de alg\u00fan Goya\u201d, se\u00f1ala la experta.<\/p>\n<p><img decoding=\"auto\" class=\"_re lazyload a_m-h\" height=\"276\"  width=\"414\"  src=\"https:\/\/www.europesays.com\/es\/wp-content\/uploads\/2025\/12\/CRO3CZ2JYVG25EVPX3HGKIHRMY.JPG\" loading=\"lazy\"\/>Otra de las salas abiertas hoy.Gonzalo Fuentes (REUTERS)<\/p>\n<p class=\"\">Algunas de las obras hace a\u00f1os que no se muestran. <a href=\"https:\/\/elpais.com\/cultura\/2024-03-21\/caprichos-desastres-disparates-y-tauromaquia-todos-los-grabados-de-goya-juntos-por-primera-vez.html\" target=\"_self\" rel=\"nofollow noopener\" title=\"https:\/\/elpais.com\/cultura\/2024-03-21\/caprichos-desastres-disparates-y-tauromaquia-todos-los-grabados-de-goya-juntos-por-primera-vez.html\">Es el caso de cuatro grabados de la serie los Disparates de Goya<\/a>. Fueron realizados entre 1815 y 1823. El Museo del Louvre los adquiri\u00f3 en el a\u00f1o 2011 y desde entonces no se hab\u00edan vuelto a exponer. \u201cSe trata de un espacio que estaba muy deteriorado desde hace a\u00f1os y se ha renovado todo: la instalaci\u00f3n el\u00e9ctrica, se ha redise\u00f1ado la instalaci\u00f3n de las obras y se ha reforzado la seguridad. Adem\u00e1s, estos trabajos han sido la excusa para poner el valor la colecci\u00f3n\u201d, explica la conservadora. <\/p>\n<p class=\"\">La pintura espa\u00f1ola comparte espacio con la italiana. Adem\u00e1s, la galer\u00eda de los cinco continentes acoge m\u00e1s de un centenar de piezas africanas, asi\u00e1ticas o de Am\u00e9rica Latina, <a href=\"https:\/\/elpais.com\/diario\/2006\/03\/05\/cultura\/1141513206_850215.html\" target=\"_blank\" rel=\"nofollow noopener\" title=\"https:\/\/elpais.com\/diario\/2006\/03\/05\/cultura\/1141513206_850215.html\">que pertenec\u00edan al museo Jacques Chirac, que cumple 25 a\u00f1os<\/a>. <\/p>\n<p class=\"\">La sala est\u00e1 concebida para exponer \u201cobras de gran formato y se ha pintado de negro, hab\u00eda que encontrar un color que resaltase el tono de las obras, que es muy particular\u201d, explica la conservadora. \u201cAhora el p\u00fablico estar\u00e1 m\u00e1s atra\u00eddo por las pinturas, porque est\u00e1n mejor presentadas y explicadas. La sala ofrece una visi\u00f3n m\u00e1s ambiciosa de la obra espa\u00f1ola\u201d, se\u00f1ala Chastel-Rousseau.<\/p>\n<p class=\"\">S\u00e9bastien Allard, director del departamento de pintura del museo, incide en que <a href=\"https:\/\/elpais.com\/cultura\/2025-11-25\/detenido-en-francia-el-presunto-cuarto-integrante-del-grupo-que-robo-en-el-louvre-el-pasado-octubre.html\" target=\"_blank\" rel=\"nofollow noopener\" title=\"https:\/\/elpais.com\/cultura\/2025-11-25\/detenido-en-francia-el-presunto-cuarto-integrante-del-grupo-que-robo-en-el-louvre-el-pasado-octubre.html\">ahora hay m\u00e1s c\u00e1maras de seguridad que las que hab\u00eda antes<\/a>. A principios de noviembre, tras el atraco, la pinacoteca anunci\u00f3 una serie de medidas de urgencia para reforzar la seguridad, sobre todo con c\u00e1maras de videovigilancia, tanto en el interior como en el per\u00edmetro del edificio. <\/p>\n<p class=\"\">El Louvre recibe cada a\u00f1o casi nueve millones de visitantes (dato de 2024), unas 300.000 personas cada d\u00eda, as\u00ed que tambi\u00e9n hay un problema de saturaci\u00f3n. La galer\u00eda de los cinco continentes est\u00e1 situada en el ala Denon del Museo, la m\u00e1s concurrida y la misma donde se encuentra la galer\u00eda de Apolo, en la que se produjo el ins\u00f3lito asalto. Aunque se ha detenido a los cuatro asaltantes, las joyas, con un coste estimado de 88 millones de euros pero con un valor patrimonial incalculable, a\u00fan no han parecido.<\/p>\n","protected":false},"excerpt":{"rendered":"Tras semanas en el centro de la pol\u00e9mica y de las cr\u00edticas por sus problemas de seguridad, el&hellip;\n","protected":false},"author":2,"featured_media":267716,"comment_status":"","ping_status":"","sticky":false,"template":"","format":"standard","meta":{"footnotes":""},"categories":[91],"tags":[209,32478,146,147,25,24,27884,35434,41530,3873,4759,237,503,23],"class_list":{"0":"post-267715","1":"post","2":"type-post","3":"status-publish","4":"format-standard","5":"has-post-thumbnail","7":"category-entretenimiento","8":"tag-cultura","9":"tag-el-greco","10":"tag-entertainment","11":"tag-entretenimiento","12":"tag-es","13":"tag-espana","14":"tag-francisco-de-goya","15":"tag-murillo","16":"tag-museo-del-louvre","17":"tag-museos","18":"tag-paris","19":"tag-pintores","20":"tag-pintura","21":"tag-spain"},"share_on_mastodon":{"url":"https:\/\/pubeurope.com\/@es\/115651617385011879","error":""},"_links":{"self":[{"href":"https:\/\/www.europesays.com\/es\/wp-json\/wp\/v2\/posts\/267715","targetHints":{"allow":["GET"]}}],"collection":[{"href":"https:\/\/www.europesays.com\/es\/wp-json\/wp\/v2\/posts"}],"about":[{"href":"https:\/\/www.europesays.com\/es\/wp-json\/wp\/v2\/types\/post"}],"author":[{"embeddable":true,"href":"https:\/\/www.europesays.com\/es\/wp-json\/wp\/v2\/users\/2"}],"replies":[{"embeddable":true,"href":"https:\/\/www.europesays.com\/es\/wp-json\/wp\/v2\/comments?post=267715"}],"version-history":[{"count":0,"href":"https:\/\/www.europesays.com\/es\/wp-json\/wp\/v2\/posts\/267715\/revisions"}],"wp:featuredmedia":[{"embeddable":true,"href":"https:\/\/www.europesays.com\/es\/wp-json\/wp\/v2\/media\/267716"}],"wp:attachment":[{"href":"https:\/\/www.europesays.com\/es\/wp-json\/wp\/v2\/media?parent=267715"}],"wp:term":[{"taxonomy":"category","embeddable":true,"href":"https:\/\/www.europesays.com\/es\/wp-json\/wp\/v2\/categories?post=267715"},{"taxonomy":"post_tag","embeddable":true,"href":"https:\/\/www.europesays.com\/es\/wp-json\/wp\/v2\/tags?post=267715"}],"curies":[{"name":"wp","href":"https:\/\/api.w.org\/{rel}","templated":true}]}}