{"id":267723,"date":"2025-12-02T19:29:08","date_gmt":"2025-12-02T19:29:08","guid":{"rendered":"https:\/\/www.europesays.com\/es\/267723\/"},"modified":"2025-12-02T19:29:08","modified_gmt":"2025-12-02T19:29:08","slug":"espana-confirma-la-muerte-por-peste-porcina-africana-de-otros-siete-jabalies-dentro-del-radio-del-primer-foco","status":"publish","type":"post","link":"https:\/\/www.europesays.com\/es\/267723\/","title":{"rendered":"Espa\u00f1a confirma la muerte por peste porcina africana de otros siete jabal\u00edes dentro del radio del primer foco"},"content":{"rendered":"<p>El Laboratorio Central de Veterinaria de Algete (Madrid) ha confirmado el positivo al virus de la <a href=\"https:\/\/www.mapa.gob.es\/es\/ganaderia\/temas\/sanidad-animal-higiene-ganadera\/sanidad-animal\/enfermedades\/peste-porcina-africana\/peste_porcina_africana\" target=\"_blank\" onclick=\"javascript:GoogleTrackEvent(&#039;True&#039;,&#039;Contenido&#039;,&#039;Click&#039;,&#039;[https:\/\/www.lamoncloa.gob.es\/serviciosdeprensa\/notasprensa\/agricultura\/Paginas\/2025\/021225-peste-porcina.aspx] peste porcina africana (PPA). [https:\/\/www.mapa.gob.es\/es\/ganaderia\/temas\/sanidad-animal-higiene-ganadera\/sanidad-animal\/enfermedades\/peste-porcina-africana\/peste_porcina_africana]&#039;);\" rel=\"nofollow noopener\">peste porcina africana (PPA)<\/a> en otros siete jabal\u00edes que fueron hallados muertos en el mismo municipio barcelon\u00e9s, Cerdanyola del Vall\u00e9s, y muy cerca de donde aparecieron los otros dos la pasada semana. Con estos nuevos positivos, se confirma la presencia de la enfermedad en un total de nueve animales silvestres, todos en la misma zona, cuyos positivos se han notificado a la Comisi\u00f3n Europea y a la Organizaci\u00f3n Mundial de la Sanidad Animal (OMSA).<\/p>\n<p>Los servicios veterinarios oficiales de Catalunya, en colaboraci\u00f3n con el Ministerio de Agricultura, Pesca y Alimentaci\u00f3n, han delimitado una zona de control y vigilancia en radio de 20 kil\u00f3metros en torno a los casos detectados.<\/p>\n<p>En esa \u00e1rea se ha prohibido la caza, para evitar el movimiento de los jabal\u00edes y que puedan expandir el virus fuera de la zona. Adem\u00e1s, se han reforzado actuaciones de b\u00fasqueda y trampeo con personal espec\u00edficamente formado y conocedor de la zona para reducir densidad de poblaciones de jabal\u00edes silvestres.<\/p>\n<p>Los servicios veterinarios oficiales y el Cos d&#8217;Agents Rurals de la Generalitat de Catalunya cuentan con la colaboraci\u00f3n de la Unidad Militar de Emergencias, del cuerpo de Mossos d&#8217;Esquadra, de la Guardia Civil (SEPRONA) y de la Polic\u00eda Local para vigilar el acceso de personal no autorizado a la zona infectada, que incluye el Parque de Collserola. El objetivo es reforzar la desinfecci\u00f3n de todo veh\u00edculo que acceda al per\u00edmetro de la zona.  <\/p>\n<p>Se han movilizado un total de 120 personas del cuerpo de agentes rurales junto con 26 equipos operativos de trabajo (b\u00fasqueda de cad\u00e1veres, instalaci\u00f3n de trampas, etc.). Tambi\u00e9n se han movilizado 117 efectivos de la Unidad Militar de Emergencias equipados con estaciones de descontaminaci\u00f3n, equipos de gesti\u00f3n de capturas en condiciones de bioseguridad para su traslado a laboratorios y centros de incineraci\u00f3n, as\u00ed como un equipo de drones con capacidad de b\u00fasqueda en zonas amplias y detecci\u00f3n nocturna mediante infrarrojos.<\/p>\n<p>Negativo en las granjas porcinas <\/p>\n<p>En cuanto a las actuaciones en granjas de cerdo, se han visitado las explotaciones de ganado porcino localizadas en el \u00e1rea de 20 kil\u00f3metros en torno la zona infectada, sin que se haya detectado sintomatolog\u00eda ni lesiones compatibles en ninguna de ellas. Las tomas de muestra que se han realizado en las granjas han resultado negativas. Se mantiene un alto nivel de alerta con refuerzo de vigilancia pasiva y bioseguridad, tanto en Catalu\u00f1a como en el resto de comunidades aut\u00f3nomas.<\/p>\n<p>Equipo veterinario de emergencias de la Comisi\u00f3n Europea <\/p>\n<p>A petici\u00f3n del ministerio, hoy se ha incorporado a los trabajos el Equipo Veterinario de Emergencias de la Comisi\u00f3n Europea, formado por expertos epidemi\u00f3logos para evaluar sobre el terreno las medidas desplegadas y emitir recomendaciones para reforzar las actuaciones que permitan lograr el control de la enfermedad lo antes posible.<\/p>\n<p>La PPA, enfermedad que no afecta a las personas <\/p>\n<p>La peste porcina africana es una enfermedad que no afecta a las personas, ni por contacto con los animales ni por ingesti\u00f3n de productos derivados de ellos. Est\u00e1 considerada por la Uni\u00f3n Europea (UE) como enfermedad de categor\u00eda A, por lo que los Estados miembros deben adoptar medidas precisas para lograr su control y erradicaci\u00f3n lo antes posible en las zonas afectadas.<\/p>\n<p>Dada la situaci\u00f3n, resulta necesario extremar las medidas de bioseguridad en todas las explotaciones de ganado porcino, y en el transporte. El ministerio recuerda la obligaci\u00f3n de comunicar a los servicios veterinarios de la comunidades aut\u00f3nomas cualquier sospecha que se detecte, tanto en jabal\u00edes silvestres como en explotaciones de ganado porcino en todo el territorio nacional.<\/p>\n<p>Se puede consultar m\u00e1s informaci\u00f3n sobre la enfermedad en jabal\u00edes silvestres y protocolo de actuaci\u00f3n en la gu\u00eda de vigilancia en fauna silvestre, en este <a href=\"https:\/\/www.lamoncloa.gob.es\/serviciosdeprensa\/notasprensa\/agricultura\/Documents\/2025\/021125-peste-porcina-guia.pdf\" onclick=\"javascript:GoogleTrackEvent(&#039;True&#039;,&#039;Contenido&#039;,&#039;Download&#039;,&#039;[https:\/\/www.lamoncloa.gob.es\/serviciosdeprensa\/notasprensa\/agricultura\/Paginas\/2025\/021225-peste-porcina.aspx] enlace.. [\/serviciosdeprensa\/notasprensa\/agricultura\/Documents\/2025\/021125-peste-porcina-guia.pdf]&#039;);\" rel=\"nofollow noopener\" target=\"_blank\">enlace.<\/a><\/p>\n","protected":false},"excerpt":{"rendered":"El Laboratorio Central de Veterinaria de Algete (Madrid) ha confirmado el positivo al virus de la peste porcina&hellip;\n","protected":false},"author":2,"featured_media":267724,"comment_status":"","ping_status":"","sticky":false,"template":"","format":"standard","meta":{"footnotes":""},"categories":[8],"tags":[517,2077,17,18,25,24,13,14,11,19,20,9,10,15,16,59225,2330,23,12,21,22],"class_list":{"0":"post-267723","1":"post","2":"type-post","3":"status-publish","4":"format-standard","5":"has-post-thumbnail","7":"category-espana","8":"tag-actualidad","9":"tag-agricultura","10":"tag-breaking-news","11":"tag-breakingnews","12":"tag-es","13":"tag-espana","14":"tag-featured-news","15":"tag-featurednews","16":"tag-headlines","17":"tag-latest-news","18":"tag-latestnews","19":"tag-news","20":"tag-noticias","21":"tag-noticias-destacadas","22":"tag-noticiasdestacadas","23":"tag-pesca-y-alimentacion","24":"tag-prensa","25":"tag-spain","26":"tag-titulares","27":"tag-ultimas-noticias","28":"tag-ultimasnoticias"},"share_on_mastodon":{"url":"","error":""},"_links":{"self":[{"href":"https:\/\/www.europesays.com\/es\/wp-json\/wp\/v2\/posts\/267723","targetHints":{"allow":["GET"]}}],"collection":[{"href":"https:\/\/www.europesays.com\/es\/wp-json\/wp\/v2\/posts"}],"about":[{"href":"https:\/\/www.europesays.com\/es\/wp-json\/wp\/v2\/types\/post"}],"author":[{"embeddable":true,"href":"https:\/\/www.europesays.com\/es\/wp-json\/wp\/v2\/users\/2"}],"replies":[{"embeddable":true,"href":"https:\/\/www.europesays.com\/es\/wp-json\/wp\/v2\/comments?post=267723"}],"version-history":[{"count":0,"href":"https:\/\/www.europesays.com\/es\/wp-json\/wp\/v2\/posts\/267723\/revisions"}],"wp:featuredmedia":[{"embeddable":true,"href":"https:\/\/www.europesays.com\/es\/wp-json\/wp\/v2\/media\/267724"}],"wp:attachment":[{"href":"https:\/\/www.europesays.com\/es\/wp-json\/wp\/v2\/media?parent=267723"}],"wp:term":[{"taxonomy":"category","embeddable":true,"href":"https:\/\/www.europesays.com\/es\/wp-json\/wp\/v2\/categories?post=267723"},{"taxonomy":"post_tag","embeddable":true,"href":"https:\/\/www.europesays.com\/es\/wp-json\/wp\/v2\/tags?post=267723"}],"curies":[{"name":"wp","href":"https:\/\/api.w.org\/{rel}","templated":true}]}}