{"id":267725,"date":"2025-12-02T19:30:33","date_gmt":"2025-12-02T19:30:33","guid":{"rendered":"https:\/\/www.europesays.com\/es\/267725\/"},"modified":"2025-12-02T19:30:33","modified_gmt":"2025-12-02T19:30:33","slug":"portal-de-noticias-del-gobierno-de-canarias-348","status":"publish","type":"post","link":"https:\/\/www.europesays.com\/es\/267725\/","title":{"rendered":"Portal de Noticias del Gobierno de Canarias"},"content":{"rendered":"<p>El Gobierno de Canarias, a trav\u00e9s de la Direcci\u00f3n General de Emergencias, declara la situaci\u00f3n de prealerta por fen\u00f3menos costeros en el archipi\u00e9lago, a partir de las 08:00 horas de ma\u00f1ana, mi\u00e9rcoles 3 de diciembre. Esta decisi\u00f3n se toma teniendo en cuenta la informaci\u00f3n facilitada por la Agencia Estatal de Meteorolog\u00eda y otras fuentes disponibles, y en aplicaci\u00f3n del Plan Espec\u00edfico de Emergencias de Canarias por Riesgos de Fen\u00f3menos Meteorol\u00f3gicos Adversos (PEFMA). <\/p>\n<p><strong>\u00c1mbito territorial:\u00a0<\/strong><br \/>Comunidad aut\u00f3noma de Canarias<\/p>\n<p><strong>Observaciones:\u00a0\u00a0<\/strong><br \/>Mal estado del mar, con oleaje de mar combinada de 3,5 \u2013 4 metros. Marejada a fuerte\u00a0marejada y mar de fondo del norte y noroeste de 3 metros, con per\u00edodo de 16 a 18 segundos. Viento del nordeste de fuerza 5 a 6, alcanzando fuerza 7 en los canales La Gomera-Tenerife y Tenerife-Gran Canaria. El episodio afectar\u00e1 especialmente a las costas abiertas al oeste, norte y noroeste. Coeficiente de mareas muy alto, entre 93 y 95, coincidiendo la pleamar con las mayores olas en la l\u00ednea\u00a0de costa.<br \/>Pleamar del mi\u00e9rcoles 3 en torno a las 11:38 horas; pleamares del jueves 4 en torno a las 00:06 horas, la\u00a0primera, y en torno a las 12:28 horas, la segunda.<\/p>\n<p>Se insta a la poblaci\u00f3n a seguir los siguientes\u00a0<a href=\"https:\/\/www.gobiernodecanarias.org\/emergencias\/alertas\/consejos\/costeros\/costeros.html\" rel=\"nofollow noopener\" target=\"_blank\">consejos de autoprotecci\u00f3n<\/a>\u00a0de la Direcci\u00f3n General de Emergencias.<\/p>\n<p><a href=\"https:\/\/www3.gobiernodecanarias.org\/noticias\/wp-content\/uploads\/2025\/12\/Declaracion-68-2025-PA-CAC-Costeros-firmada-2.pdf\" rel=\"nofollow noopener\" target=\"_blank\">Declaracion 68 2025 PA CAC Costeros firmada-2<\/a><\/p>\n","protected":false},"excerpt":{"rendered":"El Gobierno de Canarias, a trav\u00e9s de la Direcci\u00f3n General de Emergencias, declara la situaci\u00f3n de prealerta por&hellip;\n","protected":false},"author":2,"featured_media":267726,"comment_status":"","ping_status":"","sticky":false,"template":"","format":"standard","meta":{"footnotes":""},"categories":[5],"tags":[17,18,25,24,13,14,11,19,20,9,10,15,16,23,12,21,22],"class_list":{"0":"post-267725","1":"post","2":"type-post","3":"status-publish","4":"format-standard","5":"has-post-thumbnail","7":"category-titulares","8":"tag-breaking-news","9":"tag-breakingnews","10":"tag-es","11":"tag-espana","12":"tag-featured-news","13":"tag-featurednews","14":"tag-headlines","15":"tag-latest-news","16":"tag-latestnews","17":"tag-news","18":"tag-noticias","19":"tag-noticias-destacadas","20":"tag-noticiasdestacadas","21":"tag-spain","22":"tag-titulares","23":"tag-ultimas-noticias","24":"tag-ultimasnoticias"},"share_on_mastodon":{"url":"https:\/\/pubeurope.com\/@es\/115651636338712917","error":""},"_links":{"self":[{"href":"https:\/\/www.europesays.com\/es\/wp-json\/wp\/v2\/posts\/267725","targetHints":{"allow":["GET"]}}],"collection":[{"href":"https:\/\/www.europesays.com\/es\/wp-json\/wp\/v2\/posts"}],"about":[{"href":"https:\/\/www.europesays.com\/es\/wp-json\/wp\/v2\/types\/post"}],"author":[{"embeddable":true,"href":"https:\/\/www.europesays.com\/es\/wp-json\/wp\/v2\/users\/2"}],"replies":[{"embeddable":true,"href":"https:\/\/www.europesays.com\/es\/wp-json\/wp\/v2\/comments?post=267725"}],"version-history":[{"count":0,"href":"https:\/\/www.europesays.com\/es\/wp-json\/wp\/v2\/posts\/267725\/revisions"}],"wp:featuredmedia":[{"embeddable":true,"href":"https:\/\/www.europesays.com\/es\/wp-json\/wp\/v2\/media\/267726"}],"wp:attachment":[{"href":"https:\/\/www.europesays.com\/es\/wp-json\/wp\/v2\/media?parent=267725"}],"wp:term":[{"taxonomy":"category","embeddable":true,"href":"https:\/\/www.europesays.com\/es\/wp-json\/wp\/v2\/categories?post=267725"},{"taxonomy":"post_tag","embeddable":true,"href":"https:\/\/www.europesays.com\/es\/wp-json\/wp\/v2\/tags?post=267725"}],"curies":[{"name":"wp","href":"https:\/\/api.w.org\/{rel}","templated":true}]}}