{"id":267727,"date":"2025-12-02T19:36:15","date_gmt":"2025-12-02T19:36:15","guid":{"rendered":"https:\/\/www.europesays.com\/es\/267727\/"},"modified":"2025-12-02T19:36:15","modified_gmt":"2025-12-02T19:36:15","slug":"serena-williams-podria-volver-a-jugar-a-tenis-a-los-44-anos","status":"publish","type":"post","link":"https:\/\/www.europesays.com\/es\/267727\/","title":{"rendered":"Serena Williams podr\u00eda volver a jugar a tenis a los 44 a\u00f1os"},"content":{"rendered":"<p data-mrf-recirculation=\"Links P\u00e1rrafos\" class=\"ue-c-article__paragraph paragraph ue-c-article--first-letter-highlighted\">La gran noticia en el circuito femenino de tenis podr\u00eda ser el regreso<strong>\u00a0de Serena Williams para 2026<\/strong>. Eso se desprende de los movimientos realizados por parte de la jugadora estadounidense, que ha vuelto a <strong>apuntarse al sistema antidopaje de la ITIA<\/strong>, paso necesario para regresar al profesionalismo.\u00a0<\/p>\n<p data-mrf-recirculation=\"Links P\u00e1rrafos\" class=\"ue-c-article__paragraph paragraph\">\u00ab<strong>Nos ha notificado que quiere estar de vuelta en el sistema. No s\u00e9 si esto quiere decir que va a volver o si quiere darse esa oportunidad. Lo \u00fanico que puedo decir es que est\u00e1 de vuelta en el sistema y tendr\u00e1 que registrar sus localizaciones<\/strong>\u00ab, dijo en declaraciones al \u00abNew York Times\u00bb, Adrian Bassett portavoz de la ITIA.<\/p>\n<p data-mrf-recirculation=\"Links P\u00e1rrafos\" class=\"ue-c-article__paragraph paragraph\">La fecha de incorporaciones de la Williams al sistema datad del 6 de octubre, <strong>por lo que podr\u00eda volver a jugar al tenis a partir de abril de 2026<\/strong>. A ella siempre le ilusion\u00f3 la posibilidad de reinar de nuevo sobre la hierba del All England Club de Wimbledon.\u00a0<\/p>\n<p data-mrf-recirculation=\"Links P\u00e1rrafos\" class=\"ue-c-article__paragraph paragraph\">Serena, de 44 a\u00f1os, <strong><a href=\"https:\/\/www.marca.com\/tenis\/us-open\/2022\/09\/03\/630d04b1268e3ea2508b45c7.html\" target=\"_blank\" rel=\"nofollow noopener\">colg\u00f3 la raqueta en 2022 despu\u00e9s de haber ganado 23 t\u00edtulos del &#8216;Grand Slam&#8217;<\/a><\/strong>. Se qued\u00f3 a uno del r\u00e9cord de Margaret Court y Novak Djokovic y esa es una de las motivaciones que podr\u00edan empujarla a desenfundar la raqueta. <strong>No le faltar\u00edan invitaciones para entrar en los cuadros una vez no tiene ranking<\/strong>.\u00a0<\/p>\n<blockquote class=\"ue-c-article__blockquote\">\n<p>Est\u00e1 de vuelta en el sistema y tendr\u00e1 que registrar sus localizaciones<\/p>\n<p>Adrian Bassett<\/p><\/blockquote>\n<p data-mrf-recirculation=\"Links P\u00e1rrafos\" class=\"ue-c-article__paragraph paragraph\">La peque\u00f1a de la familia Williams no ser\u00eda la primera madre en regresar a las pistas despu\u00e9s de su maternidad. <strong>En su caso ser\u00eda la segunda vez porque ya volvi\u00f3 a <a href=\"https:\/\/www.marca.com\/tenis\/2018\/02\/12\/5a80cbca46163f18258b4645.html\" rel=\"nofollow noopener\" target=\"_blank\">empu\u00f1ar la raqueta en febrero de 2018, algo m\u00e1s de un a\u00f1o despu\u00e9s de dar a luz a Alexis Olympia<\/a><\/strong>. En agosto de 2023, firm\u00f3 la parejita con Adira River Ohanian.\u00a0<\/p>\n<p>Recibi\u00f3 el Princesa de Asturias de los Deportes<br \/>\u200b<\/p>\n<p data-mrf-recirculation=\"Links P\u00e1rrafos\" class=\"ue-c-article__paragraph paragraph\">Una de las \u00faltimas apariciones p\u00fablicas de la leyenda de la raqueta fue el pasado 24 de octubre <strong><a href=\"https:\/\/www.marca.com\/tenis\/2025\/10\/24\/premio-princesa-asturias-24-grand-slam-serena-williams.html\" target=\"_blank\" rel=\"nofollow noopener\">cuando recibi\u00f3 en Oviedo el premio Princesa de Asturias<\/a>\u00a0de los Deportes 2025<\/strong>.\u00a0<\/p>\n<p data-mrf-recirculation=\"Links P\u00e1rrafos\" class=\"ue-c-article__paragraph paragraph\">Serena tiene como ejemplo a su hermana Venus, que a los 45 a\u00f1os sigue sin anunciar oficialmente su retirada. <strong>Su primera vuelta al tenis fue un fiasco ya que s\u00f3lo gan\u00f3 el WTA 250 de Auckland, en enero de 2020<\/strong>.\u00a0<\/p>\n<p data-mrf-recirculation=\"Links P\u00e1rrafos\" class=\"ue-c-article__paragraph paragraph\">Para encontrar su \u00faltimo partido <strong>hay que trasladarse a la tercera ronda del US Open 2022 con derrota ante Ajla Tomljanovic<\/strong>. Siempre evit\u00f3 utilizar la palabra \u00abretirada\u00bb. Ahora empezamos a saber por qu\u00e9.\u00a0<\/p>\n","protected":false},"excerpt":{"rendered":"La gran noticia en el circuito femenino de tenis podr\u00eda ser el regreso\u00a0de Serena Williams para 2026. Eso&hellip;\n","protected":false},"author":2,"featured_media":267728,"comment_status":"","ping_status":"","sticky":false,"template":"","format":"standard","meta":{"footnotes":""},"categories":[274],"tags":[168,25,24,23,167,327,326],"class_list":{"0":"post-267727","1":"post","2":"type-post","3":"status-publish","4":"format-standard","5":"has-post-thumbnail","7":"category-tenis","8":"tag-deportes","9":"tag-es","10":"tag-espana","11":"tag-spain","12":"tag-sports","13":"tag-tenis","14":"tag-tennis"},"share_on_mastodon":{"url":"https:\/\/pubeurope.com\/@es\/115651659877635065","error":""},"_links":{"self":[{"href":"https:\/\/www.europesays.com\/es\/wp-json\/wp\/v2\/posts\/267727","targetHints":{"allow":["GET"]}}],"collection":[{"href":"https:\/\/www.europesays.com\/es\/wp-json\/wp\/v2\/posts"}],"about":[{"href":"https:\/\/www.europesays.com\/es\/wp-json\/wp\/v2\/types\/post"}],"author":[{"embeddable":true,"href":"https:\/\/www.europesays.com\/es\/wp-json\/wp\/v2\/users\/2"}],"replies":[{"embeddable":true,"href":"https:\/\/www.europesays.com\/es\/wp-json\/wp\/v2\/comments?post=267727"}],"version-history":[{"count":0,"href":"https:\/\/www.europesays.com\/es\/wp-json\/wp\/v2\/posts\/267727\/revisions"}],"wp:featuredmedia":[{"embeddable":true,"href":"https:\/\/www.europesays.com\/es\/wp-json\/wp\/v2\/media\/267728"}],"wp:attachment":[{"href":"https:\/\/www.europesays.com\/es\/wp-json\/wp\/v2\/media?parent=267727"}],"wp:term":[{"taxonomy":"category","embeddable":true,"href":"https:\/\/www.europesays.com\/es\/wp-json\/wp\/v2\/categories?post=267727"},{"taxonomy":"post_tag","embeddable":true,"href":"https:\/\/www.europesays.com\/es\/wp-json\/wp\/v2\/tags?post=267727"}],"curies":[{"name":"wp","href":"https:\/\/api.w.org\/{rel}","templated":true}]}}