{"id":267729,"date":"2025-12-02T19:39:16","date_gmt":"2025-12-02T19:39:16","guid":{"rendered":"https:\/\/www.europesays.com\/es\/267729\/"},"modified":"2025-12-02T19:39:16","modified_gmt":"2025-12-02T19:39:16","slug":"la-liga-endesa-volvera-a-movistar-de-la-mano-de-dazn","status":"publish","type":"post","link":"https:\/\/www.europesays.com\/es\/267729\/","title":{"rendered":"La Liga Endesa volver\u00e1 a Movistar+ de la mano de DAZN"},"content":{"rendered":"<p>Movistar+ volver\u00e1 a emitir la Liga Endesa de la mano de DAZN<\/p>\n<p>La Liga Endesa volver\u00e1 a verse en Movistar+. <\/p>\n<p>Seg\u00fan ha anunciado la propia acb en un comunicado, Movistar+ y DAZN han llegado a un acuerdo para que la Liga Endesa pueda verse en esta plataforma a partir del pr\u00f3ximo 11 de diciembre (jornada 10).<\/p>\n<p>Este ha sido el comunicado de la Liga Endesa:<\/p>\n<p>\u00abLa acb contin\u00faa reforzando su presencia en televisi\u00f3n con la incorporaci\u00f3n de DAZN Baloncesto a Movistar+, donde nuevamente se podr\u00e1n ver todos los partidos de la Liga Endesa.<\/p>\n<p>Telef\u00f3nica ha anunciado este martes un acuerdo con DAZN para integrar en su oferta televisiva DAZN Baloncesto, con la Liga Endesa y una selecci\u00f3n de partidos de NBA, adem\u00e1s de la NFL y un partido por jornada de la Serie A y la Bundesliga. Seg\u00fan informa, los clientes podr\u00e1n acceder a todos los encuentros de la Liga Endesa a partir del pr\u00f3ximos 11 de diciembre.\u00bb<\/p>\n<blockquote class=\"twitter-tweet\" data-width=\"550\" data-dnt=\"true\">\n<p lang=\"es\" dir=\"ltr\">\ud83d\udea8 \u00daLTIMA HORA<\/p>\n<p>La <a href=\"https:\/\/twitter.com\/ACBCOM?ref_src=twsrc%5Etfw\" rel=\"nofollow noopener\" target=\"_blank\">@ACBCOM<\/a> regresa a Movistar+ con la incorporaci\u00f3n de DAZN Baloncesto a la plataforma seg\u00fan ha informado Telef\u00f3nica<\/p>\n<p>A partir del 11 de diciembre podr\u00e1 verse de nuevo toda la Liga Endesa en Movistar <a href=\"https:\/\/t.co\/6925rr2oh7\" rel=\"nofollow\">pic.twitter.com\/6925rr2oh7<\/a><\/p>\n<p>\u2014 Gigantes del Basket (@GIGANTESbasket) <a href=\"https:\/\/twitter.com\/GIGANTESbasket\/status\/1995925247573536777?ref_src=twsrc%5Etfw\" rel=\"nofollow noopener\" target=\"_blank\">December 2, 2025<\/a><\/p><\/blockquote>\n<p>Este acuerdo se anuncia apenas 24 horas despu\u00e9s de que DAZN anunciase su incorporaci\u00f3n a Orange TV que podr\u00e1n ver al completo la Liga Endesa, la Copa del Rey y la Supercopa Endesa.<\/p>\n<p>C\u00f3mo ver la Liga Endesa en DAZN<\/p>\n<p>La plataforma DAZN tiene un plan espec\u00edfico para los seguidores del baloncesto, con varias modalidades de suscripci\u00f3n:<\/p>\n<ul class=\"wp-block-list\">\n<li>9,99 \u20ac al mes (modalidad anual con pago fraccionado)<\/li>\n<li>14,99 \u20ac al mes (suscripci\u00f3n mensual)<\/li>\n<li>109,99 \u20ac al a\u00f1o (pago \u00fanico)<\/li>\n<\/ul>\n<p>Los usuarios de entre 18 y 30 a\u00f1os cuentan con un 30% de descuento en estos precios gracias a la TARIFA JOVEN -30. Este nuevo plan se podr\u00e1 contratar en la app y web de DAZN pr\u00f3ximamente. Adem\u00e1s, los abonados al Plan Premium de DAZN tendr\u00e1n incluidos todos los contenidos de la ACB sin coste adicional.<\/p>\n<p class=\"has-text-align-right\">Foto: acb<\/p>\n<p><img decoding=\"async\" src=\"https:\/\/lucas.gigantes.com\/mtracking.gif?tags=i-liga-endesa, i-dazn\" alt=\"Etiquetas de Mautic\" style=\"display:none;\"\/><\/p>\n<p>\t\t\t\t\t<script async src=\"https:\/\/platform.twitter.com\/widgets.js\" charset=\"utf-8\"><\/script><\/p>\n","protected":false},"excerpt":{"rendered":"Movistar+ volver\u00e1 a emitir la Liga Endesa de la mano de DAZN La Liga Endesa volver\u00e1 a verse&hellip;\n","protected":false},"author":2,"featured_media":267730,"comment_status":"","ping_status":"","sticky":false,"template":"","format":"standard","meta":{"footnotes":""},"categories":[269],"tags":[299,298,168,25,24,23,167],"class_list":{"0":"post-267729","1":"post","2":"type-post","3":"status-publish","4":"format-standard","5":"has-post-thumbnail","7":"category-baloncesto","8":"tag-baloncesto","9":"tag-basketball","10":"tag-deportes","11":"tag-es","12":"tag-espana","13":"tag-spain","14":"tag-sports"},"share_on_mastodon":{"url":"https:\/\/pubeurope.com\/@es\/115651671987806245","error":""},"_links":{"self":[{"href":"https:\/\/www.europesays.com\/es\/wp-json\/wp\/v2\/posts\/267729","targetHints":{"allow":["GET"]}}],"collection":[{"href":"https:\/\/www.europesays.com\/es\/wp-json\/wp\/v2\/posts"}],"about":[{"href":"https:\/\/www.europesays.com\/es\/wp-json\/wp\/v2\/types\/post"}],"author":[{"embeddable":true,"href":"https:\/\/www.europesays.com\/es\/wp-json\/wp\/v2\/users\/2"}],"replies":[{"embeddable":true,"href":"https:\/\/www.europesays.com\/es\/wp-json\/wp\/v2\/comments?post=267729"}],"version-history":[{"count":0,"href":"https:\/\/www.europesays.com\/es\/wp-json\/wp\/v2\/posts\/267729\/revisions"}],"wp:featuredmedia":[{"embeddable":true,"href":"https:\/\/www.europesays.com\/es\/wp-json\/wp\/v2\/media\/267730"}],"wp:attachment":[{"href":"https:\/\/www.europesays.com\/es\/wp-json\/wp\/v2\/media?parent=267729"}],"wp:term":[{"taxonomy":"category","embeddable":true,"href":"https:\/\/www.europesays.com\/es\/wp-json\/wp\/v2\/categories?post=267729"},{"taxonomy":"post_tag","embeddable":true,"href":"https:\/\/www.europesays.com\/es\/wp-json\/wp\/v2\/tags?post=267729"}],"curies":[{"name":"wp","href":"https:\/\/api.w.org\/{rel}","templated":true}]}}