{"id":267735,"date":"2025-12-02T19:42:11","date_gmt":"2025-12-02T19:42:11","guid":{"rendered":"https:\/\/www.europesays.com\/es\/267735\/"},"modified":"2025-12-02T19:42:11","modified_gmt":"2025-12-02T19:42:11","slug":"angel-antonio-herrera-los-rascacielos-pioneros","status":"publish","type":"post","link":"https:\/\/www.europesays.com\/es\/267735\/","title":{"rendered":"\u00c1ngel Antonio Herrera: Los rascacielos pioneros"},"content":{"rendered":"<p style=\"\">Nunca se apaga el t\u00f3pico de que Madrid levant\u00f3 su modernidad mirando siempre hacia el norte, alcalde, hacia los nuevos distritos financieros y sus torres espejeantes. Pero la ciudad, nuestra ciudad, aprendi\u00f3 a mirar hacia arriba mucho antes, en el coraz\u00f3n bullente de la <a href=\"https:\/\/www.abc.es\/espana\/madrid\/ultimos-gran-via-avenida-perdido-identidad-20240718190038-nt.html\" target=\"_self\" data-voc-vtm-id=\"in-text-traffic\" title=\"Gran V\u00eda\" data-mrf-link=\"www.abc.es\" rel=\"nofollow noopener\">Gran V\u00eda<\/a> &#8230; . All\u00ed, donde ahora los turistas hacen gimnasias de Instagram y los escaparates re\u00fanen calzoncillos de futbolista, ah\u00ed, entre cines casi remotos y cabar\u00e9s de terciopelo, se auparon los primeros rascacielos madrile\u00f1os. <\/p>\n<p class=\"voc-p\" style=\"\">Hablo del Edificio Telef\u00f3nica y el Capitol. El Edificio Telef\u00f3nica, inaugurado en 1930, fue el primer rascacielos espa\u00f1ol, y una declaraci\u00f3n de intenciones. Madrid se ansiaba ciudad moderna, conectada, cosmopolita. A su sombra, el Capitol a\u00f1adi\u00f3 pocos a\u00f1os despu\u00e9s el encanto del art d\u00e9co, cumpliendo la curva m\u00e1s famosa de la avenida, m\u00e1s un cartel luminoso de fachada donde hoy sale Rosal\u00eda. Los dos edificios famosos hacen un antes y un despu\u00e9s en la ciudad, y no tanto por sus alturas, tan modestas, si contemplamos las torres del norte, sino por su condici\u00f3n pionera de quebrar el perfil horizontal. <\/p>\n<p class=\"voc-p\" style=\"\">No prosper\u00f3 el ejemplo en la zona, sin embargo, aunque s\u00ed se levant\u00f3 el Edificio Espa\u00f1a y la Torre de Madrid. Los dos monumentos del Centro provocan una melancol\u00eda insomne, una nostalgia de lo que no fue, incluso, porque son el ejemplo en pie de una modernidad que funcion\u00f3, pero que enseguida se frustr\u00f3. Uno ve, de todos modos, que la Gran V\u00eda, en general, mira a Nueva York, con mucho edificio de vitola, con la memoria de una calle que fue de cines y hoy se cumple bajo un traj\u00edn de tiendas digitales donde no hace falta ni la cajera. <\/p>\n<p class=\"voc-p\" style=\"\">Hay algo de melod\u00eda antigua, y casi secreta, ya, si miramos el edificio de Telef\u00f3nica, alcalde, o el edificio Capitol, porque no son s\u00f3lo arquitectura, sino memoria, reliquia de un pasado que promet\u00eda todo el futuro. El Madrid arrellanado de los caf\u00e9s dio de pronto el estir\u00f3n del rascacielos, alcalde, ah\u00ed en una calle de poder\u00edo donde siempre import\u00f3 m\u00e1s la entreplanta que la c\u00fapula. Hoy el horizonte vive dominado por torres de vidrio y acero, pero en la Gran V\u00eda a\u00fan late el primer pulso de ese portento.<\/p>\n","protected":false},"excerpt":{"rendered":"Nunca se apaga el t\u00f3pico de que Madrid levant\u00f3 su modernidad mirando siempre hacia el norte, alcalde, hacia&hellip;\n","protected":false},"author":2,"featured_media":267736,"comment_status":"","ping_status":"","sticky":false,"template":"","format":"standard","meta":{"footnotes":""},"categories":[173],"tags":[229,233,231,230,232,234,146,147,25,24,39690,19932,23],"class_list":{"0":"post-267735","1":"post","2":"type-post","3":"status-publish","4":"format-standard","5":"has-post-thumbnail","7":"category-arte-y-diseno","8":"tag-arte","9":"tag-arte-y-diseno","10":"tag-arts","11":"tag-arts-and-design","12":"tag-design","13":"tag-diseno","14":"tag-entertainment","15":"tag-entretenimiento","16":"tag-es","17":"tag-espana","18":"tag-pioneros","19":"tag-rascacielos","20":"tag-spain"},"share_on_mastodon":{"url":"https:\/\/pubeurope.com\/@es\/115651683482087294","error":""},"_links":{"self":[{"href":"https:\/\/www.europesays.com\/es\/wp-json\/wp\/v2\/posts\/267735","targetHints":{"allow":["GET"]}}],"collection":[{"href":"https:\/\/www.europesays.com\/es\/wp-json\/wp\/v2\/posts"}],"about":[{"href":"https:\/\/www.europesays.com\/es\/wp-json\/wp\/v2\/types\/post"}],"author":[{"embeddable":true,"href":"https:\/\/www.europesays.com\/es\/wp-json\/wp\/v2\/users\/2"}],"replies":[{"embeddable":true,"href":"https:\/\/www.europesays.com\/es\/wp-json\/wp\/v2\/comments?post=267735"}],"version-history":[{"count":0,"href":"https:\/\/www.europesays.com\/es\/wp-json\/wp\/v2\/posts\/267735\/revisions"}],"wp:featuredmedia":[{"embeddable":true,"href":"https:\/\/www.europesays.com\/es\/wp-json\/wp\/v2\/media\/267736"}],"wp:attachment":[{"href":"https:\/\/www.europesays.com\/es\/wp-json\/wp\/v2\/media?parent=267735"}],"wp:term":[{"taxonomy":"category","embeddable":true,"href":"https:\/\/www.europesays.com\/es\/wp-json\/wp\/v2\/categories?post=267735"},{"taxonomy":"post_tag","embeddable":true,"href":"https:\/\/www.europesays.com\/es\/wp-json\/wp\/v2\/tags?post=267735"}],"curies":[{"name":"wp","href":"https:\/\/api.w.org\/{rel}","templated":true}]}}