{"id":267739,"date":"2025-12-02T19:45:11","date_gmt":"2025-12-02T19:45:11","guid":{"rendered":"https:\/\/www.europesays.com\/es\/267739\/"},"modified":"2025-12-02T19:45:11","modified_gmt":"2025-12-02T19:45:11","slug":"el-grupo-navarro-de-baile-k-pop-haze-se-proclama-campeon-del-all-dance-world-en-orlando","status":"publish","type":"post","link":"https:\/\/www.europesays.com\/es\/267739\/","title":{"rendered":"El grupo navarro de baile K-Pop HAZE se proclama campe\u00f3n del All Dance World en Orlando"},"content":{"rendered":"<p>\n        El grupo navarro de baile K-Pop <a href=\"https:\/\/www.noticiasdenavarra.com\/cultura\/2025\/11\/26\/mundial-orlando-ritmo-k-pop-10399586.html\" title=\"HAZE\" class=\"link copy\" rel=\"nofollow noopener\" target=\"_blank\">HAZE<\/a>, de la <strong>Escuela de <\/strong><a href=\"https:\/\/www.noticiasdenavarra.com\/tags\/danza\/\" title=\"Danza\" class=\"link copy\" rel=\"nofollow noopener\" target=\"_blank\"><strong>Danza <\/strong><\/a><strong>Ravel<\/strong> de Pamplona, se ha proclamado<strong> campe\u00f3n del All Dance World<\/strong> celebrado hace unos d\u00edas en <strong>Orlando<\/strong> (Florida).\n<\/p>\n<p class=\"article-body__text \">\n        Se trata de <strong>una de las competiciones m\u00e1s importantes del mundo<\/strong> en la que se han dado cita grupos de escuelas de danza de todos los pa\u00edses.\n<\/p>\n<p>  \u00abEl premio es por su entrega, disciplina y pasi\u00f3n\u00bb<\/p>\n<p class=\"article-body__text \">\n        <strong>HAZE <\/strong>compiti\u00f3 el pasado<strong> domingo 30 de noviembre<\/strong> con su coreograf\u00eda de K-Pop <strong>KISS<\/strong>, una pieza \u00abmuy explosiva e impactante\u00bb, a la vez que \u00abmuy colorida y divertida\u00bb, tal y como la definieron recientemente en una entrevista a este peri\u00f3dico las integrantes del grupo Irene Bueno y Vicky Gonz\u00e1lez, con la que ha <strong>conquistado <\/strong>al jurado del campeonato ganando el <strong>Primer Puesto.<\/strong>\n<\/p>\n<p class=\"article-body__text \">\n        HAZE interpret\u00f3 la coreograf\u00eda a ritmo de la <strong>canci\u00f3n <\/strong>hom\u00f3nima del grupo femenino surcoreano <strong>Tri.be. <\/strong>\n<\/p>\n<p class=\"article-body__text \">\n        \u00abSentimos una <strong>gran alegr\u00eda y un gran orgullo<\/strong>. Haber<strong> representado a Navarra y a Espa\u00f1a<\/strong> en un escenario internacional como \u00e9ste y volver a casa como <strong>campeones<\/strong>&#8230; es algo que todav\u00eda nos tiene el coraz\u00f3n acelerado\u00bb, ha compartido el grupo en un comunicado, en el que la Escuela de Danza Ravel recalca que el triunfo es \u00abde los y las bailarinas de <strong>HAZE<\/strong>, por su <strong>entrega, disciplina, pasi\u00f3n, <\/strong>pero tambi\u00e9n es de toda la familia Ravel\u00bb, que celebra \u00ab<strong>un sue\u00f1o cumplido<\/strong>, y el primero de muchos logros m\u00e1s\u00bb.\n<\/p>\n<p class=\"article-photo__footer\">\n            El triunfo del grupo HAZE es \u00abun sue\u00f1o hecho realidad y compartido\u00bb por toda la familia de la Escuela de Danza Ravel de Pamplona.            Redacci\u00f3n DNN        <\/p>\n<p>  Seis bailarines<\/p>\n<p class=\"article-body__text \">\n        El grupo HAZE lo integran <strong>Irene Bueno, Vicky Gonz\u00e1lez, Iker De Luis, June Aguirre, Ainhoa Zugaldia <\/strong>y<strong> Natalia Reyes. <\/strong>Para esta cita mundial se clasific\u00f3 tras triunfar en el campeonato estatal celebrado el pasado abril en <strong>Tarragona<\/strong>.\n<\/p>\n<p class=\"article-body__text \">\n        La final del <strong>All Dance World Orlando 2025<\/strong> se ha celebrado desde el pasado viernes 27 de noviembre hasta este 1 de diciembre, y ha contado con el <strong>hotel Hilton Orlando Resort<\/strong> como sede oficial.\n<\/p>\n<p class=\"article-body__text \">\n        <strong>HAZE <\/strong>sali\u00f3 de la Escuela de Danza Ravel de Pamplona en <strong>2023, <\/strong>y desde entonces ha tomado parte en distintas competiciones de baile, la del All Dance World de Orlando la m\u00e1s importante. Son las propias bailarinas del grupo las que <strong>deciden <\/strong>qu\u00e9 coreograf\u00eda bailar, qu\u00e9 har\u00e1 cada uno y cada una en esos bailes, qu\u00e9 vestuario lucir\u00e1n&#8230; \u201cTodo lo hablamos y lo decidimos <strong>entre todas<\/strong>\u201d, dicen las int\u00e9rpretes de K-Pop, un g\u00e9nero conocido globalmente por sus <strong>coreograf\u00edas extremadamente sincronizadas<\/strong>, su <strong>est\u00e9tica visual vibrante<\/strong> y su fuerte uso de la <strong>producci\u00f3n multimedia, <\/strong>y que se ha puesto \u00faltimamente <strong>muy de moda<\/strong> en Occidente, impulsado en parte por la pel\u00edcula <strong>Las guerreras K-pop.<\/strong><\/p>\n","protected":false},"excerpt":{"rendered":"El grupo navarro de baile K-Pop HAZE, de la Escuela de Danza Ravel de Pamplona, se ha proclamado&hellip;\n","protected":false},"author":2,"featured_media":267740,"comment_status":"","ping_status":"","sticky":false,"template":"","format":"standard","meta":{"footnotes":""},"categories":[170],"tags":[4787,146,147,25,24,100,10648,184,185,3403,6765,23],"class_list":{"0":"post-267739","1":"post","2":"type-post","3":"status-publish","4":"format-standard","5":"has-post-thumbnail","7":"category-musica","8":"tag-baile","9":"tag-entertainment","10":"tag-entretenimiento","11":"tag-es","12":"tag-espana","13":"tag-grupo","14":"tag-k","15":"tag-music","16":"tag-musica","17":"tag-navarro","18":"tag-pop","19":"tag-spain"},"share_on_mastodon":{"url":"https:\/\/pubeurope.com\/@es\/115651695530127750","error":""},"_links":{"self":[{"href":"https:\/\/www.europesays.com\/es\/wp-json\/wp\/v2\/posts\/267739","targetHints":{"allow":["GET"]}}],"collection":[{"href":"https:\/\/www.europesays.com\/es\/wp-json\/wp\/v2\/posts"}],"about":[{"href":"https:\/\/www.europesays.com\/es\/wp-json\/wp\/v2\/types\/post"}],"author":[{"embeddable":true,"href":"https:\/\/www.europesays.com\/es\/wp-json\/wp\/v2\/users\/2"}],"replies":[{"embeddable":true,"href":"https:\/\/www.europesays.com\/es\/wp-json\/wp\/v2\/comments?post=267739"}],"version-history":[{"count":0,"href":"https:\/\/www.europesays.com\/es\/wp-json\/wp\/v2\/posts\/267739\/revisions"}],"wp:featuredmedia":[{"embeddable":true,"href":"https:\/\/www.europesays.com\/es\/wp-json\/wp\/v2\/media\/267740"}],"wp:attachment":[{"href":"https:\/\/www.europesays.com\/es\/wp-json\/wp\/v2\/media?parent=267739"}],"wp:term":[{"taxonomy":"category","embeddable":true,"href":"https:\/\/www.europesays.com\/es\/wp-json\/wp\/v2\/categories?post=267739"},{"taxonomy":"post_tag","embeddable":true,"href":"https:\/\/www.europesays.com\/es\/wp-json\/wp\/v2\/tags?post=267739"}],"curies":[{"name":"wp","href":"https:\/\/api.w.org\/{rel}","templated":true}]}}