{"id":267744,"date":"2025-12-02T19:48:17","date_gmt":"2025-12-02T19:48:17","guid":{"rendered":"https:\/\/www.europesays.com\/es\/267744\/"},"modified":"2025-12-02T19:48:17","modified_gmt":"2025-12-02T19:48:17","slug":"por-primera-vez-la-oms-publica-recomendaciones-de-expertos-para-usar-ozempic-y-otros-medicamentos-contra-la-obesidad","status":"publish","type":"post","link":"https:\/\/www.europesays.com\/es\/267744\/","title":{"rendered":"Por primera vez, la OMS publica recomendaciones de expertos para usar Ozempic y otros medicamentos contra la obesidad"},"content":{"rendered":"<p>Con los <strong>medicamentos para perder peso<\/strong> basados en la semaglutida ya plenamente asentados en la sociedad, es ahora cuando la Organizaci\u00f3n Mundial de la Salud ha publicado una especie de<strong> gu\u00eda de uso <\/strong>de estos tratamientos. La OMS se\u00f1ala la obesidad como una epidemia que amenaza la salud mundial, y admite que f\u00e1rmacos como el <a class=\"text-outboundlink\" href=\"https:\/\/www.directoalpaladar.com\/salud\/perder-peso-ozempic-no-solo-seguro-para-personas-enfermedades-mentales-tambien-podria-tener-efecto-antidepresivo\" data-vars-post-title=\"Adelgazar con Ozempic no solo es seguro para personas con enfermedades mentales: podr\u00eda tener efecto antidepresivo\" data-vars-post-url=\"https:\/\/www.directoalpaladar.com\/salud\/perder-peso-ozempic-no-solo-seguro-para-personas-enfermedades-mentales-tambien-podria-tener-efecto-antidepresivo\" rel=\"nofollow noopener\" target=\"_blank\">Ozempic<\/a> pueden ser una ayuda, pero no bastan para revertir el problema.<\/p>\n<p>El documento, publicado este 1 de diciembre <a rel=\"noopener, noreferrer nofollow\" href=\"https:\/\/jamanetwork.com\/journals\/jama\/fullarticle\/2842199?guestAccessKey=c54b0a37-ccd5-4ecc-b541-764413e030c5&amp;\" target=\"_blank\">en la revista JAMA<\/a> (Journal of the American Medical Association), considera la obesidad como una<strong> enfermedad cr\u00f3nica <\/strong>cada vez m\u00e1s extendida y recurrente que afecta a personas de todas las edades, sexo y cultura, que conlleva tratamientos de por vida al afectar a distintos aspectos de la salud y la vida diaria. As\u00ed, consideran que los f\u00e1rmacos GLP-1 pueden ser una gran ayuda para combatir esta epidemia, pero <strong>combinados con otras terapias<\/strong> de tipo conductual para potenciar sus beneficios.<\/p>\n<p>\u201cAunque la medicaci\u00f3n por s\u00ed sola <strong>no resolver\u00e1 esta crisis sanitaria<\/strong>, las terapias GLP-1 pueden ayudar a millones a superar la obesidad y reducir sus da\u00f1os asociados\u201d, <a rel=\"noopener, noreferrer nofollow\" href=\"https:\/\/jamanetwork.com\/journals\/jama\/fullarticle\/2842199?guestAccessKey=c54b0a37-ccd5-4ecc-b541-764413e030c5&amp;\" target=\"_blank\">ha se\u00f1alado<\/a> Tedros Adhanom Ghebreyesus, director general de la organizaci\u00f3n.<\/p>\n<p>    <a href=\"https:\/\/www.directoalpaladar.com\/salud\/dieta-ozempic-nueva-alternativa-natural-que-gana-adeptos-para-perder-peso-acudir-al-farmaco\" class=\"pivot-outboundlink\" data-vars-post-title=\"Dieta &quot;Ozempic&quot;, la nueva alternativa natural que gana adeptos para perder peso sin pinchazos ni pastillas\" rel=\"nofollow noopener\" target=\"_blank\"><br \/>\n     <img loading=\"lazy\" decoding=\"async\" alt=\"Dieta &quot;Ozempic&quot;, la nueva alternativa natural que gana adeptos para perder peso sin pinchazos ni pastillas\" width=\"375\" height=\"142\" src=\"https:\/\/www.europesays.com\/es\/wp-content\/uploads\/2025\/12\/1764704896_522_375_142.jpeg\"\/><br \/>\n    <\/a><\/p>\n<p>Tras incluir a los medicamentos tipo Ozempic, Wegony o Mounjaro en la Lista de Medicamentos Esenciales para la diabetes tipo 2 en grupos de alto riesgo, ahora la OMS se dirige a orientar sobre su utilizaci\u00f3n como terapia para adelgazar en personas con obesidad. Sus directrices se basan en dos aspectos clave: su utilizaci\u00f3n en <strong>adultos<\/strong>, excepto embarazadas, como tratamiento <strong>prolongado <\/strong>bajo supervisi\u00f3n m\u00e9dica, y que este se acompa\u00f1e de<strong> intervenciones conductuales<\/strong> intensivas. Es decir, recomiendan combinar los f\u00e1rmacos con cambios en la dieta y en el estilo de vida.<\/p>\n<p>Son dos claves que van de la mano, ya que los propios medicamentos facilitan que los pacientes reduzcan la ingesta de alimentos y reeduquen sus gustos, ayud\u00e1ndoles tambi\u00e9n a practicar m\u00e1s ejercicio y a mantenerse m\u00e1s activos.<\/p>\n<p>Sin embargo, la OMS tambi\u00e9n insiste en que la medicaci\u00f3n por s\u00ed sola no puede resolver la carga global de obesidad, y admite que sigue habiendo <strong>dudas<\/strong><strong> <\/strong>sobre la seguridad y el mantenimiento de estos tratamientos a largo plazo, con problemas como el alto coste de los mismos y su disponibilidad.<\/p>\n<p>                   <img class=\"centro_sinmarco\" height=\"300\" width=\"800\" loading=\"lazy\" decoding=\"async\"  fetchpriority=\"high\"  src=\"https:\/\/www.europesays.com\/es\/wp-content\/uploads\/2025\/12\/1764704897_195_450_1000.jpeg\" alt=\"Semaglutida\"\/><\/p>\n<p>Los autores del documento concluyen que todos los pa\u00edses \u201cdeben garantizar un acceso equitativo no solo a una gesti\u00f3n integral de enfermedades, sino tambi\u00e9n a <strong>pol\u00edticas e intervenciones<\/strong> de promoci\u00f3n y prevenci\u00f3n de la salud dirigidas a la poblaci\u00f3n general y a quienes est\u00e1n en alto riesgo\u201d. Si no se acompa\u00f1a el uso de estas terapias de pol\u00edticas adecuadas, podr\u00edan aumentar las desigualdades sanitarias a nivel global.<\/p>\n<p>Esta gu\u00eda de directrices se ir\u00e1 <strong>actualizando<\/strong> continuamente a medida que aumente la evidencia cient\u00edfica en torno al uso de estos f\u00e1rmacos y sus tratamientos asociados.<\/p>\n<p>Im\u00e1genes |\u00a0Flickr\/\u00a0<a rel=\"noopener, noreferrer nofollow\" href=\"https:\/\/www.flickr.com\/photos\/dennissylvesterhurd\/54093131965\/\" target=\"_blank\">Dennis Sylvester Hurd<\/a>\/<a rel=\"noopener, noreferrer nofollow\" href=\"https:\/\/www.flickr.com\/photos\/89175420@N02\/\" target=\"_blank\">Ark. Agricultural Experiment Station<\/a><\/p>\n<p>En DAP |\u00a0<a class=\"text-outboundlink\" href=\"https:\/\/www.directoalpaladar.com\/salud\/no-solo-para-adelgazar-farmacos-tipo-ozempic-tienen-otro-beneficio-incluso-importante-que-puede-salvar-vidas\" data-vars-post-title=\"No solo para adelgazar: los f\u00e1rmacos tipo Ozempic tienen otro beneficio a\u00fan m\u00e1s importante, seg\u00fan un nuevo estudio\" data-vars-post-url=\"https:\/\/www.directoalpaladar.com\/salud\/no-solo-para-adelgazar-farmacos-tipo-ozempic-tienen-otro-beneficio-incluso-importante-que-puede-salvar-vidas\" target=\"_blank\" rel=\"nofollow noopener\">No solo para adelgazar: los f\u00e1rmacos tipo Ozempic tienen otro beneficio a\u00fan m\u00e1s importante, seg\u00fan un nuevo estudio<\/a><\/p>\n<p>En DAP |\u00a0<a class=\"text-outboundlink\" href=\"https:\/\/www.directoalpaladar.com\/salud\/semaglutida-medicamentos-para-adelgazar-como-ozempic-podria-tener-efectos-inesperados-musculos\" data-vars-post-title=\"Adelgazar con f\u00e1rmacos tipo Ozempic podr\u00eda tener un efecto secundario inesperado en los m\u00fasculos\" data-vars-post-url=\"https:\/\/www.directoalpaladar.com\/salud\/semaglutida-medicamentos-para-adelgazar-como-ozempic-podria-tener-efectos-inesperados-musculos\" target=\"_blank\" rel=\"nofollow noopener\">Adelgazar con f\u00e1rmacos tipo Ozempic podr\u00eda tener un efecto secundario inesperado en los m\u00fasculos<\/a><\/p>\n","protected":false},"excerpt":{"rendered":"Con los medicamentos para perder peso basados en la semaglutida ya plenamente asentados en la sociedad, es ahora&hellip;\n","protected":false},"author":2,"featured_media":267745,"comment_status":"","ping_status":"","sticky":false,"template":"","format":"standard","meta":{"footnotes":""},"categories":[92],"tags":[25,24,165,166,23],"class_list":{"0":"post-267744","1":"post","2":"type-post","3":"status-publish","4":"format-standard","5":"has-post-thumbnail","7":"category-salud","8":"tag-es","9":"tag-espana","10":"tag-health","11":"tag-salud","12":"tag-spain"},"share_on_mastodon":{"url":"https:\/\/pubeurope.com\/@es\/115651709118867518","error":""},"_links":{"self":[{"href":"https:\/\/www.europesays.com\/es\/wp-json\/wp\/v2\/posts\/267744","targetHints":{"allow":["GET"]}}],"collection":[{"href":"https:\/\/www.europesays.com\/es\/wp-json\/wp\/v2\/posts"}],"about":[{"href":"https:\/\/www.europesays.com\/es\/wp-json\/wp\/v2\/types\/post"}],"author":[{"embeddable":true,"href":"https:\/\/www.europesays.com\/es\/wp-json\/wp\/v2\/users\/2"}],"replies":[{"embeddable":true,"href":"https:\/\/www.europesays.com\/es\/wp-json\/wp\/v2\/comments?post=267744"}],"version-history":[{"count":0,"href":"https:\/\/www.europesays.com\/es\/wp-json\/wp\/v2\/posts\/267744\/revisions"}],"wp:featuredmedia":[{"embeddable":true,"href":"https:\/\/www.europesays.com\/es\/wp-json\/wp\/v2\/media\/267745"}],"wp:attachment":[{"href":"https:\/\/www.europesays.com\/es\/wp-json\/wp\/v2\/media?parent=267744"}],"wp:term":[{"taxonomy":"category","embeddable":true,"href":"https:\/\/www.europesays.com\/es\/wp-json\/wp\/v2\/categories?post=267744"},{"taxonomy":"post_tag","embeddable":true,"href":"https:\/\/www.europesays.com\/es\/wp-json\/wp\/v2\/tags?post=267744"}],"curies":[{"name":"wp","href":"https:\/\/api.w.org\/{rel}","templated":true}]}}