{"id":267765,"date":"2025-12-02T20:04:11","date_gmt":"2025-12-02T20:04:11","guid":{"rendered":"https:\/\/www.europesays.com\/es\/267765\/"},"modified":"2025-12-02T20:04:11","modified_gmt":"2025-12-02T20:04:11","slug":"este-es-el-motivo-de-su-intervencion","status":"publish","type":"post","link":"https:\/\/www.europesays.com\/es\/267765\/","title":{"rendered":"este es el motivo de su intervenci\u00f3n"},"content":{"rendered":"<p id=\"eg35hU6z1P\" data-wc=\"60\"><strong>\u00c1lvaro Mu\u00f1oz Escassi\u00a0<\/strong>ha vuelto a pasar por quir\u00f3fano. El jinete, de 52 a\u00f1os, ha sido intervenido de una <strong data-end=\"320\" data-start=\"300\">hernia umbilical<\/strong> en el Hospital Universitario San Francisco de As\u00eds, en Madrid. La noticia ha resultado totalmente inesperada, ya que en los actos p\u00fablicos a los que hab\u00eda asistido recientemente no hab\u00eda mencionado en ning\u00fan momento que tuviera problemas de salud.<\/p>\n<p> <img src=\"https:\/\/www.europesays.com\/es\/wp-content\/uploads\/2025\/12\/eb3ba5d9f108-dlu571092066.jpg\"   width=\"711\" height=\"1024\" loading=\"lazy\" decoding=\"async\" alt=\"Plano entero de \u00c1lvaro Mu\u00f1oz Escassi en el evento de Unicorn Content\" fetchpriority=\"auto\" class=\"image ho-image\"\/>\u00a9 Gtres<\/p>\n<p id=\"esn9t-OdS_3\" data-wc=\"57\">Afortunadamente, no se trata de una operaci\u00f3n grave. Este tipo de intervenciones permite corregir el bulto que aparece en la zona del abdomen y reforzar la pared muscular para evitar molestias futuras. Los m\u00e9dicos pueden realizarla mediante una incisi\u00f3n tradicional o con una t\u00e9cnica menos invasiva, dependiendo de cada caso y de la valoraci\u00f3n del equipo m\u00e9dico.<\/p>\n<p> <img src=\"https:\/\/www.europesays.com\/es\/wp-content\/uploads\/2025\/12\/b86a720d354e-dlu540090028.jpg\"   width=\"1080\" height=\"1080\" loading=\"lazy\" decoding=\"async\" alt=\"\u00c1lvaro Mu\u00f1oz Escassi en la presentaci\u00f3n de Masterchef Celebrity en el FesTVal de Vitoria\" fetchpriority=\"auto\" class=\"image ho-image\"\/>\u00a9 GTRES\u00c1lvaro Mu\u00f1oz Escassi en la presentaci\u00f3n de Masterchef Celebrity en el FesTVal de Vitoria<\/p>\n<p class=\"\" id=\"e60tDhkQ1E\" data-wc=\"87\">El pasado mes de septiembre, Escassi reapareci\u00f3 con muletas y confirm\u00f3 que hab\u00eda tenido que pasar por quir\u00f3fano para solucionar <a class=\"hm-link ho-link\" href=\"https:\/\/www.hola.com\/actualidad\/20250313819868\/alvaro-munoz-escassi-comparacion-supervivientes-2025-2009\/\" data-mrf-recirculation=\"article-body-link\" rel=\"nofollow noopener\" target=\"_blank\">la dolorosa lesi\u00f3n que arrastraba desde su paso por\u00a0Supervivientes<\/a>. \u00abMe han operado del menisco que me romp\u00ed en Honduras y es lo mejor que he hecho. Me pas\u00e9 todo el verano medio cojo y con dolor, una tragedia. Pero me han operado y estoy perfecto\u00bb, cont\u00f3 durante un torneo solidario de golf organizado por la Fundaci\u00f3n Cl\u00ednica Menorca para <a class=\"hm-link ho-link\" href=\"https:\/\/www.hola.com\/actualidad\/20230522232332\/alvaro-munoz-escassi-madre-fallece\/\" data-mrf-recirculation=\"article-body-link\" rel=\"nofollow noopener\" target=\"_blank\">recaudar fondos contra el c\u00e1ncer de mama<\/a>.\u00a0<\/p>\n<p> <img src=\"https:\/\/www.europesays.com\/es\/wp-content\/uploads\/2025\/12\/13557d2edfb7-dlu590721060.jpg\"   width=\"682\" height=\"1024\" loading=\"lazy\" decoding=\"async\" alt=\"\u00c1lvaro Mu\u00f1oz Escassi, durante la 24\u00aa edici\u00f3n de Golf Unidos contra el C\u00e1ncer de Mama, celebrada en Madrid el 11 de septiembre de 2025\" fetchpriority=\"auto\" class=\"image ho-image\"\/>\u00a9 GTRES\u00c1lvaro Mu\u00f1oz Escassi, durante la 24\u00aa edici\u00f3n de Golf Unidos contra el C\u00e1ncer de Mama, celebrada en Madrid el 11 de septiembre de 2025<\/p>\n<p class=\"\" id=\"etKY0JR5-y7\" data-wc=\"70\">El jinete explic\u00f3 entonces que la lesi\u00f3n fue m\u00e1s grave de lo que parec\u00eda. \u00ab<strong>Me romp\u00ed los dos<\/strong>, pero el que me dol\u00eda era el derecho. <strong>He estado todo el verano sufriendo<\/strong>, pero desde que me oper\u00e9 estoy nuevo\u00bb. Tan buena ha sido la intervenci\u00f3n que ni siquiera necesita rehabilitaci\u00f3n. \u00abPuedo andar perfecto, pero <strong>el m\u00e9dico me dijo que llevara muletas solo para acordarme de que me he operado<\/strong>\u00ab, brome\u00f3.r<\/p>\n","protected":false},"excerpt":{"rendered":"\u00c1lvaro Mu\u00f1oz Escassi\u00a0ha vuelto a pasar por quir\u00f3fano. El jinete, de 52 a\u00f1os, ha sido intervenido de una&hellip;\n","protected":false},"author":2,"featured_media":267766,"comment_status":"","ping_status":"","sticky":false,"template":"","format":"standard","meta":{"footnotes":""},"categories":[174],"tags":[517,3293,255,146,147,25,24,256,23],"class_list":{"0":"post-267765","1":"post","2":"type-post","3":"status-publish","4":"format-standard","5":"has-post-thumbnail","7":"category-famosos","8":"tag-actualidad","9":"tag-alvaro-munoz-escassi","10":"tag-celebrities","11":"tag-entertainment","12":"tag-entretenimiento","13":"tag-es","14":"tag-espana","15":"tag-famosos","16":"tag-spain"},"share_on_mastodon":{"url":"https:\/\/pubeurope.com\/@es\/115651770435055680","error":""},"_links":{"self":[{"href":"https:\/\/www.europesays.com\/es\/wp-json\/wp\/v2\/posts\/267765","targetHints":{"allow":["GET"]}}],"collection":[{"href":"https:\/\/www.europesays.com\/es\/wp-json\/wp\/v2\/posts"}],"about":[{"href":"https:\/\/www.europesays.com\/es\/wp-json\/wp\/v2\/types\/post"}],"author":[{"embeddable":true,"href":"https:\/\/www.europesays.com\/es\/wp-json\/wp\/v2\/users\/2"}],"replies":[{"embeddable":true,"href":"https:\/\/www.europesays.com\/es\/wp-json\/wp\/v2\/comments?post=267765"}],"version-history":[{"count":0,"href":"https:\/\/www.europesays.com\/es\/wp-json\/wp\/v2\/posts\/267765\/revisions"}],"wp:featuredmedia":[{"embeddable":true,"href":"https:\/\/www.europesays.com\/es\/wp-json\/wp\/v2\/media\/267766"}],"wp:attachment":[{"href":"https:\/\/www.europesays.com\/es\/wp-json\/wp\/v2\/media?parent=267765"}],"wp:term":[{"taxonomy":"category","embeddable":true,"href":"https:\/\/www.europesays.com\/es\/wp-json\/wp\/v2\/categories?post=267765"},{"taxonomy":"post_tag","embeddable":true,"href":"https:\/\/www.europesays.com\/es\/wp-json\/wp\/v2\/tags?post=267765"}],"curies":[{"name":"wp","href":"https:\/\/api.w.org\/{rel}","templated":true}]}}