{"id":267769,"date":"2025-12-02T20:07:10","date_gmt":"2025-12-02T20:07:10","guid":{"rendered":"https:\/\/www.europesays.com\/es\/267769\/"},"modified":"2025-12-02T20:07:10","modified_gmt":"2025-12-02T20:07:10","slug":"gh-20-anuncia-el-abandono-voluntario-de-inigo-por-motivos-personales-y-deja-en-shock-a-edurne-me-da-mucha-pena","status":"publish","type":"post","link":"https:\/\/www.europesays.com\/es\/267769\/","title":{"rendered":"&#8216;GH 20&#8217; anuncia el abandono voluntario de \u00cd\u00f1igo por \u00abmotivos personales\u00bb y deja en shock a Edurne: \u00abMe da mucha pena\u00bb"},"content":{"rendered":"<p class=\"article-text\">\n        Sorpresa en <strong>Gran Hermano<\/strong>. <strong>Telecinco <\/strong>ha anunciado en la tarde de este martes 2 de diciembre el <strong>abandono voluntario <\/strong>de <strong>\u00cd\u00f1igo Tina<\/strong>, uno de los concursantes de <strong>GH 20.<\/strong> El vasco ha causado baja en el reality de <strong>Mediaset <\/strong>producido por <strong>Zeppelin TV<\/strong>, seg\u00fan aseguran los responsables del formato, \u201cpor asuntos personales ajenos al programa\u201d.\n    <\/p>\n<p>    <a href=\"https:\/\/www.eldiario.es\/vertele\/noticias\/gh-20-salvo-nominados-dio-informacion-exterior-anabel-pantoja-metio-violeta-edi_1_12809471.html\" data-mrf-recirculation=\"saber-mas\" data-dl-event=\"saber-mas\" rel=\"nofollow noopener\" target=\"_blank\"><\/p>\n<p class=\"know-more__title\">&#8216;GH 20&#8217; salv\u00f3 a uno de los nominados, dio informaci\u00f3n del exterior sobre Anabel Pantoja y meti\u00f3 a Violeta y Edi<\/p>\n<p>            <img decoding=\"async\" class=\"lazy\" loading=\"lazy\" data-src=\"https:\/\/static.eldiario.es\/clip\/4569a8a9-47d1-493d-a93e-2179cb3c3cdf_16-9-aspect-ratio_default_0.jpg\" src=\"data:image\/svg+xml,%3Csvg xmlns=\" http:=\"\" viewbox=\"0 0 880 495\" alt=\"'GH 20' salv\u00f3 a uno de los nominados, dio informaci\u00f3n del exterior sobre Anabel Pantoja y meti\u00f3 a Violeta y Edi\"\/><\/p>\n<p>                        <\/a><\/p>\n<p class=\"article-text\">\n        <strong>\u201cComunicamos la baja de I\u00f1igo Tina como concursante de <\/strong><strong> por asuntos personales, ajenos al programa. I\u00f1igo finaliza su participaci\u00f3n a todos los efectos\u201d<\/strong>, confirmaba el breve mensaje compartido en redes por las cuentas oficiales del reality, que no proporciona m\u00e1s informaci\u00f3n sobre los motivos que han llevado al participante a tomar esta dr\u00e1stica decisi\u00f3n.\n    <\/p>\n<p class=\"article-text\">\n        Minutos despu\u00e9s de lanzar el comunicado, Gran Hermano daba la noticia en la casa ubicada ahora en el municipio madrile\u00f1o de Tres Cantos a trav\u00e9s del S\u00faper: \u201cOs he juntado a todos en el sal\u00f3n porque quiero comunicaros que vuestro compa\u00f1ero <strong>\u00cd\u00f1igo ha causado baja en el programa por asuntos personales<\/strong>\u201d, expres\u00f3 la voz del responsable, dejando a todos en shock.\n    <\/p>\n<p class=\"article-text\">\n        Ante las preguntas de los habitantes de la casa, el S\u00faper confirm\u00f3 que es una marcha definitiva y pidi\u00f3 que le hicieran la maleta, ya que \u00e9l no iba a volver a entrar para despedirse. <strong>\u201cNo hag\u00e1is c\u00e1balas, no imagin\u00e9is, no invent\u00e9is. Os insisto, \u00e9l se encuentra bien. No hagamos especulaciones que no nos llevan a ning\u00fan sitio<\/strong>. Nosotros tenemos que seguir con el programa y como \u00e9l dice, buenos deseos para todos vosotros\u201d, sentenci\u00f3 la voz antes de que todos estallaran en un sonoro aplauso de \u00e1nimo hacia su compa\u00f1ero.\n    <\/p>\n<blockquote class=\"twitter-tweet\" data-lang=\"es\"><p><a href=\"https:\/\/twitter.com\/X\/status\/1995915748200284382?ref_src=twsrc%5Etfw\" rel=\"nofollow noopener\" target=\"_blank\"><\/p><\/blockquote>\n<blockquote class=\"twitter-tweet\" data-lang=\"es\"><p><a href=\"https:\/\/twitter.com\/X\/status\/1995926780516180206?ref_src=twsrc%5Etfw\" rel=\"nofollow noopener\" target=\"_blank\"><\/p><\/blockquote>\n<p>    Edurne, en shock tras la marcha de \u00cd\u00f1igo<\/p>\n<p class=\"article-text\">\n        Tras saber la notica, Edurne se qued\u00f3 especialmente tocada, ya que \u00cd\u00f1igo se hab\u00eda convertido en uno de sus principales apoyo en estas primeras semanas de convivencia.<strong> \u201cMe da mucha pena porque todos entramos aqu\u00ed por un sue\u00f1o y tener que irte por algo de fuera&#8230;\u201d<\/strong>, dijo la joven entre l\u00e1grimas, apuntando a que pudiera tratarse de un tema familiar.\n    <\/p>\n<p>    <a href=\"https:\/\/www.eldiario.es\/vertele\/noticias\/mediaset-anuncia-campanadas-2025-2026-formigal-aclara-reloj-uvas_1_12814533.html\" data-mrf-recirculation=\"saber-mas-abajo\" data-dl-event=\"saber-mas-abajo\" rel=\"nofollow noopener\" target=\"_blank\"><\/p>\n<p class=\"know-more__title\">Mediaset anuncia que sus Campanadas 2025-2026 ser\u00e1n en Formigal, y aclara qu\u00e9 reloj marcar\u00e1 el ritmo de las uvas\n<\/p>\n<p>            <img decoding=\"async\" class=\"lazy\" loading=\"lazy\" data-src=\"https:\/\/static.eldiario.es\/clip\/3be7510a-e2cf-4903-966f-4d24f35ac9be_16-9-aspect-ratio_default_0.jpg\" src=\"data:image\/svg+xml,%3Csvg xmlns=\" http:=\"\" viewbox=\"0 0 880 495\" alt=\"Mediaset anuncia que sus Campanadas 2025-2026 ser\u00e1n en Formigal, y aclara qu\u00e9 reloj marcar\u00e1 el ritmo de las uvas\"\/><\/p>\n<p>                        <\/a><\/p>\n<p class=\"article-text\">\n        Poco despu\u00e9s, Edurne aprovechaba que estaban haci\u00e9ndole la maleta a \u00cd\u00f1igo para meterle dentro un objeto personal suyo como regalo para que se acordase de ella. El incipiente romance entre los concursantes hab\u00eda sido hasta ahora uno de los principales focos de inter\u00e9s e esta edici\u00f3n del reality, que desde hace unos d\u00edas <a href=\"https:\/\/www.eldiario.es\/vertele\/audiencias-tv\/domingo-30-noviembre-2025-debates-8-la-isla-de-las-tentaciones-gh-20-firman-pobre-noche-cerrar-debil-mes-telecinco_1_12809736.html\" target=\"_blank\" data-mrf-recirculation=\"links-noticia\" class=\"link\" rel=\"nofollow noopener\">encadena varios m\u00ednimos hist\u00f3ricos de audiencia<\/a>. Habr\u00e1 que esperar para ver qu\u00e9 consecuencias tiene esta inesperada baja.\n    <\/p>\n<p>                                    <script async src=\"https:\/\/platform.twitter.com\/widgets.js\" charset=\"utf-8\"><\/script><\/p>\n","protected":false},"excerpt":{"rendered":"Sorpresa en Gran Hermano. Telecinco ha anunciado en la tarde de este martes 2 de diciembre el abandono&hellip;\n","protected":false},"author":2,"featured_media":267770,"comment_status":"","ping_status":"","sticky":false,"template":"","format":"standard","meta":{"footnotes":""},"categories":[171],"tags":[4248,9731,4187,7164,51,16836,146,147,25,24,37023,5178,12408,4877,37733,6745,23,214,12590],"class_list":{"0":"post-267769","1":"post","2":"type-post","3":"status-publish","4":"format-standard","5":"has-post-thumbnail","7":"category-tv","8":"tag-4248","9":"tag-abandono","10":"tag-anuncia","11":"tag-da","12":"tag-deja","13":"tag-edurne","14":"tag-entertainment","15":"tag-entretenimiento","16":"tag-es","17":"tag-espana","18":"tag-gh","19":"tag-inigo","20":"tag-motivos","21":"tag-pena","22":"tag-personales","23":"tag-shock","24":"tag-spain","25":"tag-tv","26":"tag-voluntario"},"share_on_mastodon":{"url":"https:\/\/pubeurope.com\/@es\/115651782094162569","error":""},"_links":{"self":[{"href":"https:\/\/www.europesays.com\/es\/wp-json\/wp\/v2\/posts\/267769","targetHints":{"allow":["GET"]}}],"collection":[{"href":"https:\/\/www.europesays.com\/es\/wp-json\/wp\/v2\/posts"}],"about":[{"href":"https:\/\/www.europesays.com\/es\/wp-json\/wp\/v2\/types\/post"}],"author":[{"embeddable":true,"href":"https:\/\/www.europesays.com\/es\/wp-json\/wp\/v2\/users\/2"}],"replies":[{"embeddable":true,"href":"https:\/\/www.europesays.com\/es\/wp-json\/wp\/v2\/comments?post=267769"}],"version-history":[{"count":0,"href":"https:\/\/www.europesays.com\/es\/wp-json\/wp\/v2\/posts\/267769\/revisions"}],"wp:featuredmedia":[{"embeddable":true,"href":"https:\/\/www.europesays.com\/es\/wp-json\/wp\/v2\/media\/267770"}],"wp:attachment":[{"href":"https:\/\/www.europesays.com\/es\/wp-json\/wp\/v2\/media?parent=267769"}],"wp:term":[{"taxonomy":"category","embeddable":true,"href":"https:\/\/www.europesays.com\/es\/wp-json\/wp\/v2\/categories?post=267769"},{"taxonomy":"post_tag","embeddable":true,"href":"https:\/\/www.europesays.com\/es\/wp-json\/wp\/v2\/tags?post=267769"}],"curies":[{"name":"wp","href":"https:\/\/api.w.org\/{rel}","templated":true}]}}