{"id":267777,"date":"2025-12-02T20:11:21","date_gmt":"2025-12-02T20:11:21","guid":{"rendered":"https:\/\/www.europesays.com\/es\/267777\/"},"modified":"2025-12-02T20:11:21","modified_gmt":"2025-12-02T20:11:21","slug":"la-vacuna-el-herpes-tambien-retrasa-al-alzheimer-en-personas-ya-diagnosticadas","status":"publish","type":"post","link":"https:\/\/www.europesays.com\/es\/267777\/","title":{"rendered":"La vacuna el herpes tambi\u00e9n retrasa al alzh\u00e9imer en personas ya diagnosticadas"},"content":{"rendered":"<p style=\"\">En el a\u00f1o 2013, el<strong> gobierno de Gales<\/strong> inici\u00f3 un programa de vacunaci\u00f3n con la vacuna contra el herpes z\u00f3ster, el mismo virus que causa la varicela, para cualquier persona nacida el 2 de septiembre de 1933 o despu\u00e9s, es decir de 79  &#8230; a\u00f1os o menores. Los mayores de 80 a\u00f1os quedaron excluidos del programa.<\/p>\n<p class=\"voc-p\" style=\"\">Esta inusual pol\u00edtica de salud p\u00fablica en Gales, seg\u00fan se public\u00f3 en publica en la revista &#8216;<a href=\"https:\/\/www.nature.com\/\" target=\"_self\" data-voc-vtm-id=\"in-text-traffic\" title=\"Nature\" data-mrf-link=\"www.nature.com\" rel=\"nofollow noopener\">Nature<\/a>&#8216;, produjo la evidencia m\u00e1s s\u00f3lida hasta la fecha de que una vacuna puede reducir el riesgo de demencia ya que desvel\u00f3 que las personas que recibieron la vacuna contra el herpes z\u00f3ster tuvieron un 20% menos de probabilidad de desarrollar demencia en los siguientes siete a\u00f1os que quienes no la recibieron.<\/p>\n<p class=\"voc-p\" style=\"\">Los hallazgos respaldaron la teor\u00eda de que los virus que afectan al sistema nervioso pueden aumentar el riesgo de demencia. <\/p>\n<p class=\"voc-p\" style=\"\">Ahora, otro estudio que se publica en &#8216;<a href=\"https:\/\/www.cell.com\/\" target=\"_self\" data-voc-vtm-id=\"in-text-traffic\" title=\"Cell\" data-mrf-link=\"www.cell.com\" rel=\"nofollow noopener\">Cell<\/a>&#8216; va un m\u00e1s all\u00e1. La vacuna confiere una protecci\u00f3n que se extend\u00eda a todas las etapas de la enfermedad.<\/p>\n<p class=\"voc-p\" style=\"\">As\u00ed, las personas vacunadas ten\u00edan menos probabilidades de ser diagnosticadas con deterioro cognitivo leve, pero entre quienes ya padec\u00edan demencia al inicio del estudio, solo alrededor del 30% de los vacunados falleci\u00f3 por la enfermedad, frente a casi la mitad de los no vacunados.<\/p>\n<p class=\"voc-p\" style=\"\">Esto sugiere que la vacuna podr\u00eda <strong>tener beneficios terap\u00e9uticos, no solo preventivos<\/strong>.<\/p>\n<p class=\"voc-p\" style=\"\">El herpes z\u00f3ster, causado por el virus varicela-z\u00f3ster, permanece latente durante d\u00e9cadas en las c\u00e9lulas nerviosas tras una infecci\u00f3n infantil de varicela. En personas mayores o inmunodeprimidas, el virus puede reactivarse y provocar un brote doloroso. Mientras tanto, la demencia contin\u00faa siendo un problema de salud global: afecta a m\u00e1s de 55 millones de personas y suma 10 millones de nuevos casos al a\u00f1o.<\/p>\n<p class=\"voc-p\" style=\"\">Durante d\u00e9cadas, la investigaci\u00f3n se ha centrado en las placas y ovillos caracter\u00edsticos del alzh\u00e9imer. Sin embargo, el avance limitado en prevenci\u00f3n y tratamiento ha impulsado nuevas l\u00edneas de investigaci\u00f3n que exploran el papel de ciertas infecciones virales.<\/p>\n<p>\nMejor en mujeres\n<\/p>\n<p class=\"voc-p\" style=\"\">Adem\u00e1s, el estudio hall\u00f3 que la protecci\u00f3n frente a la demencia era mucho m\u00e1s marcada en mujeres que en hombres, posiblemente debido a diferencias inmunol\u00f3gicas o a una mayor prevalencia de herpes z\u00f3ster en mujeres.<\/p>\n<p class=\"voc-p\" style=\"\">A\u00fan se desconocen los mecanismos exactos: si la vacuna act\u00faa reduciendo reactivaciones virales, estimulando el sistema inmunitario o mediante otro proceso.<\/p>\n<p class=\"voc-p\" style=\"\">No est\u00e1 claro si la versi\u00f3n m\u00e1s reciente de la vacuna \u2014basada en prote\u00ednas virales y m\u00e1s eficaz contra el herpes z\u00f3ster\u2014 ofrecer\u00e1 el mismo nivel de protecci\u00f3n frente a la demencia.<\/p>\n<p class=\"voc-p\" style=\"\">El equipo ha replicado los resultados en datos de Inglaterra, Australia, Nueva Zelanda y Canad\u00e1, y ahora busca financiaci\u00f3n para realizar un ensayo cl\u00ednico aleatorizado que proporcione evidencia definitiva.<\/p>\n<p class=\"voc-p\" style=\"\">\u00abEs un ensayo sencillo, con una intervenci\u00f3n segura. Y los resultados podr\u00edan verse r\u00e1pidamente: en Gales, las curvas de incidencia comenzaron a separarse en apenas 18 meses\u00bb, apunta <strong>Pascal Geldsetzer<\/strong>, director del proyecto.<\/p>\n","protected":false},"excerpt":{"rendered":"En el a\u00f1o 2013, el gobierno de Gales inici\u00f3 un programa de vacunaci\u00f3n con la vacuna contra el&hellip;\n","protected":false},"author":2,"featured_media":267778,"comment_status":"","ping_status":"","sticky":false,"template":"","format":"standard","meta":{"footnotes":""},"categories":[92],"tags":[3350,35122,25,24,165,6298,3477,39575,166,23,8177],"class_list":{"0":"post-267777","1":"post","2":"type-post","3":"status-publish","4":"format-standard","5":"has-post-thumbnail","7":"category-salud","8":"tag-alzheimer","9":"tag-diagnosticadas","10":"tag-es","11":"tag-espana","12":"tag-health","13":"tag-herpes","14":"tag-personas","15":"tag-retrasa","16":"tag-salud","17":"tag-spain","18":"tag-vacuna"},"share_on_mastodon":{"url":"https:\/\/pubeurope.com\/@es\/115651797680121109","error":""},"_links":{"self":[{"href":"https:\/\/www.europesays.com\/es\/wp-json\/wp\/v2\/posts\/267777","targetHints":{"allow":["GET"]}}],"collection":[{"href":"https:\/\/www.europesays.com\/es\/wp-json\/wp\/v2\/posts"}],"about":[{"href":"https:\/\/www.europesays.com\/es\/wp-json\/wp\/v2\/types\/post"}],"author":[{"embeddable":true,"href":"https:\/\/www.europesays.com\/es\/wp-json\/wp\/v2\/users\/2"}],"replies":[{"embeddable":true,"href":"https:\/\/www.europesays.com\/es\/wp-json\/wp\/v2\/comments?post=267777"}],"version-history":[{"count":0,"href":"https:\/\/www.europesays.com\/es\/wp-json\/wp\/v2\/posts\/267777\/revisions"}],"wp:featuredmedia":[{"embeddable":true,"href":"https:\/\/www.europesays.com\/es\/wp-json\/wp\/v2\/media\/267778"}],"wp:attachment":[{"href":"https:\/\/www.europesays.com\/es\/wp-json\/wp\/v2\/media?parent=267777"}],"wp:term":[{"taxonomy":"category","embeddable":true,"href":"https:\/\/www.europesays.com\/es\/wp-json\/wp\/v2\/categories?post=267777"},{"taxonomy":"post_tag","embeddable":true,"href":"https:\/\/www.europesays.com\/es\/wp-json\/wp\/v2\/tags?post=267777"}],"curies":[{"name":"wp","href":"https:\/\/api.w.org\/{rel}","templated":true}]}}