{"id":267786,"date":"2025-12-02T20:16:18","date_gmt":"2025-12-02T20:16:18","guid":{"rendered":"https:\/\/www.europesays.com\/es\/267786\/"},"modified":"2025-12-02T20:16:18","modified_gmt":"2025-12-02T20:16:18","slug":"la-audiencia-nacional-envia-a-prision-al-lider-de-the-base-en-espana","status":"publish","type":"post","link":"https:\/\/www.europesays.com\/es\/267786\/","title":{"rendered":"La Audiencia Nacional env\u00eda a prisi\u00f3n al l\u00edder de The Base en Espa\u00f1a"},"content":{"rendered":"<p>El juez de la <strong>Audiencia Nacional<\/strong> Antonio Pi\u00f1a ha decretado el ingreso en prisi\u00f3n provisional y sin fianza para el presunto l\u00edder de la primera c\u00e9lula en Espa\u00f1a de la <strong>organizaci\u00f3n <\/strong>terrorista neonazi <strong>The Base, David Dionis Gand\u00eda<\/strong>, que fue detenido este lunes en Castell\u00f3n junto a otros dos integrantes del grupo. <\/p>\n<p>El titular del Juzgado Central de Instrucci\u00f3n n\u00famero 6 ha adoptado esta decisi\u00f3n en un auto de este martes al que ha tenido acceso RTVE. El magistrado ha detallado que la Fiscal\u00eda solicit\u00f3 su ingreso en prisi\u00f3n al considerar \u00ab<strong>la existencia de indicios de la posible comisi\u00f3n de los delitos que imputa<\/strong> y la concurrencia de los fines constitucionales legitimadores de la misma\u00bb. En concreto, el Ministerio P\u00fablico le imputa los delitos de a existencia de indicios de la posible comisi\u00f3n de los delitos que imputa y la concurrencia de los fines constitucionales legitimadores de la misma<\/p>\n<p>Por su parte, el abogado del l\u00edder neonazi hab\u00eda solicitado la libertad provisional de su cliente y, en su caso, la adopci\u00f3n de <strong>medidas cautelares menos gravosas<\/strong>. Sin embargo, el juez considera procedente su ingreso en prisi\u00f3n provisional ante el riesgo de fuga, de reiteraci\u00f3n delictiva y ante \u00abla posibilidad de incidir sobre las fuentes de prueba, dado el car\u00e1cter jerarquizado de la organizaci\u00f3n criminal y <strong>su papel prioritario dentro de la misma<\/strong>\u00ab.<\/p>\n<p>En contacto con el l\u00edder internacional de The Base<\/p>\n<p>Seg\u00fan ha detallado el auto, Dionis Garc\u00eda lidera la c\u00e9lula de la organizaci\u00f3n terrorista The Base en Espa\u00f1a y est\u00e1 \u00abdirigiendo la <strong>implantaci\u00f3n y consolidaci\u00f3n de esta en nuestro pa\u00eds<\/strong>\u00ab. Esta persona ha realizado una continua labor de \u00abcaptaci\u00f3n y adoctrinamiento en los postulados ideol\u00f3gicos de la organizaci\u00f3n terrorista \u00abThe Base\u00bb, su ideario de odio, extremista y violento\u00bb, ha subrayado el magistrado, al tiempo que destaca que el objetivo es lo que ellos denominan \u00ab<strong>lucha por la secesi\u00f3n blanca<\/strong>\u00ab. <\/p>\n<p>De hecho, ha estado en contacto directo con el l\u00edder internacional de The Base, seg\u00fan \u00e9l mismo ha manifestado, \u00ablo que demuestra su <strong>adhesi\u00f3n a los objetivos y fines<\/strong>\u00bb de la organizaci\u00f3n terrorista, como es la creaci\u00f3n de c\u00e9lulas denominadas \u00abunidades insurgentes\u00bb que, con encubrimiento y medidas de seguridad, realizan \u00abataques selectivos para desestabilizar los Estados en los que se encuentran incardinadas\u00bb.<\/p>\n<p>Con todo ello, el l\u00edder espa\u00f1ol de The Base es \u00ab<strong>conocedor<\/strong>\u00ab, seg\u00fan ha asegurado el juez, de la consideraci\u00f3n de esta <strong>organizaci\u00f3n como entidad terrorista a nivel europeo<\/strong> y \u00abasume y acepta las consecuencias jur\u00eddicas y penales que tiene la pertenencia a la misma, lo cual no solo ha aceptado, sino que ha hecho como propio\u00bb.<\/p>\n<p>Campa\u00f1a de \u00abcaptaci\u00f3n y adoctrinamiento continuo\u00bb<\/p>\n<p>Como m\u00e1ximo dirigente de la organizaci\u00f3n terrorista en Espa\u00f1a, Dionis ha realizado \u00ab<strong>una continua labor de captaci\u00f3n y adoctrinamiento<\/strong> en los postulados ideol\u00f3gicos\u00bb de The Base.<\/p>\n<p>Asimismo, ha realizado <strong>labores de adiestramiento a terceras personas<\/strong>, mediante entrenamientos t\u00e1cticos con diversas clases de armas en los alrededores de su localidad de Castell\u00f3n, en los cuales se han observado a varias personas en sus pr\u00e1cticas.<\/p>\n<p>En este sentido, durante la investigaci\u00f3n se ha observado que ha realizado \u00ab<strong>un acopio anormal de diversos tipos de armas y objetos lesivos<\/strong>\u00ab, as\u00ed como de indumentaria paramilitar o \u00abmaterial m\u00e9dico de combate\u00bb. Este acopio \u00abno se ha quedado en el mero almacenaje de armas, principalmente armas blancas, sino que se ha observado la asiduidad con la que portan y utilizan este tipo de armas en v\u00eda p\u00fablica, lo que supone un <strong>peligro grave para la seguridad a\u00f1adido a su radicalidad y violencia<\/strong>\u00ab.<\/p>\n<p>Organizaci\u00f3n implicada en \u00abm\u00faltiples actos violentos\u00bb<\/p>\n<p>Junto a todo esto, tambi\u00e9n hay indicios de que habr\u00eda estado recibiendo financiaci\u00f3n de la organizaci\u00f3n internacional The Base y, asimismo, estar\u00eda financiando la actividad de la misma en <strong>Espa\u00f1a a trav\u00e9s del tr\u00e1fico de drogas a peque\u00f1a escala<\/strong> con coca\u00edna y marihuana.<\/p>\n<p>El detenido estar\u00eda tambi\u00e9n implicado \u00aben m\u00faltiples actos violentos\u00bb, como el que ha protagonizado junto a los otros dos presuntos integrantes de la c\u00e9lula tambi\u00e9n arrestados, Jes\u00fas Estrada y David Azor, con los que se desplaz\u00f3 en su veh\u00edculo a Madrid \u00aba <strong>fin de localizar y dar una paliza a una tercera persona por simple venganza<\/strong>\u00ab.<\/p>\n<p>Asimismo, Dionis habr\u00eda mostrado <strong>con \u00abasiduidad\u00bb su car\u00e1cter \u00abextremadamente violento\u00bb<\/strong> con incitaci\u00f3n a la violencia contra terceras personas, \u00ab<strong>dada su radicalidad manifestada<\/strong>, lo que \u00e9l mismo declara en conversaciones telef\u00f3nicas o mensajes publicados\u00bb.<\/p>\n","protected":false},"excerpt":{"rendered":"El juez de la Audiencia Nacional Antonio Pi\u00f1a ha decretado el ingreso en prisi\u00f3n provisional y sin fianza&hellip;\n","protected":false},"author":2,"featured_media":267787,"comment_status":"","ping_status":"","sticky":false,"template":"","format":"standard","meta":{"footnotes":""},"categories":[8],"tags":[17,18,25,24,13,14,11,19,20,9,10,15,16,23,12,21,22],"class_list":{"0":"post-267786","1":"post","2":"type-post","3":"status-publish","4":"format-standard","5":"has-post-thumbnail","7":"category-espana","8":"tag-breaking-news","9":"tag-breakingnews","10":"tag-es","11":"tag-espana","12":"tag-featured-news","13":"tag-featurednews","14":"tag-headlines","15":"tag-latest-news","16":"tag-latestnews","17":"tag-news","18":"tag-noticias","19":"tag-noticias-destacadas","20":"tag-noticiasdestacadas","21":"tag-spain","22":"tag-titulares","23":"tag-ultimas-noticias","24":"tag-ultimasnoticias"},"share_on_mastodon":{"url":"https:\/\/pubeurope.com\/@es\/115651817239375550","error":""},"_links":{"self":[{"href":"https:\/\/www.europesays.com\/es\/wp-json\/wp\/v2\/posts\/267786","targetHints":{"allow":["GET"]}}],"collection":[{"href":"https:\/\/www.europesays.com\/es\/wp-json\/wp\/v2\/posts"}],"about":[{"href":"https:\/\/www.europesays.com\/es\/wp-json\/wp\/v2\/types\/post"}],"author":[{"embeddable":true,"href":"https:\/\/www.europesays.com\/es\/wp-json\/wp\/v2\/users\/2"}],"replies":[{"embeddable":true,"href":"https:\/\/www.europesays.com\/es\/wp-json\/wp\/v2\/comments?post=267786"}],"version-history":[{"count":0,"href":"https:\/\/www.europesays.com\/es\/wp-json\/wp\/v2\/posts\/267786\/revisions"}],"wp:featuredmedia":[{"embeddable":true,"href":"https:\/\/www.europesays.com\/es\/wp-json\/wp\/v2\/media\/267787"}],"wp:attachment":[{"href":"https:\/\/www.europesays.com\/es\/wp-json\/wp\/v2\/media?parent=267786"}],"wp:term":[{"taxonomy":"category","embeddable":true,"href":"https:\/\/www.europesays.com\/es\/wp-json\/wp\/v2\/categories?post=267786"},{"taxonomy":"post_tag","embeddable":true,"href":"https:\/\/www.europesays.com\/es\/wp-json\/wp\/v2\/tags?post=267786"}],"curies":[{"name":"wp","href":"https:\/\/api.w.org\/{rel}","templated":true}]}}