{"id":267788,"date":"2025-12-02T20:18:24","date_gmt":"2025-12-02T20:18:24","guid":{"rendered":"https:\/\/www.europesays.com\/es\/267788\/"},"modified":"2025-12-02T20:18:24","modified_gmt":"2025-12-02T20:18:24","slug":"la-universidad-pablo-de-olavide-reconoce-el-talento-el-esfuerzo-y-el-compromiso-de-su-comunidad-en-la-v-gala-de-los-premios-del-deporte-dupo-diario-de-la-universidad-pablo-de-olav","status":"publish","type":"post","link":"https:\/\/www.europesays.com\/es\/267788\/","title":{"rendered":"La Universidad Pablo de Olavide reconoce el talento, el esfuerzo y el compromiso de su comunidad en la V Gala de los Premios del Deporte \u2013 DUPO \u2013 Diario de la Universidad Pablo de Olavide"},"content":{"rendered":"<p>                <a href=\"https:\/\/www.upo.es\/diario\/wp-content\/uploads\/2025\/12\/02122025-Gala-Premios-Deporte-2025-6956-scaled.jpg\" rel=\"nofollow noopener\" target=\"_blank\"><img loading=\"lazy\" decoding=\"async\" class=\"size-large wp-image-30889180\" src=\"https:\/\/www.europesays.com\/es\/wp-content\/uploads\/2025\/12\/02122025-Gala-Premios-Deporte-2025-6956-750x500.jpg\" alt=\"Foto de Familia de la V Gala de los Premios del Deporte de la UPO\" width=\"750\" height=\"500\"  \/><\/a>Foto de Familia de la V Gala de los Premios del Deporte de la UPO<\/p>\n<p>La Universidad Pablo de Olavide ha celebrado esta tarde su <strong>V Gala de los Premios del Deporte<\/strong>, un encuentro que realza un a\u00f1o m\u00e1s el esfuerzo, la dedicaci\u00f3n y los logros de la comunidad deportiva universitaria. Presidida por el Vicerrector de Campus Saludable y Deporte, Antonio Fern\u00e1ndez Mart\u00ednez, la ceremonia reuni\u00f3 a estudiantes, representantes institucionales y de entidades colaboradoras, as\u00ed como a personal de la UPO en un acto que volvi\u00f3 a reafirmar que \u2018La UPO es deporte\u2019.<\/p>\n<p>A lo largo del evento, la Universidad reconoci\u00f3 el compromiso de quienes combinan sus estudios con una trayectoria deportiva exigente, as\u00ed como el apoyo de entidades y personas que contribuyen al fomento de un campus saludable y activo. A trav\u00e9s del deporte, la Pablo de Olavide promueve bienestar, convivencia y la participaci\u00f3n en la vida universitaria.<\/p>\n<p>La gala comenz\u00f3 con la entrega de las <strong>Becas Santander\u2013UPO Sport Talent<\/strong>, que este a\u00f1o alcanzan su quinta edici\u00f3n. En total, se han concedido <strong>102 ayudas a 63 estudiantes reconocidos como deportistas de alto rendimiento<\/strong> por sus respectivas comunidades aut\u00f3nomas con competencia en materia deportiva y por el Ministerio de Educaci\u00f3n, Formaci\u00f3n Profesional y Deportes. Impulsadas por el Vicerrectorado de Campus Saludable y Deporte y el Vicerrectorado de Estudiantes, estas becas representan una apuesta firme por apoyar la carrera acad\u00e9mica y deportiva de j\u00f3venes que entrenan, compiten y se esfuerzan por superarse cada d\u00eda adem\u00e1s de formarse como universitarios y universitarias.<\/p>\n<p><a href=\"https:\/\/www.upo.es\/diario\/wp-content\/uploads\/2025\/12\/02122025-Gala-Premios-Deporte-2025-6808-scaled.jpg\" rel=\"nofollow noopener\" target=\"_blank\"><img loading=\"lazy\" decoding=\"async\" class=\"size-medium wp-image-30889181\" src=\"https:\/\/www.europesays.com\/es\/wp-content\/uploads\/2025\/12\/02122025-Gala-Premios-Deporte-2025-6808-420x280.jpg\" alt=\"Elisa Serafini, Iv\u00e1n Pesta\u00f1a y Jos\u00e9 Mar\u00eda Cantarero\" width=\"420\" height=\"280\"  \/><\/a>Elisa Serafini, Iv\u00e1n Pesta\u00f1a y Jos\u00e9 Mar\u00eda Cantarero<\/p>\n<p>La Universidad agradeci\u00f3 tambi\u00e9n el respaldo de empresas y entidades p\u00fablicas que hacen posible eventos como la Carrera Popular de la UPO o la participaci\u00f3n en competiciones universitarias. En esta edici\u00f3n, se distingui\u00f3 especialmente a <strong>BioDis Pharma Laboratorios<\/strong> y <strong>Serenissima Iberia<\/strong> por su apoyo continuado y su labor en la promoci\u00f3n de h\u00e1bitos de vida saludable. Durante 2025, el deporte universitario en la Olavide ha recibido asimismo el apoyo del \u00a0Ayuntamiento de Dos Hermanas, el Consejo Social de la UPO, Metro de Sevilla, Mercasevilla, El Corte Ingl\u00e9s, Coca-Cola, Cruzcampo, \u00a0C\u00edrculo del Porvenir Club Deportivo, Panader\u00eda Industrial Obando, Triangle Solutions,\u00a0 Diario de Sevilla, Radio Sevilla y Europa FM.<\/p>\n<p><strong>Jos\u00e9 Mar\u00eda Cantarero<\/strong>, CEO de BioDis Pharma, y <strong>\u00a0Elisa Serafini<\/strong> por parte de Serenissima Iberia, recogieron los premios de manos de <strong>Iv\u00e1n Pesta\u00f1a<\/strong>, presidente en funciones del Consejo Social de la Universidad Pablo de Olavide.<\/p>\n<p><a href=\"https:\/\/www.upo.es\/diario\/wp-content\/uploads\/2025\/12\/02122025-Gala-Premios-Deporte-2025-6836-scaled.jpg\" rel=\"nofollow noopener\" target=\"_blank\"><img loading=\"lazy\" decoding=\"async\" class=\"size-medium wp-image-30889182\" src=\"https:\/\/www.europesays.com\/es\/wp-content\/uploads\/2025\/12\/02122025-Gala-Premios-Deporte-2025-6836-420x280.jpg\" alt=\"Victoria Tirsa Herv\u00e1s y Sonia Castizo Vega\" width=\"420\" height=\"280\"  \/><\/a>Victoria Tirsa Herv\u00e1s y Sonia Castizo Vega<\/p>\n<p>Como parte del reconocimiento al conjunto de la comunidad universitaria, la UPO distingui\u00f3 este a\u00f1o a <strong>Sonia Castizo Vega<\/strong>, personal t\u00e9cnico de administraci\u00f3n de la Unidad de Recursos Humanos, por su labor en la organizaci\u00f3n de la <strong>Carrera Solidaria por los Derechos de la Infancia<\/strong>, evento que combina deporte, sensibilizaci\u00f3n y solidaridad, y que ha logrado congregar a m\u00e1s de mil participantes en Dos Hermanas para dar visibilidad a los menores que viven en centros de protecci\u00f3n en Andaluc\u00eda. Le entreg\u00f3 el premio Victoria Tirsa Herv\u00e1s, concejala de Deportes del Ayuntamiento nazareno.<\/p>\n<p><strong>\u00c9xitos en los Campeonatos Universitarios de Andaluc\u00eda y Espa\u00f1a<\/strong><\/p>\n<p>El deporte universitario ocup\u00f3 un lugar destacado en la Gala. <strong>Durante el curso 2024\/25 se alcanzaron doce medallas en los Campeonatos de Andaluc\u00eda Universitarios (CAU) y siete medallas en los Campeonatos de Espa\u00f1a Universitarios (CEU), con una participaci\u00f3n total de 134 estudiantes<\/strong>.<\/p>\n<p>La UPO premi\u00f3 por sus logros a deportistas de disciplinas como <strong>nataci\u00f3n, taekwondo, p\u00e1del, atletismo, f\u00fatbol y voleibol<\/strong>, con el fin de reconocer tanto las medallas como los valores inherentes a la competici\u00f3n universitaria, convivencia, respeto, trabajo en equipo y esp\u00edritu de superaci\u00f3n.<\/p>\n<p>Los Campeonatos de Espa\u00f1a Universitarios volvieron a situar el nombre de la Universidad Pablo de Olavide en el panorama deportivo nacional gracias a los \u00e9xitos de <strong>Julia Perales, Laura Rivera y Crist\u00f3bal P\u00e9rez<\/strong> (medallistas CEU de Bronce); <strong>Elena de la Rosa, Ainhona Garc\u00eda y Jes\u00fas G\u00f3mez<\/strong> (Plata); y los campeones de Espa\u00f1a <strong>David Barroso<\/strong>, en 800m lisos, y <strong>Alfonso D\u00edaz y Pablo Reina<\/strong>, pareja de p\u00e1del.<\/p>\n<p>La Universidad dedic\u00f3 un momento especial a <strong>Eva Berenjeno, destacada con el Premio Fair Play<\/strong>, otorgado por su ejemplo de deportividad, apoyo constante a sus compa\u00f1eras y compa\u00f1eros y por su contribuci\u00f3n al clima positivo en las competiciones.<\/p>\n<p><strong>David Barroso y Pablo Luque, medallistas internacionales<\/strong><br \/>\n<a href=\"https:\/\/www.upo.es\/diario\/wp-content\/uploads\/2025\/12\/02122025-Gala-Premios-Deporte-2025-6887-scaled.jpg\" rel=\"nofollow noopener\" target=\"_blank\"><img loading=\"lazy\" decoding=\"async\" class=\"size-large wp-image-30889183\" src=\"https:\/\/www.europesays.com\/es\/wp-content\/uploads\/2025\/12\/02122025-Gala-Premios-Deporte-2025-6887-350x525.jpg\" alt=\"David Barroso y Antonio Fern\u00e1ndez\" width=\"350\" height=\"525\"  \/><\/a>David Barroso y Antonio Fern\u00e1ndez<\/p>\n<p>Uno de los momentos m\u00e1s se\u00f1alados de la Gala fue el reconocimiento al notable debut internacional de la UPO en competiciones universitarias de \u00e1mbito europeo y mundial. <strong>Pablo Luque recogi\u00f3 su premio como campe\u00f3n de Europa<\/strong> <strong>universitario<\/strong> en la categor\u00eda de \u201354 kg en los Juegos Europeos EUSA 2025, celebrados en Varsovia; y <strong>David Barroso como campe\u00f3n del mundo universitario en 800 metros lisos en los Juegos Mundiales Universitarios FISU 2025<\/strong>, un logro hist\u00f3rico para la universidad obtenido en Bochum (Alemania).<\/p>\n<p>El acto reafirm\u00f3 el compromiso de la Universidad Pablo de Olavide con la promoci\u00f3n de la vida activa, la salud y el apoyo del talento deportivo. As\u00ed lo subray\u00f3 Antonio Fern\u00e1ndez Mart\u00ednez en el cierre de la gala, al destacar que \u00ab2025 ha sido un a\u00f1o fundamental para afianzar el proyecto deportivo que queremos para nuestra Universidad. Cada a\u00f1o son m\u00e1s los estudiantes que participan en las competiciones y en el programa UPO Sport Talent, hemos pasado de 29 deportistas DAN\/DAR a casi cien en cuatro a\u00f1os. <strong>Nuestro objetivo era y es que la Pablo de Olavide sea la Universidad p\u00fablica de los deportistas en Andaluc\u00eda. En gran medida es gracias a vosotros y vosotras, por eso reconocemos hoy vuestro esfuerzo<\/strong>\u00bb.<\/p>\n<blockquote>\n<p>\u201cEste a\u00f1o ha sido fundamental para afianzar el proyecto deportivo que queremos para nuestra Universidad\u201d<\/p>\n<\/blockquote>\n<p>Antonio Fern\u00e1ndez<\/p>\n<p><a href=\"https:\/\/www.upo.es\/diario\/wp-content\/uploads\/2025\/12\/02122025-Gala-Premios-Deporte-2025-6908-scaled.jpg\" rel=\"nofollow noopener\" target=\"_blank\"><img loading=\"lazy\" decoding=\"async\" class=\"alignleft size-large wp-image-30889185\" src=\"https:\/\/www.europesays.com\/es\/wp-content\/uploads\/2025\/12\/02122025-Gala-Premios-Deporte-2025-6908-350x525.jpg\" alt=\"Antonio Fern\u00e1ndez Mart\u00ednez\" width=\"350\" height=\"525\"  \/><\/a>El vicerrector de Campus Saludable y Deporte concluy\u00f3 con el agradecimiento a todas las entidades p\u00fablicas y privadas que han colaborado con la Olavide en la promoci\u00f3n del deporte y anunci\u00f3 que el campus acoger\u00e1 en 2026 el encuentro anual de la Red Europea para la Promoci\u00f3n del Deporte Universitario (ENAS Forum) y ser\u00e1 sede de Halterofilia y Triatl\u00f3n en los pr\u00f3ximos CEU. La gala finaliz\u00f3 con una presentaci\u00f3n art\u00edstica de twirling baton a cargo de Therese Correa.<\/p>\n","protected":false},"excerpt":{"rendered":"Foto de Familia de la V Gala de los Premios del Deporte de la UPO La Universidad Pablo&hellip;\n","protected":false},"author":2,"featured_media":267789,"comment_status":"","ping_status":"","sticky":false,"template":"","format":"standard","meta":{"footnotes":""},"categories":[5],"tags":[17,18,25,24,13,14,11,19,20,9,10,15,16,23,12,21,22],"class_list":{"0":"post-267788","1":"post","2":"type-post","3":"status-publish","4":"format-standard","5":"has-post-thumbnail","7":"category-titulares","8":"tag-breaking-news","9":"tag-breakingnews","10":"tag-es","11":"tag-espana","12":"tag-featured-news","13":"tag-featurednews","14":"tag-headlines","15":"tag-latest-news","16":"tag-latestnews","17":"tag-news","18":"tag-noticias","19":"tag-noticias-destacadas","20":"tag-noticiasdestacadas","21":"tag-spain","22":"tag-titulares","23":"tag-ultimas-noticias","24":"tag-ultimasnoticias"},"share_on_mastodon":{"url":"https:\/\/pubeurope.com\/@es\/115651827187445445","error":""},"_links":{"self":[{"href":"https:\/\/www.europesays.com\/es\/wp-json\/wp\/v2\/posts\/267788","targetHints":{"allow":["GET"]}}],"collection":[{"href":"https:\/\/www.europesays.com\/es\/wp-json\/wp\/v2\/posts"}],"about":[{"href":"https:\/\/www.europesays.com\/es\/wp-json\/wp\/v2\/types\/post"}],"author":[{"embeddable":true,"href":"https:\/\/www.europesays.com\/es\/wp-json\/wp\/v2\/users\/2"}],"replies":[{"embeddable":true,"href":"https:\/\/www.europesays.com\/es\/wp-json\/wp\/v2\/comments?post=267788"}],"version-history":[{"count":0,"href":"https:\/\/www.europesays.com\/es\/wp-json\/wp\/v2\/posts\/267788\/revisions"}],"wp:featuredmedia":[{"embeddable":true,"href":"https:\/\/www.europesays.com\/es\/wp-json\/wp\/v2\/media\/267789"}],"wp:attachment":[{"href":"https:\/\/www.europesays.com\/es\/wp-json\/wp\/v2\/media?parent=267788"}],"wp:term":[{"taxonomy":"category","embeddable":true,"href":"https:\/\/www.europesays.com\/es\/wp-json\/wp\/v2\/categories?post=267788"},{"taxonomy":"post_tag","embeddable":true,"href":"https:\/\/www.europesays.com\/es\/wp-json\/wp\/v2\/tags?post=267788"}],"curies":[{"name":"wp","href":"https:\/\/api.w.org\/{rel}","templated":true}]}}