{"id":267790,"date":"2025-12-02T20:23:12","date_gmt":"2025-12-02T20:23:12","guid":{"rendered":"https:\/\/www.europesays.com\/es\/267790\/"},"modified":"2025-12-02T20:23:12","modified_gmt":"2025-12-02T20:23:12","slug":"ana-botin-y-rafa-nadal-animan-a-los-jovenes-a-seguir-aprendiendo-para-afrontar-los-desafios-del-futuro","status":"publish","type":"post","link":"https:\/\/www.europesays.com\/es\/267790\/","title":{"rendered":"Ana Bot\u00edn y Rafa Nadal animan a los j\u00f3venes a seguir aprendiendo para afrontar los desaf\u00edos del futuro"},"content":{"rendered":"<p><b>Ana Bot\u00edn,<\/b> presidenta de Banco Santander y Universia, y el extenista <b>Rafa Nadal <\/b>han mantenido esta ma\u00f1ana un encuentro con 50 j\u00f3venes becados por el Santander para hablar de formaci\u00f3n, actitud, talento y los desaf\u00edos de un futuro marcado por la transformaci\u00f3n digital y la inteligencia artificial.<\/p>\n<p>El coloquio se ha celebrado en la Ciudad Grupo Santander, en el marco del Consejo de Universia Espa\u00f1a 2025, que ha reunido a rectores y representantes de las universidades espa\u00f1olas. <b>\u201cTienes delante a algunos de los mejores estudiantes del pa\u00eds, y todos compartimos contigo una apuesta firme por la educaci\u00f3n\u201d<\/b>, ha dicho Bot\u00edn a Nadal, destacando su labor en su fundaci\u00f3n y en la universidad que lleva su nombre.<\/p>\n<p>Los j\u00f3venes participantes les han lanzado preguntas sobre c\u00f3mo mantener la motivaci\u00f3n bajo presi\u00f3n, el valor del fracaso, consejos para el futuro o el papel de la formaci\u00f3n continua.<\/p>\n<p>En la celebraci\u00f3n posterior del Consejo, Ana Bot\u00edn ha celebrado los 25 a\u00f1os de Universia y ha anunciado que e<b>l banco volver\u00e1 a financiar con m\u00e1s de 2,5 millones de euros el programa de Becas Santander Microcredenciales<\/b>, que complementa al Plan Microcreds del Ministerio de Ciencia, Innovaci\u00f3n y Universidades.<\/p>\n<p><b> \u201cGracias a esta iniciativa, miles de personas podr\u00e1n acceder a formaci\u00f3n de corta duraci\u00f3n certificada, impartidapor universidades espa\u00f1olas, que les permite desarrollar nuevas competencias y mejorar su empleabilidad<\/b>\u201d, ha se\u00f1alado Ana Bot\u00edn, subrayando el valor de \u201cla cooperaci\u00f3n entre universidad, empresa y administraci\u00f3n p\u00fablica\u201d para afrontar los cambios del mercado laboral.<\/p>\n<p>Bot\u00edn ha reafirmado el compromiso del banco con la educaci\u00f3n, la empleabilidad y el emprendimiento, destacando que<b> en 2025, m\u00e1s de 5 millones de personas, empresas y universidades en todo el mundo han accedido a los programas, ayudas y contenidos formativos gratuitos<\/b> que ofrece Santander a trav\u00e9s de sus<\/p>\n<p>distintas plataformas Santander Open Academy, Santander X, Universia o sus apps acad\u00e9micas. Del total, cerca de 1,5 millones en Espa\u00f1a. Adem\u00e1s<b>, casi la mitad de las personas que se formaron con Santander Open Academy lo hicieron en \u00e1reas relacionadas con la tecnolog\u00eda y la inteligencia artificial.<\/b><\/p>\n<p>\u201cNi las universidades, ni las empresas, ni los gobiernos pueden responder por s\u00ed mismos a los desaf\u00edos que tenemos por delante. El crecimiento es urgente para dar respuesta a los retos que afronta la sociedad y requieren inversi\u00f3n y recursos que solo pueden venir de un mayor crecimiento que aumente la productividad y<\/p>\n<p>el empleo y que genere beneficios para seguir invirtiendo. Por eso, i<b>nvertir en educaci\u00f3n, investigaci\u00f3n e innovaci\u00f3n es apostar por el crecimiento y es la inversi\u00f3n m\u00e1s rentable que puede hacer una sociedad<\/b>\u201d, ha destacado Bot\u00edn.<\/p>\n<p>El Consejo ha concluido con un almuerzo institucional junto a los consejeros y Rafa Nadal, en una jornada que ha reforzado el compromiso del banco con las universidades, la formaci\u00f3n, el talento joven y la colaboraci\u00f3n p\u00fablico-privada como motor de crecimiento sostenible.<\/p>\n<p><b>Apuesta por la educaci\u00f3n<\/b><\/p>\n<p>Banco Santander mantiene una apuesta pionera y consolidada por <b>la educaci\u00f3n, la empleabilidad y el emprendimiento,<\/b> que desarrolla desde hace casi 30 a\u00f1os y le distingue del resto de entidades financieras del mundo. <b>Hasta el cierre de 2024, el banco hab\u00eda destinado m\u00e1s de 2.400 millones de euros<\/b> a estos fines y apoyado a m\u00e1s de 3,7 millones de personas y empresas a trav\u00e9s de acuerdos con m\u00e1s de 1.100 universidades y organizaciones. Adem\u00e1s, Santander ha sido reconocido como una de las empresas que m\u00e1s est\u00e1n contribuyendo a cambiar el mundo a mejor, seg\u00fan la lista de la revista Fortune \u00abChange the World\u00bb 2025 (www.santander.com\/universidades).<\/p>\n<p>A trav\u00e9s de <b>Universia<\/b>, plataforma digital abierta y gratuita, ofrece a universitarios y graduados acceso a ofertas de empleo y pr\u00e1cticas profesionales en Iberoam\u00e9rica. Y facilita que universidades y centros formativos acerquen su talento a las empresas. Cuenta con m\u00e1s de 130 portales de empleo en universidades, ha gestionado m\u00e1s de 100.800 ofertas de empleo publicadas de m\u00e1s de 3.800 empresas. Adem\u00e1s, es una de las redes universitarias m\u00e1s grandes del mundo formada por m\u00e1s de 500 instituciones de 8 pa\u00edses.<\/p>\n","protected":false},"excerpt":{"rendered":"Ana Bot\u00edn, presidenta de Banco Santander y Universia, y el extenista Rafa Nadal han mantenido esta ma\u00f1ana un&hellip;\n","protected":false},"author":2,"featured_media":267791,"comment_status":"","ping_status":"","sticky":false,"template":"","format":"standard","meta":{"footnotes":""},"categories":[274],"tags":[168,25,24,23,167,327,326],"class_list":{"0":"post-267790","1":"post","2":"type-post","3":"status-publish","4":"format-standard","5":"has-post-thumbnail","7":"category-tenis","8":"tag-deportes","9":"tag-es","10":"tag-espana","11":"tag-spain","12":"tag-sports","13":"tag-tenis","14":"tag-tennis"},"share_on_mastodon":{"url":"https:\/\/pubeurope.com\/@es\/115651844685217031","error":""},"_links":{"self":[{"href":"https:\/\/www.europesays.com\/es\/wp-json\/wp\/v2\/posts\/267790","targetHints":{"allow":["GET"]}}],"collection":[{"href":"https:\/\/www.europesays.com\/es\/wp-json\/wp\/v2\/posts"}],"about":[{"href":"https:\/\/www.europesays.com\/es\/wp-json\/wp\/v2\/types\/post"}],"author":[{"embeddable":true,"href":"https:\/\/www.europesays.com\/es\/wp-json\/wp\/v2\/users\/2"}],"replies":[{"embeddable":true,"href":"https:\/\/www.europesays.com\/es\/wp-json\/wp\/v2\/comments?post=267790"}],"version-history":[{"count":0,"href":"https:\/\/www.europesays.com\/es\/wp-json\/wp\/v2\/posts\/267790\/revisions"}],"wp:featuredmedia":[{"embeddable":true,"href":"https:\/\/www.europesays.com\/es\/wp-json\/wp\/v2\/media\/267791"}],"wp:attachment":[{"href":"https:\/\/www.europesays.com\/es\/wp-json\/wp\/v2\/media?parent=267790"}],"wp:term":[{"taxonomy":"category","embeddable":true,"href":"https:\/\/www.europesays.com\/es\/wp-json\/wp\/v2\/categories?post=267790"},{"taxonomy":"post_tag","embeddable":true,"href":"https:\/\/www.europesays.com\/es\/wp-json\/wp\/v2\/tags?post=267790"}],"curies":[{"name":"wp","href":"https:\/\/api.w.org\/{rel}","templated":true}]}}