{"id":267792,"date":"2025-12-02T20:26:15","date_gmt":"2025-12-02T20:26:15","guid":{"rendered":"https:\/\/www.europesays.com\/es\/267792\/"},"modified":"2025-12-02T20:26:15","modified_gmt":"2025-12-02T20:26:15","slug":"el-armani-milan-pierde-a-guduric-y-a-flaccadori-para-la-visita-al-kosner-baskonia","status":"publish","type":"post","link":"https:\/\/www.europesays.com\/es\/267792\/","title":{"rendered":"El Armani Mil\u00e1n pierde a Guduric y a Flaccadori para la visita al Kosner Baskonia"},"content":{"rendered":"<p>\n        El <strong>Armani Mil\u00e1n<\/strong>, que visita al <a href=\"https:\/\/www.noticiasdealava.eus\/baskonia\/\" title=\"Kosner Baskonia\" class=\"link copy\" rel=\"nofollow noopener\" target=\"_blank\">Kosner Baskonia<\/a> el pr\u00f3ximo viernes a las 20.30 horas, <strong>llegar\u00e1 mermado a la cita por las ausencias de Marko Guduric y Diego Flaccadori<\/strong>, cuya baja para la cita correspondiente a la 14\u00aa jornada de la Euroliga se dio a conocer este martes.\n<\/p>\n<p class=\"article-body__text \">\n        La m\u00e1s relevante en lo deportivo es la ausencia del exterior <strong>Marko Guduric, hombre importante al menos para el hasta la semana pasada entrenador principal Ettore Messina<\/strong>, aunque habr\u00e1 que ver qu\u00e9 planes tiene con \u00e9l el nuevo t\u00e9cnico, el exbaskonista Peppe Poeta.\n<\/p>\n<p>            <a href=\"https:\/\/www.noticiasdealava.eus\/baskonia\/2025\/12\/02\/nowell-contrato-blindado-junio-10424351.html\" title=\"Nowell, un contrato blindado hasta junio\" class=\"new__media\" rel=\"nofollow noopener\" target=\"_blank\"><\/p>\n<p>                <img alt=\"Nowell, un contrato blindado hasta junio\" data-src=\"https:\/\/www.europesays.com\/es\/wp-content\/uploads\/2025\/10\/7247433e-738d-4cf0-a750-4f3f97c54cb3_16-9-aspect-ratio_default_0.jpg\" class=\"lozad\"\/><\/p>\n<p>        <\/a><\/p>\n<p>        <a href=\"https:\/\/www.noticiasdealava.eus\/baskonia\/2025\/12\/02\/nowell-contrato-blindado-junio-10424351.html\" title=\"Nowell, un contrato blindado hasta junio\" class=\"new__headline\" rel=\"nofollow noopener\" target=\"_blank\"><br \/>\n            Nowell, un contrato blindado hasta junio<br \/>\n        <\/a><\/p>\n<p class=\"article-body__text \">\n        El internacional serbio, con experiencia y capacidad para aportar en distintas facetas del juego,<strong> se perder\u00e1 al menos los dos pr\u00f3ximos partidos del Armani Mil\u00e1n para recuperarse de una lesi\u00f3n que le est\u00e1 dando problemas desde el pasado verano<\/strong>, seg\u00fan afirm\u00f3 Poeta en su presentaci\u00f3n como entrenador.\n<\/p>\n<p class=\"article-body__text \">\n        El exterior de 1,96 metros de altura <strong>sufri\u00f3 una tendinitis durante la pretemporada que a\u00fan le estaba provocando molestias<\/strong> y el equipo m\u00e9dico del club, aprovechando el par\u00f3n por la ventana FIBA, ha optado por darle unas semanas de descanso para que pueda recuperarse totalmente de la lesi\u00f3n.\n<\/p>\n<p>            <a href=\"https:\/\/www.noticiasdealava.eus\/baskonia\/2025\/12\/01\/futuro-diallo-baskonia-incognita-10421663.html\" title=\"Una oferta china compromete la continuidad de Diallo en el Baskonia\" class=\"new__media\" rel=\"nofollow noopener\" target=\"_blank\"><\/p>\n<p>                <img alt=\"Una oferta china compromete la continuidad de Diallo en el Baskonia\" data-src=\"https:\/\/www.europesays.com\/es\/wp-content\/uploads\/2025\/12\/98297720-b8fe-44a4-8488-7af466a5aacf_16-9-aspect-ratio_default_0_x867y476.jpg\" class=\"lozad\"\/><\/p>\n<p>        <\/a><\/p>\n<p>        <a href=\"https:\/\/www.noticiasdealava.eus\/baskonia\/2025\/12\/01\/futuro-diallo-baskonia-incognita-10421663.html\" title=\"Una oferta china compromete la continuidad de Diallo en el Baskonia\" class=\"new__headline\" rel=\"nofollow noopener\" target=\"_blank\"><br \/>\n            Una oferta china compromete la continuidad de Diallo en el Baskonia<br \/>\n        <\/a><\/p>\n<p class=\"article-body__text \">\n        <strong>En la presente Euroliga, Guduric promedia 8,1 puntos, 2,9 rebotes y 2,6 asistencias<\/strong> para 8,4 cr\u00e9ditos de valoraci\u00f3n en 21 minutos por encuentro, aportaci\u00f3n con la que no contar\u00e1n los hombres de Peppe Poeta en Vitoria.\n<\/p>\n<p class=\"article-body__text \">\n        En cuanto a <strong>Flaccadori<\/strong>, que s\u00f3lo ha participado en un encuentro de Euroliga este curso, <strong>se someti\u00f3 a una intervenci\u00f3n m\u00ednimamente invasiva en el coraz\u00f3n<\/strong> que le obligar\u00e1 a descansar unos d\u00edas.<\/p>\n","protected":false},"excerpt":{"rendered":"El Armani Mil\u00e1n, que visita al Kosner Baskonia el pr\u00f3ximo viernes a las 20.30 horas, llegar\u00e1 mermado a&hellip;\n","protected":false},"author":2,"featured_media":267793,"comment_status":"","ping_status":"","sticky":false,"template":"","format":"standard","meta":{"footnotes":""},"categories":[269],"tags":[4408,299,298,168,25,24,66072,66071,8688,3457,23,167],"class_list":{"0":"post-267792","1":"post","2":"type-post","3":"status-publish","4":"format-standard","5":"has-post-thumbnail","7":"category-baloncesto","8":"tag-armani","9":"tag-baloncesto","10":"tag-basketball","11":"tag-deportes","12":"tag-es","13":"tag-espana","14":"tag-flaccadori","15":"tag-guduric","16":"tag-milan","17":"tag-pierde","18":"tag-spain","19":"tag-sports"},"share_on_mastodon":{"url":"https:\/\/pubeurope.com\/@es\/115651856680940417","error":""},"_links":{"self":[{"href":"https:\/\/www.europesays.com\/es\/wp-json\/wp\/v2\/posts\/267792","targetHints":{"allow":["GET"]}}],"collection":[{"href":"https:\/\/www.europesays.com\/es\/wp-json\/wp\/v2\/posts"}],"about":[{"href":"https:\/\/www.europesays.com\/es\/wp-json\/wp\/v2\/types\/post"}],"author":[{"embeddable":true,"href":"https:\/\/www.europesays.com\/es\/wp-json\/wp\/v2\/users\/2"}],"replies":[{"embeddable":true,"href":"https:\/\/www.europesays.com\/es\/wp-json\/wp\/v2\/comments?post=267792"}],"version-history":[{"count":0,"href":"https:\/\/www.europesays.com\/es\/wp-json\/wp\/v2\/posts\/267792\/revisions"}],"wp:featuredmedia":[{"embeddable":true,"href":"https:\/\/www.europesays.com\/es\/wp-json\/wp\/v2\/media\/267793"}],"wp:attachment":[{"href":"https:\/\/www.europesays.com\/es\/wp-json\/wp\/v2\/media?parent=267792"}],"wp:term":[{"taxonomy":"category","embeddable":true,"href":"https:\/\/www.europesays.com\/es\/wp-json\/wp\/v2\/categories?post=267792"},{"taxonomy":"post_tag","embeddable":true,"href":"https:\/\/www.europesays.com\/es\/wp-json\/wp\/v2\/tags?post=267792"}],"curies":[{"name":"wp","href":"https:\/\/api.w.org\/{rel}","templated":true}]}}