{"id":267794,"date":"2025-12-02T20:27:12","date_gmt":"2025-12-02T20:27:12","guid":{"rendered":"https:\/\/www.europesays.com\/es\/267794\/"},"modified":"2025-12-02T20:27:12","modified_gmt":"2025-12-02T20:27:12","slug":"laliga-denuncia-canticos-de-bartra-muerete-en-el-derbi-sevillano-y-de-liberar-palestina-destruir-israel-en-el-real-sociedad-villarreal","status":"publish","type":"post","link":"https:\/\/www.europesays.com\/es\/267794\/","title":{"rendered":"LaLiga denuncia c\u00e1nticos de \u00abBartra, mu\u00e9rete\u00bb en el derbi sevillano y de \u00abLiberar Palestina, destruir Israel\u00bb en el Real Sociedad-Villarreal"},"content":{"rendered":"<p data-mrf-recirculation=\"Links P\u00e1rrafos\" class=\"ue-c-article__paragraph paragraph ue-c-article--first-letter-highlighted\"><strong>La Liga Nacional de Fu\u0301tbol Profesional<\/strong>\u00a0ha remitido, como cada semana, un escrito de <strong>denuncia al Comit\u00e9 de Competici\u00f3n de la RFEF y a la Comisi\u00f3n Antiviolencia<\/strong> con aquellos ca\u0301nticos que se producen en los encuentros de f\u00fatbol que <strong>inciten a la violencia o tengan un contenido insultante o intolerante<\/strong>. Estos ca\u0301nticos aparecen recogidos como <strong>comportamientos prohibidos<\/strong> y por tanto <strong>sancionables<\/strong>, tanto en el Co\u0301digo de Disciplina Deportiva de la RFEF como en la Legislacio\u0301n contra la <strong>violencia, el racismo, la xenofobia y la intolerancia en el deporte<\/strong>. LaLiga, a trav\u00e9s de su plataforma LALIGAVS, recoge los reportes, sugerencias o requerimientos de los aficionados que acudan a los partidos, con el fin de <strong>contribuir a la lucha contra la violencia en los estadios<\/strong>. Adem\u00e1s, desde hace a\u00f1os, LALIGA solicita m\u00e1s competencias para poder luchar contra esta lacra.<\/p>\n<p data-mrf-recirculation=\"Links P\u00e1rrafos\" class=\"ue-c-article__paragraph paragraph\">Tras la disputa de la <strong>jornada 14 de LaLiga EA Sports y de la jornada 16 de LaLiga Hypermotion<\/strong> se ha procedido a la remisi\u00f3n a los organismos anteriores de las siguientes denuncias:<\/p>\n<p>Getafe-Elche de la jornada 14<\/p>\n<p data-mrf-recirculation=\"Links P\u00e1rrafos\" class=\"ue-c-article__paragraph paragraph\">Un grupo de aficionados locales ubicados en el Fondo Sur Bajo, sector J, tras la porter\u00eda de ese fondo, entonaron de forma coral y coordinada durante, aproximadamente, 90 segundos el c\u00e1ntico <strong>\u00ab\u00a1Los a\u00f1os van pasando y todo sigue igual, jugando por Europa y vosotros contra el filial, al\u00e9, al\u00e9, al\u00e9 y puta Legan\u00e9s!\u00bb.<\/strong><\/p>\n<p>Levante-Athletic de la jornada 14<\/p>\n<p data-mrf-recirculation=\"Links P\u00e1rrafos\" class=\"ue-c-article__paragraph paragraph\">En el minuto 78 de partido, un grupo de aficionados locales ubicados en la Grada de Gol de Alboraya baja, sectores 517 y 518, donde se sit\u00faa el grupo \u00abLevante Fans\u00bb, entonaron de forma coral y coordinada durante, aproximadamente, 5 segundos el c\u00e1ntico <strong>\u00abP\u00edsalo, p\u00edsalo\u201d<\/strong>, dirigido a un jugador visitante que se encontraba tendido sobre el terreno de juego.<\/p>\n<p data-mrf-recirculation=\"Links P\u00e1rrafos\" class=\"ue-c-article__paragraph paragraph\">En el minuto 81 de partido, un grupo de aficionados locales ubicados en la Grada de Gol de Alboraya baja, sectores 517 y 518, donde se sit\u00faa el grupo \u00abLevante Fans\u00bb, entonaron de forma coral y coordinada durante,\u00a0aproximadamente, 5 segundos el c\u00e1ntico <strong>\u00abBurro, burro\u201d<\/strong>, dirigido al \u00e1rbitro principal, siendo secundado por parte del p\u00fablico.<\/p>\n<p>Real Sociedad-Villarreal de la jornada 14<\/p>\n<p data-mrf-recirculation=\"Links P\u00e1rrafos\" class=\"ue-c-article__paragraph paragraph\">En el minuto 41 de partido, un grupo de aficionados locales ubicados en la grada de Fondo Sur Bajo (denominada Grada Aitor Zabaleta), entonaron de forma coral y coordinada, durante, aproximadamente, 10 segundos el c\u00e1ntico <strong>\u00abP\u00edsalo, p\u00edsalo\u00bb<\/strong>, dirigido hacia un jugador rival que se encontraba tendido en el terreno de juego.<\/p>\n<p data-mrf-recirculation=\"Links P\u00e1rrafos\" class=\"ue-c-article__paragraph paragraph\">En el minuto 53 de partido, un grupo de aficionados locales ubicados en la grada de Fondo Sur Bajo (denominada Grada Aitor Zabaleta), entonaron de forma coral y coordinada, durante, aproximadamente, 10 segundos el c\u00e1ntico <strong>\u201cLa Romareda, puta pocilga, donde se juntan Ligallo y Polic\u00eda. Que puto olor, que porquer\u00eda, con una bomba todo aquello volar\u00eda, una explosi\u00f3n de Goma 2 y que le den por culo a Arag\u00f3n. Esa Real que se la goza, viendo quemarse a esa Puta Zaragoza\u201d.<\/strong><\/p>\n<p data-mrf-recirculation=\"Links P\u00e1rrafos\" class=\"ue-c-article__paragraph paragraph\">En el minuto 64 de partido, un grupo de aficionados locales ubicados en la grada de Fondo Sur Bajo (denominada Grada Aitor Zabaleta), entonaron de forma coral y coordinada, durante, aproximadamente, 10 segundos el c\u00e1ntico <strong>\u00abPalestina askatu, Israel suntsitu\u00bb<\/strong>, cuyo significado en castellano es <strong>\u00abLiberar Palestina\u00bb \u00abdestruir Israel\u00bb.<\/strong><\/p>\n<p>Sevilla-Betis de la jornada 14<\/p>\n<p data-mrf-recirculation=\"Links P\u00e1rrafos\" class=\"ue-c-article__paragraph paragraph\">En el minuto 25 de partido, un grupo de aficionados locales ubicados en los sectores N11, N12, N20, N21 y N22 de la grada Gol Norte entonaron de forma coral y coordinada durante, aproximadamente, 10 segundos el c\u00e1ntico <strong>\u201cVerdiblancos, hijos de puta\u201d.<\/strong><\/p>\n<p data-mrf-recirculation=\"Links P\u00e1rrafos\" class=\"ue-c-article__paragraph paragraph\">En el minuto 40 de partido, un grupo de aficionados locales ubicados en los sectores N11, N12, N20, N21 y N22 de la grada Gol Norte entonaron de forma coral y coordinada durante, aproximadamente, 10 segundos el c\u00e1ntico <strong>\u201cP\u00edsalo\u201d<\/strong>, mientras un jugador rival se encontraba tendido sobre el terreno de juego.<\/p>\n<p data-mrf-recirculation=\"Links P\u00e1rrafos\" class=\"ue-c-article__paragraph paragraph\">En el minuto 64 de partido, un grupo de aficionados locales ubicados en los sectores N11, N12, N20, N21 y N22 de la grada Gol Norte entonaron de forma coral y coordinada durante, aproximadamente, 8 segundos el c\u00e1ntico <strong>\u201cPuta Betis, oe\u201d.<\/strong><\/p>\n<p data-mrf-recirculation=\"Links P\u00e1rrafos\" class=\"ue-c-article__paragraph paragraph\">En el minuto 87 de partido, un grupo de aficionados locales ubicados en los sectores N11, N12, N20, N21 y N22 de la grada Gol Norte entonaron de forma coral y coordinada durante, aproximadamente, 10 segundos el c\u00e1ntico <strong>\u201cBartra, mu\u00e9rete\u201d.<\/strong><\/p>\n<p data-mrf-recirculation=\"Links P\u00e1rrafos\" class=\"ue-c-article__paragraph paragraph\"><strong>Afici\u00f3n visitante<\/strong><\/p>\n<p data-mrf-recirculation=\"Links P\u00e1rrafos\" class=\"ue-c-article__paragraph paragraph\">En el minuto 41 de partido, un grupo de aficionados VISITANTES ubicados en los sectores S38 y S46 de Gol Sur tribuna alta entonaron de forma coral y coordinada durante, aproximadamente, 10 segundos el c\u00e1ntico <strong>\u201cP\u00edsalo, p\u00edsalo\u201d<\/strong>, cuando un jugador rival se encontraba tendido sobre el terreno de juego.<\/p>\n<p data-mrf-recirculation=\"Links P\u00e1rrafos\" class=\"ue-c-article__paragraph paragraph\">En el minuto 55 de partido, un grupo de aficionados VISITANTES ubicados en los sectores S38 y S46 de Gol Sur tribuna alta entonaron de forma coral y coordinada durante, aproximadamente, 8 segundos el c\u00e1ntico <strong>\u201cEl equipo de las putas del Pizju\u00e1n\u201d.<\/strong><\/p>\n<p data-mrf-recirculation=\"Links P\u00e1rrafos\" class=\"ue-c-article__paragraph paragraph\">En el minuto 57 de partido, un grupo de aficionados VISITANTES ubicados en los sectores S38 y S46 de Gol Sur tribuna alta entonaron de forma coral y coordinada durante, aproximadamente, 10 segundos el c\u00e1ntico <strong>\u201cSevillistas, hijos de puta\u201d.<\/strong><\/p>\n<p>Celta-Espanyol de la jornada 14<\/p>\n<p data-mrf-recirculation=\"Links P\u00e1rrafos\" class=\"ue-c-article__paragraph paragraph\">En el minuto 76 de partido, un grupo de aficionados locales, ubicados en el sector central de la grada de Marcador Bajo, pertenecientes al grupo de animaci\u00f3n, entonaron de forma coral y coordinada durante, aproximadamente, 6 segundos el c\u00e1ntico <strong>\u00abPere Milla, hijo de puta\u00bb<\/strong>, dirigido al jugador visitante.<\/p>\n<p>Girona-Real Madrid de la jornada 14<\/p>\n<p data-mrf-recirculation=\"Links P\u00e1rrafos\" class=\"ue-c-article__paragraph paragraph\">En el minuto 5 de partido, un grupo de aficionados locales ubicados en la parte baja de Gol Sur, tras una pancarta con la leyenda \u00abJovent\u00bb, entonaron de forma coral y coordinada durante, aproximadamente, 5 segundos el c\u00e1ntico <strong>\u00abQue s\u00ed, que s\u00ed, que puta el Real Madrid\u00bb.<\/strong><\/p>\n<p data-mrf-recirculation=\"Links P\u00e1rrafos\" class=\"ue-c-article__paragraph paragraph\">En el minuto 29 de partido, un grupo de aficionados locales ubicados en la parte baja de Gol Sur, tras una pancarta con la leyenda \u00abJovent\u00bb, entonaron de forma coral y coordinada durante, aproximadamente, 5 segundos el c\u00e1ntico <strong>\u00abPuta Real Madrid, puta Real Madrid\u00bb.<\/strong><\/p>\n<p data-mrf-recirculation=\"Links P\u00e1rrafos\" class=\"ue-c-article__paragraph paragraph\">3. En el minuto 40, 41, 43, 60 y 93 de partido, un grupo de aficionados locales ubicados en la parte baja de Gol Sur, tras una pancarta con la leyenda \u00abJovent\u00bb, entonaron de forma coral y coordinada durante, aproximadamente, 15 segundos el c\u00e1ntico <strong>\u00abMadridistas, hijos de puta\u00bb.<\/strong><\/p>\n<p>Rayo Vallecano-Valencia de la jornada 14<\/p>\n<p data-mrf-recirculation=\"Links P\u00e1rrafos\" class=\"ue-c-article__paragraph paragraph\">En el minuto 34 y en el 53 de partido, un grupo de aficionados locales ubicados en la grada de Fondo, pertenecientes al grupo de animaci\u00f3n local, liderados por un integrante con micr\u00f3fono, entonaron de forma coral y coordinada durante, aproximadamente, 30 segundos el c\u00e1ntico <strong>\u00ab\u00a1Arriba arriba, arriba arriba con la Goma-2, que en Vallecas se prepara, que en Vallecas se prepara, pim, pam, pum, la revoluci\u00f3n!\u00bb.<\/strong><\/p>\n<p>Zaragoza-Legan\u00e9s de la jornada 16 de Segunda<\/p>\n<p data-mrf-recirculation=\"Links P\u00e1rrafos\" class=\"ue-c-article__paragraph paragraph\">En el minuto 40 de partido, un grupo de aficionados locales ubicados en Zona Baja Gol Sur \/ Sectores 203 \u2013 204, referenciados por su indumentaria y sus elementos de animaci\u00f3n, entonaron de forma coral y coordinada durante, aproximadamente, 5 segundos el c\u00e1ntico <strong>\u00abP\u00edsalo, p\u00edsalo\u201d<\/strong>, dirigido a un jugador del equipo visitante mientras se encontraba tendido en el terreno de juego.<\/p>\n<p data-mrf-recirculation=\"Links P\u00e1rrafos\" class=\"ue-c-article__paragraph paragraph\">En el minuto 42 de partido, un grupo de aficionados locales ubicados en Zona Baja Gol Sur \/ Sectores 203 \u2013 204, referenciados por su indumentaria y sus elementos de animaci\u00f3n, entonaron de forma coral y coordinada durante, aproximadamente, 15 segundos el c\u00e1ntico <strong>\u00abQue lo vengan a ver, que lo vengan a ver, esto no es un portero, es una puta de cabaret\u201d<\/strong>, dirigido al portero rival.<\/p>\n<p data-mrf-recirculation=\"Links P\u00e1rrafos\" class=\"ue-c-article__paragraph paragraph\">En el minuto 44 de partido, un grupo de aficionados locales ubicados en Zona Baja Gol Sur \/ Sectores 203 \u2013 204, referenciados por su indumentaria y sus elementos de animaci\u00f3n, entonaron de forma coral y coordinada durante, aproximadamente, 10 segundos el c\u00e1ntico <strong>\u00abEh, cabr\u00f3n\u201d<\/strong>, dirigido al portero rival cuando se dispon\u00eda a realizar un saque de meta.<\/p>\n<p data-mrf-recirculation=\"Links P\u00e1rrafos\" class=\"ue-c-article__paragraph paragraph\">En el minuto 44 y en el 51 de partido, un grupo de aficionados locales ubicados en Zona Baja Gol Sur \/ Sectores 203 \u2013 204, referenciados por su indumentaria y sus elementos de animaci\u00f3n, entonaron de forma coral y coordinada durante, aproximadamente, 10 segundos el c\u00e1ntico <strong>\u00abEn el Ligallo un grito se oye, adelante vamos ma\u00f1os a ganar&#8230; Lololololololo, el equipo de las putas del Sadar\u201d<\/strong>, en referencia al CA Osasuna.<\/p>\n<p>C\u00f3rdoba-C\u00e1diz de la jornada 16 de Segunda<\/p>\n<p data-mrf-recirculation=\"Links P\u00e1rrafos\" class=\"ue-c-article__paragraph paragraph\">Justo antes del inicio del partido y en el minuto 90+4, un grupo de aficionados locales ubicados en fondo sur, grada baja central, pertenecientes al grupo de animaci\u00f3n local \u00abBrigadas Blanquiverdes\u00bb, entonaron de forma coral y coordinada durante, aproximadamente, 10 segundos el c\u00e1ntico <strong>\u00abputa C\u00e1diz oe\u2026\u00bb.<\/strong><\/p>\n<p data-mrf-recirculation=\"Links P\u00e1rrafos\" class=\"ue-c-article__paragraph paragraph\">En el minuto 67, en el 88 y en el 90+5 de partido, un grupo de aficionados locales ubicados en fondo sur, grada baja central, pertenecientes al grupo de animaci\u00f3n local \u00abBrigadas Blanquiverdes\u00bb, entonaron de forma coral y coordinada durante, aproximadamente, 3 segundos el c\u00e1ntico <strong>\u00abEh, cabr\u00f3n\u201d<\/strong>, dirigido al portero visitante cuando se dispon\u00eda a realizar un saque de meta.<\/p>\n<p data-mrf-recirculation=\"Links P\u00e1rrafos\" class=\"ue-c-article__paragraph paragraph\">En el minuto 90 de partido, un grupo de aficionados locales ubicados en fondo sur, grada baja central, pertenecientes al grupo de animaci\u00f3n local \u00abBrigadas Blanquiverdes\u00bb, entonaron de forma coral y coordinada durante, aproximadamente, 3 segundos el c\u00e1ntico <strong>\u00abhijo de puta\u201d<\/strong>, dirigido al \u00e1rbitro del encuentro tras una decisi\u00f3n.<\/p>\n<p data-mrf-recirculation=\"Links P\u00e1rrafos\" class=\"ue-c-article__paragraph paragraph\">En el minuto 90 + 2 de partido, un grupo de aficionados locales ubicados en fondo sur, grada baja central <strong>lanzaron al terreno de juego una botella de agua con tap\u00f3n<\/strong>, obligando a detener el juego y activar el protocolo por lanzamiento de objetos. Este hecho qued\u00f3 reflejado en el acta arbitral.<\/p>\n","protected":false},"excerpt":{"rendered":"La Liga Nacional de Fu\u0301tbol Profesional\u00a0ha remitido, como cada semana, un escrito de denuncia al Comit\u00e9 de Competici\u00f3n&hellip;\n","protected":false},"author":2,"featured_media":267795,"comment_status":"","ping_status":"","sticky":false,"template":"","format":"standard","meta":{"footnotes":""},"categories":[268],"tags":[168,25,24,280,282,281,23,167],"class_list":{"0":"post-267794","1":"post","2":"type-post","3":"status-publish","4":"format-standard","5":"has-post-thumbnail","7":"category-futbol","8":"tag-deportes","9":"tag-es","10":"tag-espana","11":"tag-football","12":"tag-futbol","13":"tag-soccer","14":"tag-spain","15":"tag-sports"},"share_on_mastodon":{"url":"https:\/\/pubeurope.com\/@es\/115651860655337243","error":""},"_links":{"self":[{"href":"https:\/\/www.europesays.com\/es\/wp-json\/wp\/v2\/posts\/267794","targetHints":{"allow":["GET"]}}],"collection":[{"href":"https:\/\/www.europesays.com\/es\/wp-json\/wp\/v2\/posts"}],"about":[{"href":"https:\/\/www.europesays.com\/es\/wp-json\/wp\/v2\/types\/post"}],"author":[{"embeddable":true,"href":"https:\/\/www.europesays.com\/es\/wp-json\/wp\/v2\/users\/2"}],"replies":[{"embeddable":true,"href":"https:\/\/www.europesays.com\/es\/wp-json\/wp\/v2\/comments?post=267794"}],"version-history":[{"count":0,"href":"https:\/\/www.europesays.com\/es\/wp-json\/wp\/v2\/posts\/267794\/revisions"}],"wp:featuredmedia":[{"embeddable":true,"href":"https:\/\/www.europesays.com\/es\/wp-json\/wp\/v2\/media\/267795"}],"wp:attachment":[{"href":"https:\/\/www.europesays.com\/es\/wp-json\/wp\/v2\/media?parent=267794"}],"wp:term":[{"taxonomy":"category","embeddable":true,"href":"https:\/\/www.europesays.com\/es\/wp-json\/wp\/v2\/categories?post=267794"},{"taxonomy":"post_tag","embeddable":true,"href":"https:\/\/www.europesays.com\/es\/wp-json\/wp\/v2\/tags?post=267794"}],"curies":[{"name":"wp","href":"https:\/\/api.w.org\/{rel}","templated":true}]}}