{"id":267796,"date":"2025-12-02T20:28:15","date_gmt":"2025-12-02T20:28:15","guid":{"rendered":"https:\/\/www.europesays.com\/es\/267796\/"},"modified":"2025-12-02T20:28:15","modified_gmt":"2025-12-02T20:28:15","slug":"cuando-me-entere-me-dolio-muchisimo","status":"publish","type":"post","link":"https:\/\/www.europesays.com\/es\/267796\/","title":{"rendered":"Cuando me enter\u00e9 me doli\u00f3 much\u00edsimo"},"content":{"rendered":"<p><b>Isabel Preysler<\/b> ha recibido en su casa a Susanna Griso y ambas han hecho un repaso de la vida de la famosa.<\/p>\n<p>Llegado un punto de la conversaci\u00f3n, la presentadora de Espejo P\u00fablico subrayaba un denominador com\u00fan en la vida sentimental de Isabel: <b>los celos<\/b>.<\/p>\n<p>\u00abEllos son as\u00ed\u00bb<\/p>\n<p>Griso recordaba una cena con Preysler y su expareja, el fallecido premio Nobel de literatura, Mario Vargas Llosa, en la que Isabel, lejos de reprimirse, se revolvi\u00f3 contra esa manifestaci\u00f3n de <b>desconfianza <\/b>en una pareja, que por otra parte consideraba<b> impropios de alguien con una edad<\/b> m\u00e1s que suficiente.<\/p>\n<p>Reconoc\u00eda Isabel esa poco deseada cualidad en Vargas Llosa: \u00abMario ha sido <b>celoso, pero muy celoso<\/b>, no simplemente celoso, no, muy celoso\u00bb.<\/p>\n<p>Haciendo ese repaso a sus conocidas parejas, ambas coincid\u00edan en que desde Julio Iglesias, hasta Vargas Llosa, pasando por Miguel Boyer han compartido los celos, \u00absalvo Carlos Falc\u00f3\u00bb, apuntaba Susanna: \u00abS\u00ed, <b>no s\u00e9 porqu\u00e9 pero me han tocado<\/b>. Ellos son as\u00ed. El hombre es celoso y no hay nada que hacer. Yo creo que es una <b>falta de seguridad en s\u00ed mismo<\/b>\u00ab, reconoc\u00eda Isabel.<\/p>\n<p>El pecado imperdonable<\/p>\n<p>Recordando su relaci\u00f3n con <b>Julio Iglesias<\/b> tambi\u00e9n abordaban los celos del artista cuando \u00e9l estaba de gira.<b> No quer\u00eda que Isabel bailara con ning\u00fan otro hombre<\/b>, recordando un episodio con Sim\u00f3n de Bulgaria y otro m\u00e1s inc\u00f3modo y reciente, con<b> &#8216;el Nobel&#8217; sac\u00e1ndola de la pista de baile<\/b> delante de los invitados a un evento: <b>\u00abYo disimulando\u00bb<\/b>, dec\u00eda Isabel.<\/p>\n<p>A parte de <b>negar ser ella celosa<\/b>, Isabel revelaba el motivo que llev\u00f3 a fin su relaci\u00f3n con Julio Iglesias: \u00abCuando me enter\u00e9<b> me doli\u00f3 much\u00edsimo y all\u00ed se acab\u00f3 todo<\/b>\u00ab.<\/p>\n<p>Ella conoc\u00eda de sobra las conquistas de Julio, pero una represent\u00f3 una traici\u00f3n que Isabel Preysler no pudo soportar.<b> Un caso que involucraba a una persona muy concreta<\/b> sobre el que Isabel pregunt\u00f3 al cantante por cu\u00e1ntas m\u00e1s infidelidades ten\u00eda en su haber, y al no desmentirlo \u00e9l, <b>\u00abah\u00ed se acab\u00f3 todo\u00bb<\/b>, repet\u00eda Isabel.<\/p>\n<p>S\u00edguenos en nuestro <a title=\"canal de WhatsApp\" href=\"https:\/\/www.whatsapp.com\/channel\/0029Va6BhYH2phHPnlatwW3b\" target=\"_blank\" rel=\"nofollow noopener\"><strong>canal de WhatsApp<\/strong><\/a> y no te pierdas la \u00faltima hora y toda la actualidad en nuestro <a title=\"perfil de Google\" href=\"https:\/\/profile.google.com\/cp\/CgovbS8wMngwNnFy\" target=\"_blank\" rel=\"nofollow noopener\"><strong>perfil de Google<\/strong><\/a><strong>.<\/strong><\/p>\n<p>Puedes ver &#8216;Espejo P\u00fablico&#8217; completo en <a title=\"AtresPlayer\" href=\"https:\/\/www.atresplayer.com\/antena3\/programas\/espejo-publico\/\" target=\"_blank\" rel=\"nofollow noopener\"><strong>AtresPlayer<\/strong><\/a><strong>.<\/strong><\/p>\n<p>   <img decoding=\"async\" title=\"Depilaci\u00f3n l\u00e1ser en las c\u00e1rceles\" alt=\"Depilaci\u00f3n l\u00e1ser en las c\u00e1rceles\" width=\"480\" height=\"270\" src=\"https:\/\/www.europesays.com\/es\/wp-content\/uploads\/2025\/12\/depilacion-laser-carceles_70.jpg\" loading=\"lazy\" class=\"lazy\"\/><\/p>\n","protected":false},"excerpt":{"rendered":"Isabel Preysler ha recibido en su casa a Susanna Griso y ambas han hecho un repaso de la&hellip;\n","protected":false},"author":2,"featured_media":267797,"comment_status":"","ping_status":"","sticky":false,"template":"","format":"standard","meta":{"footnotes":""},"categories":[174],"tags":[255,146,147,25,24,256,23],"class_list":{"0":"post-267796","1":"post","2":"type-post","3":"status-publish","4":"format-standard","5":"has-post-thumbnail","7":"category-famosos","8":"tag-celebrities","9":"tag-entertainment","10":"tag-entretenimiento","11":"tag-es","12":"tag-espana","13":"tag-famosos","14":"tag-spain"},"share_on_mastodon":{"url":"https:\/\/pubeurope.com\/@es\/115651865356896108","error":""},"_links":{"self":[{"href":"https:\/\/www.europesays.com\/es\/wp-json\/wp\/v2\/posts\/267796","targetHints":{"allow":["GET"]}}],"collection":[{"href":"https:\/\/www.europesays.com\/es\/wp-json\/wp\/v2\/posts"}],"about":[{"href":"https:\/\/www.europesays.com\/es\/wp-json\/wp\/v2\/types\/post"}],"author":[{"embeddable":true,"href":"https:\/\/www.europesays.com\/es\/wp-json\/wp\/v2\/users\/2"}],"replies":[{"embeddable":true,"href":"https:\/\/www.europesays.com\/es\/wp-json\/wp\/v2\/comments?post=267796"}],"version-history":[{"count":0,"href":"https:\/\/www.europesays.com\/es\/wp-json\/wp\/v2\/posts\/267796\/revisions"}],"wp:featuredmedia":[{"embeddable":true,"href":"https:\/\/www.europesays.com\/es\/wp-json\/wp\/v2\/media\/267797"}],"wp:attachment":[{"href":"https:\/\/www.europesays.com\/es\/wp-json\/wp\/v2\/media?parent=267796"}],"wp:term":[{"taxonomy":"category","embeddable":true,"href":"https:\/\/www.europesays.com\/es\/wp-json\/wp\/v2\/categories?post=267796"},{"taxonomy":"post_tag","embeddable":true,"href":"https:\/\/www.europesays.com\/es\/wp-json\/wp\/v2\/tags?post=267796"}],"curies":[{"name":"wp","href":"https:\/\/api.w.org\/{rel}","templated":true}]}}