{"id":267798,"date":"2025-12-02T20:29:11","date_gmt":"2025-12-02T20:29:11","guid":{"rendered":"https:\/\/www.europesays.com\/es\/267798\/"},"modified":"2025-12-02T20:29:11","modified_gmt":"2025-12-02T20:29:11","slug":"encuentran-un-cuadro-de-rubens-desaparecido-hace-cuatro-siglos-y-acaba-vendido-por-casi-tres-millones-de-euros","status":"publish","type":"post","link":"https:\/\/www.europesays.com\/es\/267798\/","title":{"rendered":"Encuentran un cuadro de Rubens desaparecido hace cuatro siglos y acaba vendido por casi tres millones de euros"},"content":{"rendered":"<p class=\"\">Si por algo destaca la pintura del maestro flamenco, Peter Paul Rubes, es por su estilo tan caracter\u00edstico. La representaci\u00f3n de cuerpos herc\u00faleos y la carnalidad de sus mujeres son una firma de su identidad y de su estilo a la hora de pintar. Esto queda reflejado en <b>su \u00faltima obra subastada <\/b>el pasado domingo en Versalles, Francia, por un precio de casi tres millones de euros. <\/p>\n<p class=\"\">Se trata de la obra Cristo en la cruz, una representaci\u00f3n de Jesucristo clavado en la cruz con una vista del Calvario y de la ciudad amurallada de Jerusal\u00e9n al fondo. Seg\u00fan informa la Agence France-Presse, la pintura se realiz\u00f3 en el siglo XVII, concretamente en el a\u00f1o 1613 y fue<b> descubierta por el subastador Jean-Pierre Osenat <\/b>en una mansi\u00f3n de Par\u00eds el a\u00f1o pasado. Este descubrimiento dej\u00f3 al descubierto la historia de esta pintura, qu\u00e9 lo hace tan especial y qu\u00e9 pas\u00f3 con ella durante estos \u00faltimos siglos. <\/p>\n<blockquote class=\"twitter-tweet\">\n<p lang=\"fr\" dir=\"ltr\">Le tableau \u00abLe Christ en croix\u00bb du c\u00e9l\u00e8bre peintre anversois Pierre Paul Rubens (1577-1640), port\u00e9 disparu depuis 1613 et r\u00e9cemment retrouv\u00e9 \u00e0 Paris, a \u00e9t\u00e9 vendu dimanche pr\u00e8s de trois millions d&#8217;euros aux ench\u00e8res \u00e0 Versailles \u2935\ufe0f <a href=\"https:\/\/t.co\/Mn5ay38naE\" rel=\"nofollow\">pic.twitter.com\/Mn5ay38naE<\/a><\/p>\n<p>\u2014 Agence France-Presse (@afpfr) <a href=\"https:\/\/twitter.com\/afpfr\/status\/1995444063886074290?ref_src=twsrc%5Etfw\" rel=\"nofollow noopener\" target=\"_blank\">December 1, 2025<\/a><\/p><\/blockquote>\n<p>Vendido por m\u00e1s de su valor incial<\/p>\n<p class=\"\">Osenat encontr\u00f3 la pieza de Rubens durante <b>el inventario y puesta a punto de un hotel particular<\/b> de la capital francesa el a\u00f1o pasado. A principios de 2025, el subastador asegur\u00f3 que se trataba de<b> \u201cuna obra maestra\u201d <\/b>pintada por Rubens cuando el maestro falmenco estaba \u201cen el apogeo de su talento\u201d. La pieza, con un valor estimado de entre uno y dos millones de euros, s<b>e vendi\u00f3 por un total de 2,94 millones de euros<\/b>, donde se incluyeron la tasa prima del comprador. <\/p>\n<p class=\"\">La casa de subasta confes\u00f3 que <b>no se sab\u00eda mucho sobre el cuadro<\/b>, pero s\u00ed se confirm\u00f3 la existencia de un grabado basado en el propio Rubens realizado por un contempor\u00e1neo del pintor. Historiadores posteriores describieron ese grado y catalogaron su existencia, a pesar de no haber visto nunca la pintura.<b> Nils B\u00fcttner<\/b>, historiador del arte alem\u00e1n conocido por su investigaci\u00f3n sobre Rubens, fue quien <b>autentific\u00f3 el cuadro<\/b>. <\/p>\n<p>Una caracter\u00edstica \u00fanica<\/p>\n<p class=\"\">Cristo en la cruz fue comprado por el pintor franc\u00e9s <b>William-Adolphe Bouguereau<\/b> a mediados del siglo XIX y, a partir de ese momento, la pintura fue hered\u00e1ndose entre los miembros de su familia, hasta la subastas. Seg\u00fan explica B\u00fctter, se trata de <b>una obra \u00fanica de Rubens <\/b>por la manera en la que represent\u00f3 a Jesucristo. <\/p>\n<p>Noticias relacionadas<a href=\"https:\/\/as.com\/actualidad\/sociedad\/dos-ecologistas-cubren-con-pintura-el-monumento-de-stonehenge-n\/\" class=\"s_m_w\" title=\"Se trata de un acto de protesta para reclamar el fin de los combustibles f\u00f3siles para el a\u00f1o 2030. \" data-tb-link=\"\" rel=\"nofollow noopener\" target=\"_blank\"><img decoding=\"async\" src=\"https:\/\/www.europesays.com\/es\/wp-content\/uploads\/2025\/12\/QSICBOJGSZXQDSF2NSCOBC4UJU.jpg\" alt=\"Dos ecologistas cubren con pintura el monumento de Stonehenge\" class=\"\" height=\"9\" width=\"16\"   loading=\"lazy\" data-tb-thumbnail=\"\"\/><\/a><a href=\"https:\/\/as.com\/baloncesto\/el-pivot-killeya-jones-refuerza-la-pintura-del-surne-bilbao-n\/\" class=\"s_m_w\" title=\"El internacional brit\u00e1nico toma el relevo de Kyser. Tiene muchos recursos bajo el aro. Falta por confirmar a Renfroe, De Ridder y Hlinason.\" data-tb-link=\"\" rel=\"nofollow noopener\" target=\"_blank\"><img decoding=\"async\" src=\"https:\/\/www.europesays.com\/es\/wp-content\/uploads\/2025\/12\/JSLJZIZV7JHQVBRXPJNEBCTGHI.jpg\" alt=\"El p\u00edvot Killeya-Jones refuerza la pintura del Surne Bilbao\" class=\"\" height=\"9\" width=\"16\"   loading=\"lazy\" data-tb-thumbnail=\"\"\/><\/a><\/p>\n<p class=\"\">La rareza de la obra viene en que Rubens decidi\u00f3 representar a Cristo crucificado \u201ccomo <b>un cuerpo muerto en la cruz<\/b>\u201d, seg\u00fan el historiador. \u201cEsta es la \u00fanica pintura que<b> muestra sangre y agua saliendo de la herida lateral<\/b> de Cristo y es algo que Rubens solo pint\u00f3 una vez\u201d, a\u00f1ade \u00e9l. La procedencia del cuadro se realiz\u00f3 a trav\u00e9s de radiograf\u00edas y an\u00e1lisis de pigmentos, que se\u00f1alaron a Rubens como autor original. <\/p>\n<p class=\"\"><b>\u00a1Tus opiniones importan!<\/b> Comenta en los art\u00edculos y suscr\u00edbete gratis a nuestra <a href=\"https:\/\/asfan.as.com\/newsletters\/\" target=\"_blank\" rel=\"nofollow noopener\" title=\"https:\/\/asfan.as.com\/newsletters\/\">newsletter<\/a> y a las alertas informativas en la <a href=\"https:\/\/as.com\/aplicacion-de-as-n\/\" target=\"_blank\" rel=\"nofollow noopener\" title=\"https:\/\/as.com\/aplicacion-de-as-n\/\">App<\/a> o el canal de <a href=\"https:\/\/www.whatsapp.com\/channel\/0029VaAasdA7j6g745nz9M10\" target=\"_blank\" rel=\"nofollow noopener\" title=\"https:\/\/www.whatsapp.com\/channel\/0029VaAasdA7j6g745nz9M10\">WhatsApp<\/a>. \u00bfBuscas licenciar contenido? Haz clic <a href=\"https:\/\/profesional.elpais.com\/soluciones-sindicacion?utm_medium=interno&amp;utm_source=crosslinking&amp;utm_campaign=sindicacion_as_pie_articulos\" target=\"_blank\" rel=\"nofollow noopener\" title=\"https:\/\/profesional.elpais.com\/soluciones-sindicacion?utm_medium=interno&amp;utm_source=crosslinking&amp;utm_campaign=sindicacion_as_pie_articulos\">aqu\u00ed<\/a><\/p>\n<p><script async src=\"https:\/\/platform.twitter.com\/widgets.js\" charset=\"utf-8\"><\/script><\/p>\n","protected":false},"excerpt":{"rendered":"Si por algo destaca la pintura del maestro flamenco, Peter Paul Rubes, es por su estilo tan caracter\u00edstico.&hellip;\n","protected":false},"author":2,"featured_media":267799,"comment_status":"","ping_status":"","sticky":false,"template":"","format":"standard","meta":{"footnotes":""},"categories":[173],"tags":[229,233,231,230,232,234,146,147,25,24,23],"class_list":{"0":"post-267798","1":"post","2":"type-post","3":"status-publish","4":"format-standard","5":"has-post-thumbnail","7":"category-arte-y-diseno","8":"tag-arte","9":"tag-arte-y-diseno","10":"tag-arts","11":"tag-arts-and-design","12":"tag-design","13":"tag-diseno","14":"tag-entertainment","15":"tag-entretenimiento","16":"tag-es","17":"tag-espana","18":"tag-spain"},"share_on_mastodon":{"url":"https:\/\/pubeurope.com\/@es\/115651868685078400","error":""},"_links":{"self":[{"href":"https:\/\/www.europesays.com\/es\/wp-json\/wp\/v2\/posts\/267798","targetHints":{"allow":["GET"]}}],"collection":[{"href":"https:\/\/www.europesays.com\/es\/wp-json\/wp\/v2\/posts"}],"about":[{"href":"https:\/\/www.europesays.com\/es\/wp-json\/wp\/v2\/types\/post"}],"author":[{"embeddable":true,"href":"https:\/\/www.europesays.com\/es\/wp-json\/wp\/v2\/users\/2"}],"replies":[{"embeddable":true,"href":"https:\/\/www.europesays.com\/es\/wp-json\/wp\/v2\/comments?post=267798"}],"version-history":[{"count":0,"href":"https:\/\/www.europesays.com\/es\/wp-json\/wp\/v2\/posts\/267798\/revisions"}],"wp:featuredmedia":[{"embeddable":true,"href":"https:\/\/www.europesays.com\/es\/wp-json\/wp\/v2\/media\/267799"}],"wp:attachment":[{"href":"https:\/\/www.europesays.com\/es\/wp-json\/wp\/v2\/media?parent=267798"}],"wp:term":[{"taxonomy":"category","embeddable":true,"href":"https:\/\/www.europesays.com\/es\/wp-json\/wp\/v2\/categories?post=267798"},{"taxonomy":"post_tag","embeddable":true,"href":"https:\/\/www.europesays.com\/es\/wp-json\/wp\/v2\/tags?post=267798"}],"curies":[{"name":"wp","href":"https:\/\/api.w.org\/{rel}","templated":true}]}}