{"id":267800,"date":"2025-12-02T20:31:12","date_gmt":"2025-12-02T20:31:12","guid":{"rendered":"https:\/\/www.europesays.com\/es\/267800\/"},"modified":"2025-12-02T20:31:12","modified_gmt":"2025-12-02T20:31:12","slug":"el-nuevo-administrador-de-la-television-canaria-despide-a-una-historica-de-la-casa-candelaria-delgado","status":"publish","type":"post","link":"https:\/\/www.europesays.com\/es\/267800\/","title":{"rendered":"El nuevo administrador de la Televisi\u00f3n Canaria despide a una hist\u00f3rica de la casa, Candelaria Delgado"},"content":{"rendered":"<p class=\"article-text\">\n        El nuevo administrador general de <strong>Radio Televisi\u00f3n Canaria<\/strong>, <strong>C\u00e9sar Toledo<\/strong>, ha despedido este martes sin previo aviso a una hist\u00f3rica de la casa, <strong>Candelaria Delgado<\/strong>, que ha venido ocupando cargos de confianza de la direcci\u00f3n ininterrumpidamente desde 2008. De modo espont\u00e1neo, una buena parte de la plantilla, entre personal de administraci\u00f3n y redactores de Informativos, a cuya redacci\u00f3n acudi\u00f3 a comunicarles su marcha, la despidieron con aplausos y buenos deseos. Y varias trabajadoras la ayudaron a meter en su coche las cosas acumuladas en su despacho durante tantos a\u00f1os porque Delgado declin\u00f3 la oferta del administrador de tomarse unos d\u00edas para llev\u00e1rselas.\n    <\/p>\n<p class=\"article-text\">\n        En la carta de despido, firmada por el administrador general del ente p\u00fablico, se funda esta decisi\u00f3n en la figura jur\u00eddica del \u201cdesestimiento empresarial\u201d, es decir, la decisi\u00f3n unilateral de la empresa de producir un despido de un cargo directivo. Los detalles para llegar a esa jutificaci\u00f3n no han trascendido.\n    <\/p>\n<p class=\"article-text\">\n        Este es el primer despido de C\u00e9sar Toledo, pero no la primera baja de relevancia que se produce en RTVC desde que en julio consigui\u00f3 la plaza de director de Medios y Contenidos, un cargo dise\u00f1ado por el Gobierno para colocarlo de comisario pol\u00edtico de su antecesora, la administradora general Mar\u00eda M\u00e9ndez. En noviembre pasado, M\u00e9ndez dimiti\u00f3 harta de ser puenteada por este comisario pol\u00edtico, al que enseguida el Gobierno promovi\u00f3 al cargo de administrador general.\n    <\/p>\n<p class=\"article-text\">\n        Una vez asumi\u00f3 aquel primer cargo como responsable de Medios y Contenidos, plaza a la que solo se present\u00f3 \u00e9l, dimiti\u00f3 de inmediato el director de informativos de Televisi\u00f3n Canaria, Paco Luis Quintana, aduciendo que lo que se pretend\u00eda con ese nuevo puesto era intervenir en la independencia de ese departamento. Poco despu\u00e9s, abandon\u00f3 la tele su director de Producci\u00f3n, \u00d3scar Fern\u00e1ndez, que eligi\u00f3 irse a la producci\u00f3n privada aceptando una suculenta oferta.\n    <\/p>\n<p class=\"article-text\">\n        La plantilla de RTVC est\u00e1 sosteniendo desde su llegada jornadas de lucha cada mi\u00e9rcoles y cada viernes contra lo que consideran un ataque a la titularidad p\u00fablica de RTVC y la independencia de los informativos.\n    <\/p>\n<p class=\"article-text\">\n        C\u00e9sar Toledo pas\u00f3 la semana pasada su examen de idoneidad en la Comisi\u00f3n de Control de RTVC como nuevo administrador general, apoyado por Coalici\u00f3n Canaria y el Partido Popular. Este \u00faltimo lo hab\u00eda despedido en 2019 por <a href=\"https:\/\/www.eldiario.es\/canariasahora\/carlossosa\/pp-respalda-dirigir-radio-television-canaria-periodista-despidio-grabar-escondidas-diputados_1_12778741.html\" target=\"_blank\" data-mrf-recirculation=\"links-noticia\" class=\"link\" rel=\"nofollow noopener\">haber grabado a escondidas a altos cargos y personal <\/a>de la organizaci\u00f3n mientras ejerci\u00f3 de responsable de prensa del Grupo Parlamentario Popular en la C\u00e1mara auton\u00f3mica canaria.\n    <\/p>\n<p class=\"article-text\">\n        Todav\u00eda no se hab\u00eda secado la tinta del <a href=\"https:\/\/www.gobiernodecanarias.org\/boc\/2025\/236\/4041.html\" target=\"_blank\" data-mrf-recirculation=\"links-noticia\" class=\"link\" rel=\"nofollow noopener\">Bolet\u00edn Oficial de Canarias<\/a> en el que aparece su nombramiento, y el nuevo administrador general ya ha perpetrado su primer despido.\n    <\/p>\n<p class=\"article-text\">\n        Candelaria Delgado, que se ha granjeado el respeto y el cari\u00f1o de la profesi\u00f3n tanto dentro como fuera de la televisi\u00f3n p\u00fablica, ha sido estos a\u00f1os cargo de confianza de directores generales y administradores \u00fanicos como Willy Garc\u00eda, Santiago Negrin, Jos\u00e9 Carlos Naranjo, Francisco Moreno y Mar\u00eda M\u00e9ndez.\n    <\/p>\n<p>    <a href=\"https:\/\/www.eldiario.es\/canariasahora\/politica\/oposicion-reprocha-nuevo-administrador-rtvc-no-responda-preguntas-ley-audiovisual-pide-paz-laboral_1_12811472.html\" data-mrf-recirculation=\"saber-mas-abajo\" data-dl-event=\"saber-mas-abajo\" rel=\"nofollow noopener\" target=\"_blank\"><\/p>\n<p class=\"know-more__title\">La oposici\u00f3n reprocha al nuevo administrador de RTVC que no responda a preguntas sobre la ley audiovisual y pide \u201cpaz laboral\u201d\n<\/p>\n<p>            <img decoding=\"async\" class=\"lazy\" loading=\"lazy\" data-src=\"https:\/\/static.eldiario.es\/clip\/2fed9b0f-1a7a-41b8-8d90-9c297484bd7d_16-9-aspect-ratio_default_0.jpg\" src=\"data:image\/svg+xml,%3Csvg xmlns=\" http:=\"\" viewbox=\"0 0 880 495\" alt=\"La oposici\u00f3n reprocha al nuevo administrador de RTVC que no responda a preguntas sobre la ley audiovisual y pide &quot;paz laboral&quot;\"\/><\/p>\n<p>                        <\/a><\/p>\n<p class=\"article-text\">\n        Antes fue jefa de prensa de la Alcald\u00eda de Las Palmas de Gran Canaria con Pepa Luzardo, adem\u00e1s de llevar las relaciones con los medios del hist\u00f3rico senador Jos\u00e9 Mac\u00edas, o la direcci\u00f3n de Comunicaci\u00f3n del teatro P\u00e9rez Gald\u00f3s. Tambi\u00e9n ha trabajado como periodista en La Opini\u00f3n de Tenerife y La Gaceta de Canarias.\n    <\/p>\n","protected":false},"excerpt":{"rendered":"El nuevo administrador general de Radio Televisi\u00f3n Canaria, C\u00e9sar Toledo, ha despedido este martes sin previo aviso a&hellip;\n","protected":false},"author":2,"featured_media":267801,"comment_status":"","ping_status":"","sticky":false,"template":"","format":"standard","meta":{"footnotes":""},"categories":[171],"tags":[63413,7221,1369,385,12919,6193,146,147,25,24,5229,524,23,807,214],"class_list":{"0":"post-267800","1":"post","2":"type-post","3":"status-publish","4":"format-standard","5":"has-post-thumbnail","7":"category-tv","8":"tag-administrador","9":"tag-canaria","10":"tag-candelaria","11":"tag-casa","12":"tag-delgado","13":"tag-despide","14":"tag-entertainment","15":"tag-entretenimiento","16":"tag-es","17":"tag-espana","18":"tag-historica","19":"tag-nuevo","20":"tag-spain","21":"tag-television","22":"tag-tv"},"share_on_mastodon":{"url":"https:\/\/pubeurope.com\/@es\/115651876304517418","error":""},"_links":{"self":[{"href":"https:\/\/www.europesays.com\/es\/wp-json\/wp\/v2\/posts\/267800","targetHints":{"allow":["GET"]}}],"collection":[{"href":"https:\/\/www.europesays.com\/es\/wp-json\/wp\/v2\/posts"}],"about":[{"href":"https:\/\/www.europesays.com\/es\/wp-json\/wp\/v2\/types\/post"}],"author":[{"embeddable":true,"href":"https:\/\/www.europesays.com\/es\/wp-json\/wp\/v2\/users\/2"}],"replies":[{"embeddable":true,"href":"https:\/\/www.europesays.com\/es\/wp-json\/wp\/v2\/comments?post=267800"}],"version-history":[{"count":0,"href":"https:\/\/www.europesays.com\/es\/wp-json\/wp\/v2\/posts\/267800\/revisions"}],"wp:featuredmedia":[{"embeddable":true,"href":"https:\/\/www.europesays.com\/es\/wp-json\/wp\/v2\/media\/267801"}],"wp:attachment":[{"href":"https:\/\/www.europesays.com\/es\/wp-json\/wp\/v2\/media?parent=267800"}],"wp:term":[{"taxonomy":"category","embeddable":true,"href":"https:\/\/www.europesays.com\/es\/wp-json\/wp\/v2\/categories?post=267800"},{"taxonomy":"post_tag","embeddable":true,"href":"https:\/\/www.europesays.com\/es\/wp-json\/wp\/v2\/tags?post=267800"}],"curies":[{"name":"wp","href":"https:\/\/api.w.org\/{rel}","templated":true}]}}