{"id":267815,"date":"2025-12-02T20:39:09","date_gmt":"2025-12-02T20:39:09","guid":{"rendered":"https:\/\/www.europesays.com\/es\/267815\/"},"modified":"2025-12-02T20:39:09","modified_gmt":"2025-12-02T20:39:09","slug":"si-europa-quiere-la-guerra-con-rusia-estamos-preparados","status":"publish","type":"post","link":"https:\/\/www.europesays.com\/es\/267815\/","title":{"rendered":"\u00abSi Europa quiere la guerra con Rusia, estamos preparados\u00bb"},"content":{"rendered":"<p style=\"\">Justo antes de recibir al enviado especial de Trump <strong>Steve Witkoff <\/strong>para tratar el <a href=\"https:\/\/www.abc.es\/internacional\/zelenski-visto-bueno-plan-paz-trump-documento-20251202130408-nt.html\" data-voc-vtm-id=\"in-text-traffic\" title=\"plan de paz para Ucrania\" rel=\"nofollow noopener\" target=\"_blank\">plan de paz para Ucrania<\/a>, <strong>Vlad\u00edmir Putin<\/strong> compareci\u00f3 este martes en el foro econ\u00f3mico del banco VTB &#8216;Rusia llama&#8217;. Desde el atril de este evento, el mandatario toc\u00f3 muchos  &#8230; temas de actualidad y diferentes mensajes dirigidos a sus vecinos del continente. Advirti\u00f3 a los l\u00edderes europeos de que Rusia no tiene planes de entrar en guerra con la UE pero \u00absi Europa de repente quiere luchar contra nosotros y empieza, (Rusia) est\u00e1 lista ahora mismo\u00bb.<\/p>\n<p class=\"voc-p\" style=\"\">Tambi\u00e9n critic\u00f3 las iniciativas europeas, de las que dijo que bloquean las negociaciones. \u00abEllos no tienen una agenda de paz, est\u00e1n del lado de la guerra\u00bb critic\u00f3. Opin\u00f3 que desde el Kremlin ven \u00abclaramente que estos cambios tienen un solo objetivo: bloquear todo el proceso de paz\u00bb.<\/p>\n<p class=\"voc-p\" style=\"\">Putin se\u00f1al\u00f3 que de las negociaciones, seg\u00fan \u00e9l, nadie expuls\u00f3 a <strong>Bruselas<\/strong>. \u00abEllos (los pa\u00edses de<a href=\"https:\/\/www.abc.es\/internacional\/banco-central-europeo-niega-garantizar-prestamo-ucrania-20251202131616-nt.html\" data-voc-vtm-id=\"in-text-traffic\" title=\" Europa\" rel=\"nofollow noopener\" target=\"_blank\"> Europa<\/a>) est\u00e1n ofendidos por haber sido excluidos de las negociaciones (sobre Ucrania). Pero quiero se\u00f1alar que nadie los suspendi\u00f3, ellos mismos se retiraron\u00bb, asegur\u00f3. La pol\u00edtica de la UE respecto al conflicto ha buscado responder a Rusia y sancionarla, adem\u00e1s de apoyar econ\u00f3micamente y militarmente a Ucrania, algo que ha molestado a Mosc\u00fa. Reiter\u00f3 que las \u00abpropuestas presentadas por Europa como parte del plan de paz sobre Ucrania son inaceptables para Rusia\u00bb.<\/p>\n<blockquote class=\"twitter-tweet\">\n<p lang=\"en\" dir=\"ltr\">Putin:<\/p>\n<p>If Europe wants to start a war, we are ready immediately.<\/p>\n<p>If Europe begins a war against Russia, soon Moscow \u201cwill have no one to negotiate with.\u201d <a href=\"https:\/\/t.co\/sx4dNIprMN\" rel=\"nofollow\">pic.twitter.com\/sx4dNIprMN<\/a><\/p>\n<p>\u2014 Russian Market (@runews) <a href=\"https:\/\/twitter.com\/runews\/status\/1995873202661179738?ref_src=twsrc%5Etfw\" rel=\"nofollow noopener\" target=\"_blank\">December 2, 2025<\/a><\/p><\/blockquote>\n<p class=\"voc-p\" style=\"\"><strong\/>Argument\u00f3 que, desde su punto de vista, los pa\u00edses occidentales \u00abquieren eliminar a los competidores, mantener sus antiguos privilegios en un mundo en r\u00e1pido cambio, ese monopolio que se les escapa\u00bb. A pesar de sus palabras, el pa\u00eds euroasi\u00e1tico se ha visto debilitado tras casi cuatro a\u00f1os de guerra, ha perdido influencia en <strong>Oriente Pr\u00f3ximo<\/strong>, el <strong>C\u00e1ucaso<\/strong> y <strong>Asia Central<\/strong>. Adem\u00e1s, podr\u00eda perder pronto la Venezuela de Nicol\u00e1s Maduro.\ufeff<\/p>\n<p class=\"voc-p\" style=\"\">Desde la capital rusa, Putin tambi\u00e9n mencion\u00f3 que su pa\u00eds siente \u00abpresi\u00f3n externa (&#8230;)\u00bb. \u00abSin embargo, (&#8230;) <strong>la econom\u00eda est\u00e1 haciendo frente con \u00e9xito a estos desaf\u00edos<\/strong>\u00bb, matiz\u00f3. Adem\u00e1s se\u00f1al\u00f3 que su deuda p\u00fablica es de las m\u00e1s bajas del mundo, inferior al 20% del PIB. A pesar de estas palabras la econom\u00eda rusa ha sufrido vaivenes y las autoridades se han visto obligadas recientemente a subir impuestos tanto a la renta como por el valor a\u00f1adido.<\/p>\n<p class=\"voc-title\">\u00abLos europeos no tienen una agenda de paz, est\u00e1n del lado de la guerra. Dificultan que la administraci\u00f3n estadounidense y Trump alcancen la paz mediante negociaciones\u00bb<\/p>\n<p class=\"voc-article-position__name\">Vlad\u00edmir Putin<\/p>\n<p class=\"voc-article-position__employ\">Presidente de Rusia<\/p>\n<p class=\"voc-p\" style=\"\">Otro de los temas principales de su discurso fue <strong>Ucrania<\/strong>. El jefe del Kremlin critic\u00f3 los ataques de Kiev contra petroleros rusos en el mar Negro e incluso los tild\u00f3 de \u00abpirater\u00eda\u00bb. A\u00f1adi\u00f3 que Rusia considerar\u00e1 \u00abmedidas de respuesta contra los buques de pa\u00edses que asisten a Kiev en estas operaciones de pirater\u00eda\u00bb. Putin e\u00f1al\u00f3 que la forma m\u00e1s radical de combatirlo ser\u00eda \u00abaislar a Ucrania del mar\u00bb.<\/p>\n<p class=\"voc-p\" style=\"\">Otra respuesta rusa m\u00e1s viable, seg\u00fan Putin, ser\u00eda que Mosc\u00fa \u00abampliara el alcance de nuestros ataques contra las instalaciones portuarias y los buques que hacen escala en puertos ucranianos\u00bb. La ciudad portuaria de Odesa, el nodo m\u00e1s importante ucraniano en el Mar Negro, es una de las ciudades que ha sido atacada en algunas ocasioens por las tropas rusas.<\/p>\n<p class=\"voc-p\" style=\"\">Estas declaraciones, realizadas justo antes de la reuni\u00f3n con los estadounidenses, llegan horas despu\u00e9s de que <strong>Volod\u00edmir Zelenski<\/strong> diese su benepl\u00e1cito a la <a href=\"https:\/\/www.abc.es\/internacional\/plan-trump-pedirle-eeuu-ceda-alaska-20251121202105-nt.html\" data-voc-vtm-id=\"in-text-traffic\" title=\"propuesta \u2014revisada\u2014\" rel=\"nofollow noopener\" target=\"_blank\">propuesta \u2014revisada\u2014<\/a> de paz que ha puesto sobre la mesa Estados Unidos para acabar con la guerra en Ucrania.<\/p>\n<p><script async src=\"https:\/\/platform.twitter.com\/widgets.js\" charset=\"utf-8\"><\/script><\/p>\n","protected":false},"excerpt":{"rendered":"Justo antes de recibir al enviado especial de Trump Steve Witkoff para tratar el plan de paz para&hellip;\n","protected":false},"author":2,"featured_media":267816,"comment_status":"","ping_status":"","sticky":false,"template":"","format":"standard","meta":{"footnotes":""},"categories":[42],"tags":[17,18,700,13,14,69,11,61,62,63,64,19,20,9,10,15,16,27278,10981,2615,1614,12,21,22,65,66,67],"class_list":{"0":"post-267815","1":"post","2":"type-post","3":"status-publish","4":"format-standard","5":"has-post-thumbnail","7":"category-internacional","8":"tag-breaking-news","9":"tag-breakingnews","10":"tag-europa","11":"tag-featured-news","12":"tag-featurednews","13":"tag-guerra","14":"tag-headlines","15":"tag-internacional","16":"tag-international","17":"tag-international-news","18":"tag-internationalnews","19":"tag-latest-news","20":"tag-latestnews","21":"tag-news","22":"tag-noticias","23":"tag-noticias-destacadas","24":"tag-noticiasdestacadas","25":"tag-preparados","26":"tag-putin","27":"tag-quiere","28":"tag-rusia","29":"tag-titulares","30":"tag-ultimas-noticias","31":"tag-ultimasnoticias","32":"tag-world","33":"tag-world-news","34":"tag-worldnews"},"share_on_mastodon":{"url":"https:\/\/pubeurope.com\/@es\/115651907907366677","error":""},"_links":{"self":[{"href":"https:\/\/www.europesays.com\/es\/wp-json\/wp\/v2\/posts\/267815","targetHints":{"allow":["GET"]}}],"collection":[{"href":"https:\/\/www.europesays.com\/es\/wp-json\/wp\/v2\/posts"}],"about":[{"href":"https:\/\/www.europesays.com\/es\/wp-json\/wp\/v2\/types\/post"}],"author":[{"embeddable":true,"href":"https:\/\/www.europesays.com\/es\/wp-json\/wp\/v2\/users\/2"}],"replies":[{"embeddable":true,"href":"https:\/\/www.europesays.com\/es\/wp-json\/wp\/v2\/comments?post=267815"}],"version-history":[{"count":0,"href":"https:\/\/www.europesays.com\/es\/wp-json\/wp\/v2\/posts\/267815\/revisions"}],"wp:featuredmedia":[{"embeddable":true,"href":"https:\/\/www.europesays.com\/es\/wp-json\/wp\/v2\/media\/267816"}],"wp:attachment":[{"href":"https:\/\/www.europesays.com\/es\/wp-json\/wp\/v2\/media?parent=267815"}],"wp:term":[{"taxonomy":"category","embeddable":true,"href":"https:\/\/www.europesays.com\/es\/wp-json\/wp\/v2\/categories?post=267815"},{"taxonomy":"post_tag","embeddable":true,"href":"https:\/\/www.europesays.com\/es\/wp-json\/wp\/v2\/tags?post=267815"}],"curies":[{"name":"wp","href":"https:\/\/api.w.org\/{rel}","templated":true}]}}