{"id":267817,"date":"2025-12-02T20:40:09","date_gmt":"2025-12-02T20:40:09","guid":{"rendered":"https:\/\/www.europesays.com\/es\/267817\/"},"modified":"2025-12-02T20:40:09","modified_gmt":"2025-12-02T20:40:09","slug":"investigan-como-un-presunto-caso-de-violencia-de-genero-el-hallazgo-del-cuerpo-de-una-mujer-en-su-domicilio-de-alicante","status":"publish","type":"post","link":"https:\/\/www.europesays.com\/es\/267817\/","title":{"rendered":"Investigan como un presunto caso de violencia de g\u00e9nero el hallazgo del cuerpo de una mujer en su domicilio de Alicante"},"content":{"rendered":"<p class=\"L6-news-detail__text\">Se investiga como violencia machista el hallazgo del cad\u00e1ver de una mujer de 29 a\u00f1os y el de un hombre de 34 en un domicilio de Alicante, seg\u00fan han informado fuentes cercanas a la investigaci\u00f3n a laSexta.<\/p>\n<p class=\"L6-news-detail__text\">Las mismas fuentes han agregado que l<b>a mujer presenta signos de violencia con arma blanca, mientras que \u00e9l se habr\u00eda suicidado<\/b>. <b><a title=\"Seg\u00fan apunta &#039;Las Provincias&#039;\" href=\"https:\/\/www.lasprovincias.es\/sucesos\/hallan-vivienda-alicante-cadaver-mujer-apunalada-hombre-20251202193109-nt.html?ref=https%3A%2F%2Fwww.lasprovincias.es%2Fsucesos%2Fhallan-vivienda-alicante-cadaver-mujer-apunalada-hombre-20251202193109-nt.html\" rel=\"nofollow noopener\" target=\"_blank\">Seg\u00fan apunta &#8216;Las Provincias&#8217;<\/a><\/b>, el hombre se habr\u00eda ahorcado.<\/p>\n<p class=\"L6-news-detail__text\">La Polic\u00eda Nacional ha comunicado que en la tarde de este martes \u00abse ha recibido aviso por el hallazgo de dos cuerpos sin vida encontrados en una vivienda de la ciudad de Alicante\u00bb, que han sido encontrados por \u00abun testigo cuando ha accedido al interior del citado domicilio\u00bb.<\/p>\n<p class=\"L6-news-detail__text\">Adem\u00e1s, han informado que \u00ablos primeros indicios apuntan a que e<b>ntre los dos fallecidos existir\u00eda una relaci\u00f3n sentimental <\/b>por lo que se est\u00e1 tratando como un presunto caso de violencia de g\u00e9nero\u00bb.<\/p>\n<p class=\"L6-news-detail__text\">\u00abLos agentes del Grupo de Homicidios y Cient\u00edfica de Polic\u00eda Nacional se encuentran en estos momentos realizando la correspondiente Inspecci\u00f3n Ocular para recabar todos los indicios acerca de los hechos para esclarecer las causas de los fallecimientos\u00bb, ha agregado en el comunicado.<\/p>\n<p class=\"L6-news-detail__text\">\u00ab<b>Estamos recabando datos del asesinato por presunta violencia de g\u00e9nero<\/b> de una mujer en la provincia de Alicante\u00bb, seg\u00fan ha informado Delegaci\u00f3n del Gobierno contra la Violencia de G\u00e9nero en su cuenta de X.<\/p>\n<p class=\"L6-news-detail__text\"><b>De confirmarse, ser\u00edan 42 las mujeres asesinadas por violencia machista<\/b> en Espa\u00f1a en lo que va de a\u00f1o.<\/p>\n<p>&#8216;016&#8217;, tel\u00e9fono contra la violencia machista<\/p>\n<p class=\"L6-news-detail__text\">El<b><a title=\" &#039;016&#039; es el tel\u00e9fono de atenci\u00f3n a las v\u00edctimas de violencia machista\" href=\"https:\/\/violenciagenero.igualdad.gob.es\/informacion-3\/recursos\/telefono016\/\" target=\"_blank\" rel=\"nofollow noopener\"> &#8216;016&#8217; es el tel\u00e9fono de atenci\u00f3n a las v\u00edctimas de violencia machista<\/a><\/b>. Est\u00e1 disponible 24 horas al d\u00eda los 365 d\u00edas al a\u00f1o. La llamada es gratuita y no deja huella en la factura, aunque hay que eliminarlo de las \u00faltimas llamadas.<\/p>\n<p class=\"L6-news-detail__text\"><b><a title=\"*Sigue a laSexta en Google. Toda la actualidad y el mejor contenido aqu\u00ed.\" href=\"https:\/\/profile.google.com\/cp\/CgkvbS8wZG5xejA\" target=\"_blank\" rel=\"nofollow noopener\">*Sigue a laSexta en Google. Toda la actualidad y el mejor contenido aqu\u00ed.<\/a><\/b><\/p>\n<p class=\"L6-support-news-video__title\">Planeaban un ataque terrorista<\/p>\n<p>            <a href=\"https:\/\/www.lasexta.com\/noticias\/sociedad\/prision-lider-primera-celula-desarticulada-espana-grupo-neonazi-the-base_20251202692f1c9c6e5e5012dcd7b07a.html\" class=\"L6-news__link\" rel=\"nofollow noopener\" target=\"_blank\"><br \/>\n                Prisi\u00f3n para el l\u00edder de la primera c\u00e9lula desarticulada en Espa\u00f1a del grupo neonazi de &#8216;The Base&#8217;<\/p>\n<p class=\"recirculation-video-desc\">Los detalles El juez decreta prisi\u00f3n provisional y sin fianza por el riesgo de fuga y de reiteraci\u00f3n delictiva del detenido.<\/p>\n<p>            <\/a><\/p>\n","protected":false},"excerpt":{"rendered":"Se investiga como violencia machista el hallazgo del cad\u00e1ver de una mujer de 29 a\u00f1os y el de&hellip;\n","protected":false},"author":2,"featured_media":267818,"comment_status":"","ping_status":"","sticky":false,"template":"","format":"standard","meta":{"footnotes":""},"categories":[8],"tags":[17,18,25,24,13,14,11,19,20,9,10,15,16,23,12,21,22],"class_list":{"0":"post-267817","1":"post","2":"type-post","3":"status-publish","4":"format-standard","5":"has-post-thumbnail","7":"category-espana","8":"tag-breaking-news","9":"tag-breakingnews","10":"tag-es","11":"tag-espana","12":"tag-featured-news","13":"tag-featurednews","14":"tag-headlines","15":"tag-latest-news","16":"tag-latestnews","17":"tag-news","18":"tag-noticias","19":"tag-noticias-destacadas","20":"tag-noticiasdestacadas","21":"tag-spain","22":"tag-titulares","23":"tag-ultimas-noticias","24":"tag-ultimasnoticias"},"share_on_mastodon":{"url":"https:\/\/pubeurope.com\/@es\/115651911709044806","error":""},"_links":{"self":[{"href":"https:\/\/www.europesays.com\/es\/wp-json\/wp\/v2\/posts\/267817","targetHints":{"allow":["GET"]}}],"collection":[{"href":"https:\/\/www.europesays.com\/es\/wp-json\/wp\/v2\/posts"}],"about":[{"href":"https:\/\/www.europesays.com\/es\/wp-json\/wp\/v2\/types\/post"}],"author":[{"embeddable":true,"href":"https:\/\/www.europesays.com\/es\/wp-json\/wp\/v2\/users\/2"}],"replies":[{"embeddable":true,"href":"https:\/\/www.europesays.com\/es\/wp-json\/wp\/v2\/comments?post=267817"}],"version-history":[{"count":0,"href":"https:\/\/www.europesays.com\/es\/wp-json\/wp\/v2\/posts\/267817\/revisions"}],"wp:featuredmedia":[{"embeddable":true,"href":"https:\/\/www.europesays.com\/es\/wp-json\/wp\/v2\/media\/267818"}],"wp:attachment":[{"href":"https:\/\/www.europesays.com\/es\/wp-json\/wp\/v2\/media?parent=267817"}],"wp:term":[{"taxonomy":"category","embeddable":true,"href":"https:\/\/www.europesays.com\/es\/wp-json\/wp\/v2\/categories?post=267817"},{"taxonomy":"post_tag","embeddable":true,"href":"https:\/\/www.europesays.com\/es\/wp-json\/wp\/v2\/tags?post=267817"}],"curies":[{"name":"wp","href":"https:\/\/api.w.org\/{rel}","templated":true}]}}