{"id":267819,"date":"2025-12-02T20:41:17","date_gmt":"2025-12-02T20:41:17","guid":{"rendered":"https:\/\/www.europesays.com\/es\/267819\/"},"modified":"2025-12-02T20:41:17","modified_gmt":"2025-12-02T20:41:17","slug":"interior-entrega-a-senegal-dos-patrulleras-para-contribuir-al-trabajo-clave-en-prevencion-migratoria-de-sus-fuerzas-de-seguridad","status":"publish","type":"post","link":"https:\/\/www.europesays.com\/es\/267819\/","title":{"rendered":"Interior entrega a Senegal dos patrulleras para contribuir al \u00abtrabajo clave\u00bb en prevenci\u00f3n migratoria de sus fuerzas de seguridad"},"content":{"rendered":"<p class=\"main-image\">&#13; <img decoding=\"async\" alt=\"El ministro del Interior, Fernando Grande-Marlaska, durante el acto de entrega\" title=\"El ministro del Interior, Fernando Grande-Marlaska, durante el acto de entrega\" src=\"https:\/\/www.europesays.com\/es\/wp-content\/uploads\/2025\/12\/021225-marlaska-senegal.jpg\"\/>&#13;El ministro del Interior, Fernando Grande-Marlaska, durante el acto de entrega (Pool Moncloa)&#13;&#13;<\/p>\n<p>\u00abLa inmigraci\u00f3n irregular es un reto nacional, regional y mundial de gran complejidad y en constante evoluci\u00f3n\u00bb, ha afirmado Grande-Marlaska durante el acto de donaci\u00f3n celebrado en el Arsenal Militar de la Marina Nacional, donde ha agradecido a su hom\u00f3logo, Mouhamadou Bamba Ciss\u00e9, \u00abel esfuerzo diario\u00bb de Senegal para combatir la inmigraci\u00f3n irregular, \u00abun desaf\u00edo com\u00fan que demanda responsabilidad compartida y cooperaci\u00f3n efectiva entre nuestros pa\u00edses\u00bb.<\/p>\n<p>El encuentro de hoy es el segundo que han mantenido ambos ministros. Los dos titulares de Interior se reunieron tambi\u00e9n el pasado 4 de noviembre en Abu Dabi (Emiratos \u00c1rabes Unidos), en el marco de la 6\u00aa Reuni\u00f3n Ministerial de la Alianza Internacional para la Seguridad, donde ya coincidieron en la importancia de la cooperaci\u00f3n bilateral.<\/p>\n<p>M\u00e1s de 5.100 interceptaciones en 2025<\/p>\n<p>La vigilancia conjunta entre fuerzas de seguridad espa\u00f1olas y senegalesas ha permitido realizar en 2025 m\u00e1s de 5.100 interceptaciones de personas y 126 embarcaciones, y el n\u00famero de llegadas irregulares a Canarias desde las costas de Senegal se ha reducido en el 91 por ciento, pasando de 9.000 en 2024 a menos de 850 este a\u00f1o. En el mismo periodo, el n\u00famero de senegaleses llegados de manera irregular a Espa\u00f1a ha descendido en torno al 60 por ciento.<\/p>\n<p>\u00abLos datos son la consecuencia de la eficaz cooperaci\u00f3n que nuestros pa\u00edses est\u00e1n desarrollando\u00bb, ha explicado el ministro, que se ha referido a la entrega de las embarcaciones como una prueba del inter\u00e9s por seguir fortaleciendo a\u00fan m\u00e1s la colaboraci\u00f3n bilateral. \u00abLos dos buques de altura que entregamos hoy a la Gendarmer\u00eda Nacional y a la Polic\u00eda Nacional de Senegal contribuir\u00e1n a la mejora de las capacidades operativas de control fronterizo y de lucha contra la delincuencia, incluido el tr\u00e1fico de personas\u00bb, ha explicado.<\/p>\n<p>En la actualidad, Espa\u00f1a mantiene en Senegal un dispositivo de cuarenta miembros de Polic\u00eda Nacional y de la Guardia Civil, junto a la Gendarmer\u00eda y la Polic\u00eda Nacional de Senegal en labores de patrullaje terrestre, mar\u00edtimo y fluvial. Al despliegue, se suman tres embarcaciones (dos de altura y una de media altura), un helic\u00f3ptero y 13 veh\u00edculos todoterreno, y de forma peri\u00f3dica, un avi\u00f3n de vigilancia y un buque oce\u00e1nico. Espa\u00f1a colabora tambi\u00e9n en el marco de proyectos europeos como el Partenariado Operativo Com\u00fan (POC) y la Red de partenariados Operativos Conjuntos (NETCOP II).<\/p>\n<p>Dos buques de patrulla costera<\/p>\n<p>Las dos embarcaciones entregadas a Senegal son buques de patrulla costera, del tipo CPV, dise\u00f1ados para operar desde un puerto base y capaces de realizar misiones de vigilancia, disuasi\u00f3n, persecuci\u00f3n y neutralizaci\u00f3n de actividades ilegales. Los buques Joal y Mouhamed Ndao, como han sido nombrados, pueden operar en aguas interiores y costeras sin m\u00e1s limitaci\u00f3n que su autonom\u00eda.<\/p>\n<p>Su tama\u00f1o -de entre 25 y 30 metros de eslora y 6 de manga-, el dise\u00f1o y construcci\u00f3n del casco en forma de V para el planeo y su sistema de propulsi\u00f3n les permite alcanzar una velocidad m\u00e1xima de entre 30 y 35 nudos, con una gran maniobrabilidad a cualquier velocidad, tanto en el atraque como en la salida. Cada buque cuenta, adem\u00e1s, con un bote neum\u00e1tico de 6 metros de eslora y capacidad para 6 personas que puede utilizarse como embarcaci\u00f3n de intervenci\u00f3n o como bote salvavidas.<\/p>\n<p>Imposici\u00f3n de condecoraciones<\/p>\n<p>Grande-Marlaska ha aprovechado la visita a Dakar para condecorar al director general de la Gendarmer\u00eda Nacional de Senegal y director de la Justicia Militar, Martin Faye, y al director general de la Polic\u00eda Nacional de Senegal, Mame Seydou Ndour, con la Medalla del M\u00e9rito de la Guardia Civil, en la categor\u00eda Cruz de plata, \u00abpor su extraordinaria labor en el \u00e1mbito migratorio y de seguridad\u00bb, seg\u00fan ha destacado el ministro en el acto de entrega.<\/p>\n<p>\u00abVuestro trabajo y el de las personas que componen los equipos que lider\u00e1is es un ejemplo para todos\u00bb, ha elogiado el ministro, que les ha expresado \u00abel profundo agradecimiento de Espa\u00f1a\u00bb a la Gendarmer\u00eda y a la Polic\u00eda Nacional de Senegal por su lucha contra la inmigraci\u00f3n irregular, las redes de trata de seres humanos y de tr\u00e1fico de personas, el terrorismo y la delincuencia organizada.<\/p>\n","protected":false},"excerpt":{"rendered":"&#13; &#13;El ministro del Interior, Fernando Grande-Marlaska, durante el acto de entrega (Pool Moncloa)&#13;&#13; \u00abLa inmigraci\u00f3n irregular es&hellip;\n","protected":false},"author":2,"featured_media":267820,"comment_status":"","ping_status":"","sticky":false,"template":"","format":"standard","meta":{"footnotes":""},"categories":[5],"tags":[517,17,18,25,24,13,14,11,19,20,9,10,15,16,2330,1811,23,12,21,22],"class_list":{"0":"post-267819","1":"post","2":"type-post","3":"status-publish","4":"format-standard","5":"has-post-thumbnail","7":"category-titulares","8":"tag-actualidad","9":"tag-breaking-news","10":"tag-breakingnews","11":"tag-es","12":"tag-espana","13":"tag-featured-news","14":"tag-featurednews","15":"tag-headlines","16":"tag-latest-news","17":"tag-latestnews","18":"tag-news","19":"tag-noticias","20":"tag-noticias-destacadas","21":"tag-noticiasdestacadas","22":"tag-prensa","23":"tag-sanidad","24":"tag-spain","25":"tag-titulares","26":"tag-ultimas-noticias","27":"tag-ultimasnoticias"},"share_on_mastodon":{"url":"https:\/\/pubeurope.com\/@es\/115651915807637899","error":""},"_links":{"self":[{"href":"https:\/\/www.europesays.com\/es\/wp-json\/wp\/v2\/posts\/267819","targetHints":{"allow":["GET"]}}],"collection":[{"href":"https:\/\/www.europesays.com\/es\/wp-json\/wp\/v2\/posts"}],"about":[{"href":"https:\/\/www.europesays.com\/es\/wp-json\/wp\/v2\/types\/post"}],"author":[{"embeddable":true,"href":"https:\/\/www.europesays.com\/es\/wp-json\/wp\/v2\/users\/2"}],"replies":[{"embeddable":true,"href":"https:\/\/www.europesays.com\/es\/wp-json\/wp\/v2\/comments?post=267819"}],"version-history":[{"count":0,"href":"https:\/\/www.europesays.com\/es\/wp-json\/wp\/v2\/posts\/267819\/revisions"}],"wp:featuredmedia":[{"embeddable":true,"href":"https:\/\/www.europesays.com\/es\/wp-json\/wp\/v2\/media\/267820"}],"wp:attachment":[{"href":"https:\/\/www.europesays.com\/es\/wp-json\/wp\/v2\/media?parent=267819"}],"wp:term":[{"taxonomy":"category","embeddable":true,"href":"https:\/\/www.europesays.com\/es\/wp-json\/wp\/v2\/categories?post=267819"},{"taxonomy":"post_tag","embeddable":true,"href":"https:\/\/www.europesays.com\/es\/wp-json\/wp\/v2\/tags?post=267819"}],"curies":[{"name":"wp","href":"https:\/\/api.w.org\/{rel}","templated":true}]}}