{"id":267821,"date":"2025-12-02T20:46:15","date_gmt":"2025-12-02T20:46:15","guid":{"rendered":"https:\/\/www.europesays.com\/es\/267821\/"},"modified":"2025-12-02T20:46:15","modified_gmt":"2025-12-02T20:46:15","slug":"el-album-de-su-compromiso-o-de-su-boda","status":"publish","type":"post","link":"https:\/\/www.europesays.com\/es\/267821\/","title":{"rendered":"\u00bfel \u00e1lbum de su compromiso o de su boda?"},"content":{"rendered":"<p id=\"eKCLFC6jOuk\" data-wc=\"103\">Es una de las mujeres m\u00e1s populares del mundo, ya que su nombre forma parte del Olimpo del tenis, pero <strong>Venus Williams<\/strong> ha sabido separar las parcelas y mantener el hermetismo en su vida privada. En verano de 2024 fue fotografiada por primera vez junto a <strong>Andrea Preti\u00a0<\/strong>durante unas vacaciones en Italia y poco despu\u00e9s comenz\u00f3 a hablarse de compromiso, tras verla entrenando con un anillo en un campeonato en Roma. Ella misma confirm\u00f3 los rumores un a\u00f1o despu\u00e9s de conocerse su noviazgo y ahora ha abierto su \u00e1lbum personal. Un movimiento que deja abierta una gran inc\u00f3gnita: \u00bfse han casado ya?<\/p>\n<p> <img src=\"https:\/\/www.europesays.com\/es\/wp-content\/uploads\/2025\/12\/55fe85e2a469-engaged-1-31-25-1.jpg\"   width=\"1024\" height=\"681\" loading=\"lazy\" decoding=\"async\" alt=\"Media Image\" fetchpriority=\"auto\" class=\"image ho-image\"\/>\u00a9 venuswilliams<\/p>\n<p id=\"eWAMTybCSY\" data-wc=\"119\">\u00a0La ganadora de 23 Grand Slam (7 individuales, 14 dobles femeninos y 2 dobles mixtos) ha mostrado cuatro instant\u00e1neas muy rom\u00e1nticas en las que les acompa\u00f1a Harry, la mascota de Venus y su fiel amigo desde hace casi dos d\u00e9cadas. Mientras que Andrea aparece con looks diferentes como una camisa con estampado de leopardo y otra blanca, ella posa ante el objetivo con el mismo vestido. Se trata de un dise\u00f1o blanco firmado por Prada, atado en el cuello y con espalda al aire, que invita a pensar que es una prenda nupcial. \u00ab31 de enero de 2025. Comprometidos\u00bb, dice junto a las fotos, dando a entender tambi\u00e9n que podr\u00edan pertenecer al d\u00eda de su pedida, que fue secreta.<\/p>\n<p> <img src=\"https:\/\/www.europesays.com\/es\/wp-content\/uploads\/2025\/12\/3e643a693a76-engaged-1-31-25.jpg\"   width=\"1024\" height=\"681\" loading=\"lazy\" decoding=\"async\" alt=\"Media Image\" fetchpriority=\"auto\" class=\"image ho-image\"\/><\/p>\n<p id=\"eUIZ0YMGjx\" data-wc=\"89\">Venus ha encontrado en Andrea al perfecto compa\u00f1ero de vida, la persona que cumple todos los requisitos que ella necesita para enamorarse. \u00abEn mis relaciones, siempre he querido a alguien que est\u00e9 completamente dispuesto a ayudarme. Si no lo est\u00e1s, no te quiero aqu\u00ed. Me ofendo completamente si no lo est\u00e1s. En segundo lugar, quiero algo que sea sincero\u00bb, contaba la tenista, que se define como una mujer muy segura de s\u00ed misma porque creci\u00f3 con los consejos de una madre que siempre la anim\u00f3 a ser ella misma.<\/p>\n<p> <img src=\"https:\/\/www.europesays.com\/es\/wp-content\/uploads\/2025\/12\/bc9b8c8cbd9f-engaged-1-31-25-2.jpg\"   width=\"1024\" height=\"685\" loading=\"lazy\" decoding=\"async\" alt=\"Media Image\" fetchpriority=\"auto\" class=\"image ho-image\"\/>\u00a9 venuswilliams<\/p>\n<p id=\"ePpGG577mp\" data-wc=\"79\">La vida de Venus Williams siempre ha girado en torno al tenis, pero Andrea Preti no tiene nada que ver con el deporte. Nacido el 6 de junio de 1988 en Dinamarca, ha crecido en Italia, donde dio sus primeros pasos como modelo. Su profesi\u00f3n le llev\u00f3 a mudarse a Nueva York, donde ampli\u00f3 sus horizontes form\u00e1ndose como actor. Para estudiar eligi\u00f3 el Susan Batson Studio, por donde han pasado alumnos tan ilustres como Nicole Kidman y Juliette Binoche.<\/p>\n<p> <img src=\"https:\/\/www.europesays.com\/es\/wp-content\/uploads\/2025\/12\/59bc25bd5438-engaged-1-31-25-3.jpg\"   width=\"1024\" height=\"685\" loading=\"lazy\" decoding=\"async\" alt=\"Media Image\" fetchpriority=\"auto\" class=\"image ho-image\"\/>\u00a9 venuswilliams<br \/>\nLa relaci\u00f3n con su hermana Serena<\/p>\n<p id=\"eBAZyIIHMX\" data-wc=\"121\">Para Venus, su hermana es una pieza fundamental, y viceversa. Crecieron juntas y ambas triunfaron como tenistas en dos carreras marcadas por el \u00e9xito. Cuando Serena se retir\u00f3 en el US Open de 2022 tras jugar un partido en el Estadio Arthur Ashe, dio un discurso en el que agradeci\u00f3 el apoyo incondicional a su familia, haciendo una menci\u00f3n especial a su hermana: \u00abNo ser\u00eda Serena si no existiera Venus\u00bb. Siguen siendo inseparables ahora que la competici\u00f3n no marca sus tiempos. \u00abHablamos todos los d\u00edas porque tenemos muchas cosas en marcha. Bueno, d\u00e9jame reformularlo. Venus tiene tantos planes que hablo con ella todo el tiempo\u00bb, dijo la ganadora del Premio Princesa de Asturias de los Deportes en el podcast Stockton Street.\u00a0<\/p>\n<p id=\"e1lR7tczOIc\" data-wc=\"86\">En sus conversaciones suele haber consejos de moda y, a juzgar por sus palabras, parece que muchos de ellos est\u00e1n relacionados con su enlace. \u00abQuer\u00eda literalmente 14 peinados. Me envi\u00f3 sus opciones y en 30 minutos ya ten\u00eda no solo listas, sino en un PDF el peinado que mejor le quedaba a cada una. Soy la que organiza todo\u00bb, cont\u00f3 la creadora de Serena Ventures, un fondo de capital de riesgo que ha invertido en m\u00e1s de 60 startups creadas por mujeres o por colectivos desfavorecidos.<\/p>\n","protected":false},"excerpt":{"rendered":"Es una de las mujeres m\u00e1s populares del mundo, ya que su nombre forma parte del Olimpo del&hellip;\n","protected":false},"author":2,"featured_media":267822,"comment_status":"","ping_status":"","sticky":false,"template":"","format":"standard","meta":{"footnotes":""},"categories":[274],"tags":[517,634,168,25,24,1911,23,167,327,326,1912],"class_list":{"0":"post-267821","1":"post","2":"type-post","3":"status-publish","4":"format-standard","5":"has-post-thumbnail","7":"category-tenis","8":"tag-actualidad","9":"tag-deporte","10":"tag-deportes","11":"tag-es","12":"tag-espana","13":"tag-serena-williams","14":"tag-spain","15":"tag-sports","16":"tag-tenis","17":"tag-tennis","18":"tag-venus-williams"},"share_on_mastodon":{"url":"https:\/\/pubeurope.com\/@es\/115651935904098571","error":""},"_links":{"self":[{"href":"https:\/\/www.europesays.com\/es\/wp-json\/wp\/v2\/posts\/267821","targetHints":{"allow":["GET"]}}],"collection":[{"href":"https:\/\/www.europesays.com\/es\/wp-json\/wp\/v2\/posts"}],"about":[{"href":"https:\/\/www.europesays.com\/es\/wp-json\/wp\/v2\/types\/post"}],"author":[{"embeddable":true,"href":"https:\/\/www.europesays.com\/es\/wp-json\/wp\/v2\/users\/2"}],"replies":[{"embeddable":true,"href":"https:\/\/www.europesays.com\/es\/wp-json\/wp\/v2\/comments?post=267821"}],"version-history":[{"count":0,"href":"https:\/\/www.europesays.com\/es\/wp-json\/wp\/v2\/posts\/267821\/revisions"}],"wp:featuredmedia":[{"embeddable":true,"href":"https:\/\/www.europesays.com\/es\/wp-json\/wp\/v2\/media\/267822"}],"wp:attachment":[{"href":"https:\/\/www.europesays.com\/es\/wp-json\/wp\/v2\/media?parent=267821"}],"wp:term":[{"taxonomy":"category","embeddable":true,"href":"https:\/\/www.europesays.com\/es\/wp-json\/wp\/v2\/categories?post=267821"},{"taxonomy":"post_tag","embeddable":true,"href":"https:\/\/www.europesays.com\/es\/wp-json\/wp\/v2\/tags?post=267821"}],"curies":[{"name":"wp","href":"https:\/\/api.w.org\/{rel}","templated":true}]}}