{"id":267823,"date":"2025-12-02T20:49:11","date_gmt":"2025-12-02T20:49:11","guid":{"rendered":"https:\/\/www.europesays.com\/es\/267823\/"},"modified":"2025-12-02T20:49:11","modified_gmt":"2025-12-02T20:49:11","slug":"raquel-carrera-no-volvera-a-jugar-en-2025-y-se-busca-un-fichaje-2x1","status":"publish","type":"post","link":"https:\/\/www.europesays.com\/es\/267823\/","title":{"rendered":"Raquel Carrera no volver\u00e1 a jugar en 2025 y se busca un fichaje 2&#215;1"},"content":{"rendered":"<p class=\"ft-text\">El Valencia Basket tiene ya su punto de mira en el partido de este mi\u00e9rcoles en Salamanca, pero mientras<a class=\"ft-link ft-link--decoration\" href=\"https:\/\/www.lfendesa.es\/clasificacion.aspx\" rel=\"nofollow noopener\" target=\"_blank\"> las de Rub\u00e9n Burgos intentan mantenerse en lo alto de la clasificaci\u00f3n una jornada m\u00e1s<\/a>, el club sigue trabajando en la b\u00fasqueda de un refuerzo que ya no solo debe permitir suplir a Iagupova, sino <strong>ayudar tambi\u00e9n al juego interior ante la <\/strong><a class=\"ft-link ft-link--decoration\" href=\"https:\/\/www.superdeporte.es\/valencia-basket\/2025\/11\/26\/parte-medico-raquel-carrera-valencia-basket-124146590.html\" rel=\"nofollow noopener\" target=\"_blank\"><strong>baja de una Raquel Carrera<\/strong><\/a><strong> que no est\u00e1 previsto que vuelva a jugar hasta enero<\/strong>.<\/p>\n<p class=\"ft-text\">Las \u00faltimas pruebas m\u00e9dicas a las que se ha sometido la jugadora (ausente ya en los \u00faltimos partidos de la selecci\u00f3n) han confirmado la importancia de su lesi\u00f3n en la rodilla izquierda, por lo que <strong>ya no volver\u00e1 a jugar en 2025 y encadenar\u00e1 casi dos meses de baja<\/strong>, ya que su \u00faltimo encuentro fue el de la <a class=\"ft-link ft-link--decoration\" href=\"https:\/\/www.superdeporte.es\/valencia-basket\/2025\/11\/07\/kutxabank-araski-valencia-basket-liga-femenina-directo-123440944.html\" rel=\"nofollow noopener\" target=\"_blank\">victoria ante el Kutxabank Aranski el pasado 7 de noviembre<\/a>. Y todo por las molestias en la rodilla izquierda que arrastra desde el Eurobasket y que nada tienen que ver con su anterior grave lesi\u00f3n en la rodilla derecha.<\/p>\n<p class=\"ft-text\">As\u00ed, a la necesidad de reforzar al equipo tras la <a class=\"ft-link ft-link--decoration\" href=\"https:\/\/www.superdeporte.es\/valencia-basket\/2025\/11\/27\/bombazo-valencia-basket-iagupova-124176977.html\" rel=\"nofollow noopener\" target=\"_blank\">salida de Alina Iagupova<\/a>, <strong>se le suma ahora la conveniencia de un fichaje que pueda ayudar tambi\u00e9n al juego interior<\/strong>, con un perfil polivalente que complica la b\u00fasqueda a estas alturas de temporada, aunque no haya condicionante alguno a la hora de fichar a cualquier jugadora que pueda interesar.<\/p>\n<p><img decoding=\"async\" src=\"https:\/\/www.europesays.com\/es\/wp-content\/uploads\/2025\/12\/0bc2ad9d-92e9-457c-a0b4-b4cce7931b3e_alta-libre-aspect-ratio_default_0.jpg\" width=\"1200\" height=\"800\" alt=\"La continuidad de Ben Abdelkader, importante en un momento de bajas notables.\" class=\"ft-helper-img-rd\" loading=\"lazy\"\/><\/p>\n<p class=\"ft-helper-fontColor-quaternary ft-helper-fontSize-body-S ft-helper-spacer-t-xxs\">La continuidad de Ben Abdelkader, importante en un momento de bajas notables.  \/ Miguel \u00c1ngel Montesinos<\/p>\n<p>Calendario complicado<\/p>\n<p class=\"ft-text\">Mientras se trabaja en encontrar este perfil polivalente, el club conf\u00eda en la capacidad de la actual plantilla para sobreponerse a estas ausencias, aunque tambi\u00e9n es cierto que <strong>por delante viene un calendario complicado que puede marcar el futuro del equipo<\/strong>, tanto en la Euroleague Women como en la LF Endesa.<\/p>\n<p class=\"ft-text\">Y es que en diciembre, <strong>las de Rub\u00e9n Burgos han de jugar ante Perfumer\u00edas Avenida, Spar Gran Canaria, Casademont Zaragoza, Spar Girona y Joventut en Liga<\/strong>, mientras que en Europa jugar\u00e1n los dos primeros partidos de la segunda fase ante Casademont Zaragoza y Basket Landes.<\/p>\n<p><img decoding=\"async\" src=\"https:\/\/www.europesays.com\/es\/wp-content\/uploads\/2025\/12\/ffd7ea00-c3fb-459f-b7c2-02d5658d031d_alta-libre-aspect-ratio_default_0_x1065y860.jpg\" width=\"1200\" height=\"828\" alt=\"Rub\u00e9n Burgos, en uno de los \u00faltimos partidos de Iagupova como jugadora taronja.\" class=\"ft-helper-img-rd\" loading=\"lazy\"\/><\/p>\n<p class=\"ft-helper-fontColor-quaternary ft-helper-fontSize-body-S ft-helper-spacer-t-xxs\">Rub\u00e9n Burgos, en uno de los \u00faltimos partidos de Iagupova como jugadora taronja.  \/ Miguel \u00c1ngel Montesinos<\/p>\n<p>Solo nueve jugadoras <\/p>\n<p class=\"ft-text\">A pesar de la <a class=\"ft-link ft-link--decoration\" href=\"https:\/\/www.superdeporte.es\/valencia-basket\/2025\/11\/27\/ben-abdelkader-renueva-valencia-basket-final-temporada-2026-124205971.html\" rel=\"nofollow noopener\" target=\"_blank\"><strong>renovaci\u00f3n de Ben Abdelkader hasta final de temporada<\/strong><\/a>, la marcha de Iagupova, la lesi\u00f3n de Raquel Carrera y la ausencia de una Cristina Ouvi\u00f1a trabajando a\u00fan en el regreso a las pistas tras su maternidad, hacen que Rub\u00e9n Burgos solo pueda disponer ahora de nueve jugadoras profesionales, aunque en Salamanca podr\u00e1 contar tambi\u00e9n con la joven Irene Broncano, del vinculado de La Cord\u00e0 de Paterna.<\/p>\n","protected":false},"excerpt":{"rendered":"El Valencia Basket tiene ya su punto de mira en el partido de este mi\u00e9rcoles en Salamanca, pero&hellip;\n","protected":false},"author":2,"featured_media":267824,"comment_status":"","ping_status":"","sticky":false,"template":"","format":"standard","meta":{"footnotes":""},"categories":[269],"tags":[36393,299,1918,298,4860,168,35329,25,24,557,21574,36392,66074,37323,23,167,235,2916],"class_list":{"0":"post-267823","1":"post","2":"type-post","3":"status-publish","4":"format-standard","5":"has-post-thumbnail","7":"category-baloncesto","8":"tag-alina-iagupova","9":"tag-baloncesto","10":"tag-basket","11":"tag-basketball","12":"tag-carrera","13":"tag-deportes","14":"tag-diciembre","15":"tag-es","16":"tag-espana","17":"tag-fichaje","18":"tag-fichajes-valencia-basket","19":"tag-iagupova","20":"tag-polivalente","21":"tag-raquel-carrera","22":"tag-spain","23":"tag-sports","24":"tag-valencia","25":"tag-valencia-basket"},"share_on_mastodon":{"url":"https:\/\/pubeurope.com\/@es\/115651947576914816","error":""},"_links":{"self":[{"href":"https:\/\/www.europesays.com\/es\/wp-json\/wp\/v2\/posts\/267823","targetHints":{"allow":["GET"]}}],"collection":[{"href":"https:\/\/www.europesays.com\/es\/wp-json\/wp\/v2\/posts"}],"about":[{"href":"https:\/\/www.europesays.com\/es\/wp-json\/wp\/v2\/types\/post"}],"author":[{"embeddable":true,"href":"https:\/\/www.europesays.com\/es\/wp-json\/wp\/v2\/users\/2"}],"replies":[{"embeddable":true,"href":"https:\/\/www.europesays.com\/es\/wp-json\/wp\/v2\/comments?post=267823"}],"version-history":[{"count":0,"href":"https:\/\/www.europesays.com\/es\/wp-json\/wp\/v2\/posts\/267823\/revisions"}],"wp:featuredmedia":[{"embeddable":true,"href":"https:\/\/www.europesays.com\/es\/wp-json\/wp\/v2\/media\/267824"}],"wp:attachment":[{"href":"https:\/\/www.europesays.com\/es\/wp-json\/wp\/v2\/media?parent=267823"}],"wp:term":[{"taxonomy":"category","embeddable":true,"href":"https:\/\/www.europesays.com\/es\/wp-json\/wp\/v2\/categories?post=267823"},{"taxonomy":"post_tag","embeddable":true,"href":"https:\/\/www.europesays.com\/es\/wp-json\/wp\/v2\/tags?post=267823"}],"curies":[{"name":"wp","href":"https:\/\/api.w.org\/{rel}","templated":true}]}}