{"id":267827,"date":"2025-12-02T20:51:09","date_gmt":"2025-12-02T20:51:09","guid":{"rendered":"https:\/\/www.europesays.com\/es\/267827\/"},"modified":"2025-12-02T20:51:09","modified_gmt":"2025-12-02T20:51:09","slug":"me-ponen-muy-nerviosa-las-mujeres-asi-nunca-se-ha-comprometido-con-nada","status":"publish","type":"post","link":"https:\/\/www.europesays.com\/es\/267827\/","title":{"rendered":"Me ponen muy nerviosa las mujeres as\u00ed, nunca se ha comprometido con nada"},"content":{"rendered":"<p><b>Isabel Preysler<\/b> ha concedido una entrevista a <b>Susanna Griso<\/b>. La Reina de Corazones le ha abierto las puertas de su mansi\u00f3n de puerta del Hierro a Espejo P\u00fablico y se ha sincerado sobre algunas de sus relaciones m\u00e1s pol\u00e9micas, sus relaciones familiares y c\u00f3mo pasar\u00e1n las Navidades este a\u00f1o.<\/p>\n<p>Tras la entrevista, <b>Carmen Lomana<\/b> se ha mostrado muy cr\u00edtica con Preysler. Seg\u00fan ella, solo habla de sus enredos amorosos y familiares, pero no destaca por un pensamiento comprometido con lo que ocurre en nuestro pa\u00eds.<\/p>\n<p><b>\u00abMe ponen muy nerviosa las mujeres as\u00ed\u00bb<\/b>, asegura, \u00abnunca se ha comprometido con nada, solo habla de los ni\u00f1os, los maridos&#8230;\u00bb. Lomana ha advertido que le vendr\u00eda bien abrir la mente y <b>ser m\u00e1s comprometida. <\/b><\/p>\n<p>\u00abQue no la pongan como modelo de mujer espa\u00f1ola, <b>yo soy mucho m\u00e1s culta y abierta<\/b>\u00ab, sentencia Carmen Lomana. \u00a1Dale al play para escuchar sus contundentes palabras!<\/p>\n","protected":false},"excerpt":{"rendered":"Isabel Preysler ha concedido una entrevista a Susanna Griso. La Reina de Corazones le ha abierto las puertas&hellip;\n","protected":false},"author":2,"featured_media":267828,"comment_status":"","ping_status":"","sticky":false,"template":"","format":"standard","meta":{"footnotes":""},"categories":[174],"tags":[255,146,147,25,24,256,23],"class_list":{"0":"post-267827","1":"post","2":"type-post","3":"status-publish","4":"format-standard","5":"has-post-thumbnail","7":"category-famosos","8":"tag-celebrities","9":"tag-entertainment","10":"tag-entretenimiento","11":"tag-es","12":"tag-espana","13":"tag-famosos","14":"tag-spain"},"share_on_mastodon":{"url":"https:\/\/pubeurope.com\/@es\/115651954923175924","error":""},"_links":{"self":[{"href":"https:\/\/www.europesays.com\/es\/wp-json\/wp\/v2\/posts\/267827","targetHints":{"allow":["GET"]}}],"collection":[{"href":"https:\/\/www.europesays.com\/es\/wp-json\/wp\/v2\/posts"}],"about":[{"href":"https:\/\/www.europesays.com\/es\/wp-json\/wp\/v2\/types\/post"}],"author":[{"embeddable":true,"href":"https:\/\/www.europesays.com\/es\/wp-json\/wp\/v2\/users\/2"}],"replies":[{"embeddable":true,"href":"https:\/\/www.europesays.com\/es\/wp-json\/wp\/v2\/comments?post=267827"}],"version-history":[{"count":0,"href":"https:\/\/www.europesays.com\/es\/wp-json\/wp\/v2\/posts\/267827\/revisions"}],"wp:featuredmedia":[{"embeddable":true,"href":"https:\/\/www.europesays.com\/es\/wp-json\/wp\/v2\/media\/267828"}],"wp:attachment":[{"href":"https:\/\/www.europesays.com\/es\/wp-json\/wp\/v2\/media?parent=267827"}],"wp:term":[{"taxonomy":"category","embeddable":true,"href":"https:\/\/www.europesays.com\/es\/wp-json\/wp\/v2\/categories?post=267827"},{"taxonomy":"post_tag","embeddable":true,"href":"https:\/\/www.europesays.com\/es\/wp-json\/wp\/v2\/tags?post=267827"}],"curies":[{"name":"wp","href":"https:\/\/api.w.org\/{rel}","templated":true}]}}