{"id":267829,"date":"2025-12-02T20:52:17","date_gmt":"2025-12-02T20:52:17","guid":{"rendered":"https:\/\/www.europesays.com\/es\/267829\/"},"modified":"2025-12-02T20:52:17","modified_gmt":"2025-12-02T20:52:17","slug":"el-ivam-expondra-las-piezas-afectadas-por-la-dana","status":"publish","type":"post","link":"https:\/\/www.europesays.com\/es\/267829\/","title":{"rendered":"El IVAM expondr\u00e1 las piezas afectadas por la Dana"},"content":{"rendered":"<p>VAL\u00c8NCIA. M\u00e1s de 130 obras de arte de los fondos del Institut Valenci\u00e0 d\u2019Art Modern (IVAM) quedaron afectadas por la Dana del 29 de octubre de 2024. La inundaci\u00f3n de la nave de Riba-roja de T\u00faria\u00a0donde la Generalitat Valenciana custodiaba parte de los fondos del museo, as\u00ed como la totalidad de la colecci\u00f3n de arte contempor\u00e1neo auton\u00f3mica, provoc\u00f3 numerosos da\u00f1os en el patrimonio art\u00edstico p\u00fablico, una recuperaci\u00f3n en la que se viene trabajando desde hace meses y que pronto mostrar\u00e1 algunos de sus resultados al p\u00fablico.\u00a0<\/p>\n<p>Obras de firmas como\u00a0<strong>Andreu Alfaro, Mona Hatoum, Jaume Plensa, <\/strong><strong>Natividad Naval\u00f3n <\/strong>o<strong>\u00a0Miquel Navarro<\/strong>, entre otros, componen el listado de piezas de la colecci\u00f3n del IVAM afectadas por la riada, en su mayor\u00eda esculturas, aunque tambi\u00e9n pinturas de gran formato sobre las que se tuvo que llevar a cabo tratamientos de urgencia. De entre ellas, algunas se podr\u00e1n volver a ver en unos d\u00edas en distintos espacios de la Universitat de Val\u00e8ncia (UV), donde se presentar\u00e1n nuevamente ante el p\u00fablico \u201ccargadas de una renovada potencia simb\u00f3lica\u201d.<\/p>\n<p>Esta exposici\u00f3n es el coraz\u00f3n del proyecto \u2018Rebrot\u2019, con el que el IVAM y la UV quieren acercar el arte contempor\u00e1neo a los estudiantes y p\u00fablico juvenil, ocupando distintos emplazamientos de los campus de Blasco Ib\u00e1\u00f1ez y de Burjassot. \u201cEl proyecto es la primera fase de una iniciativa de larga duraci\u00f3n entre ambas instituciones que crecer\u00e1 de manera org\u00e1nica y se cimentar\u00e1 en la convicci\u00f3n compartida del poder transformador del arte, en cuyo marco conceptos como reparaci\u00f3n y resiliencia ocupan un lugar central\u201d, se\u00f1alan desde la Generalitat en un comunicado.<\/p>\n<p>Desde que comenzaran los trabajos de restauraci\u00f3n de las piezas afectadas se ha avanzado en gran parte del camino, aunque todav\u00eda queda buena parte del recorrido por andar. Cabe recordar que la nave qued\u00f3 cubierta en su totalidad con agua y lodo alcanzando una altura de 50 cent\u00edmetros, una riada que afect\u00f3 a gran parte del material all\u00ed custodiado y del que ya se ha restaurado en torno al 50%, un listado que incluye obra de <strong>Juan Carlos Nadal, Pamen Pereira, Vicente Peris <\/strong>o<strong> Sanle\u00f3n<\/strong>.<\/p>\n<p>&#13;<br \/>\n<img decoding=\"async\" alt=\"Obras de Miquel Navarro y Alberto Coraz\u00f3n.\" itemprop=\"url\" src=\"https:\/\/www.europesays.com\/es\/wp-content\/uploads\/2025\/12\/articulos-1730939.jpg\" title=\"Obras de Miquel Navarro y Alberto Coraz\u00f3n. - \"\/>&#13;<br \/>\n&#13;<br \/>\n&#13;<\/p>\n<ul itemprop=\"caption\">&#13;<\/p>\n<li class=\"media-pie\">Obras de Miquel Navarro y Alberto Coraz\u00f3n. &#8211;<\/li>\n<p>&#13;<\/p>\n<li class=\"media-autor\" itemprop=\"author\">\u00a0<\/li>\n<p>&#13;\n<\/ul>\n<p>&#13;<br \/>\n&#13;<\/p>\n<p>Para su recuperaci\u00f3n hace meses que el IVAM acondicion\u00f3 parte de sus instalaciones para recibir las piezas afectadas, obras que tambi\u00e9n se depositaron en Feria Valencia o un almac\u00e9n perteneciente al Ministerio de Defensa, unos procesos de restauraci\u00f3n que han abierto puntualmente al p\u00fablico con visitas guiadas. A medida que las obras fueron recepcionadas, se realiz\u00f3 una intervenci\u00f3n de urgencia, dejando secar las obras de modo controlado, y desinfect\u00e1ndolas actuando sobre la infestaci\u00f3n por hongos que se inici\u00f3 sobre las obras pict\u00f3ricas fundamentalmente y sobre las esculturas realizadas en soporte l\u00edgneo.<\/p>\n<p>Ahora algunas de estas piezas volver\u00e1s a ser visitadas por el p\u00fablico, aunque fuera de los muros del IVAM y de la sala de exhibici\u00f3n cl\u00e1sica. \u201cAl hacer circular las piezas del IVAM por los distintos campus, la Universitat no solo exhibe arte; integra la dimensi\u00f3n patrimonial en la vida cotidiana\u201d, destaca la vicerrectora de Cultura y Sociedad de la UV, <strong>Ester Alba<\/strong>.<\/p>\n<p>Por su parte, la directora del IVAM, <strong>Blanca de la Torre<\/strong>, ha apuntado que el contexto actual \u201cest\u00e1 atravesado por discursos que oscilan entre el catastrofismo, la resignaci\u00f3n y la par\u00e1lisis\u201d, sin embargo \u201cla urgencia de nuestro tiempo no debe derivar en la desesperanza, sino impulsarnos hacia el\u00a0rebrot: un cambio de paradigma sustentado en pensarnos desde la ecodependencia y la interdependencia, el optimismo<strong>\u00a0<\/strong>y el empoderamiento ciudadano\u201d.<\/p>\n","protected":false},"excerpt":{"rendered":"VAL\u00c8NCIA. M\u00e1s de 130 obras de arte de los fondos del Institut Valenci\u00e0 d\u2019Art Modern (IVAM) quedaron afectadas&hellip;\n","protected":false},"author":2,"featured_media":267830,"comment_status":"","ping_status":"","sticky":false,"template":"","format":"standard","meta":{"footnotes":""},"categories":[173],"tags":[229,233,231,230,232,234,146,147,25,24,23],"class_list":{"0":"post-267829","1":"post","2":"type-post","3":"status-publish","4":"format-standard","5":"has-post-thumbnail","7":"category-arte-y-diseno","8":"tag-arte","9":"tag-arte-y-diseno","10":"tag-arts","11":"tag-arts-and-design","12":"tag-design","13":"tag-diseno","14":"tag-entertainment","15":"tag-entretenimiento","16":"tag-es","17":"tag-espana","18":"tag-spain"},"share_on_mastodon":{"url":"https:\/\/pubeurope.com\/@es\/115651959132909355","error":""},"_links":{"self":[{"href":"https:\/\/www.europesays.com\/es\/wp-json\/wp\/v2\/posts\/267829","targetHints":{"allow":["GET"]}}],"collection":[{"href":"https:\/\/www.europesays.com\/es\/wp-json\/wp\/v2\/posts"}],"about":[{"href":"https:\/\/www.europesays.com\/es\/wp-json\/wp\/v2\/types\/post"}],"author":[{"embeddable":true,"href":"https:\/\/www.europesays.com\/es\/wp-json\/wp\/v2\/users\/2"}],"replies":[{"embeddable":true,"href":"https:\/\/www.europesays.com\/es\/wp-json\/wp\/v2\/comments?post=267829"}],"version-history":[{"count":0,"href":"https:\/\/www.europesays.com\/es\/wp-json\/wp\/v2\/posts\/267829\/revisions"}],"wp:featuredmedia":[{"embeddable":true,"href":"https:\/\/www.europesays.com\/es\/wp-json\/wp\/v2\/media\/267830"}],"wp:attachment":[{"href":"https:\/\/www.europesays.com\/es\/wp-json\/wp\/v2\/media?parent=267829"}],"wp:term":[{"taxonomy":"category","embeddable":true,"href":"https:\/\/www.europesays.com\/es\/wp-json\/wp\/v2\/categories?post=267829"},{"taxonomy":"post_tag","embeddable":true,"href":"https:\/\/www.europesays.com\/es\/wp-json\/wp\/v2\/tags?post=267829"}],"curies":[{"name":"wp","href":"https:\/\/api.w.org\/{rel}","templated":true}]}}