{"id":267833,"date":"2025-12-02T20:55:10","date_gmt":"2025-12-02T20:55:10","guid":{"rendered":"https:\/\/www.europesays.com\/es\/267833\/"},"modified":"2025-12-02T20:55:10","modified_gmt":"2025-12-02T20:55:10","slug":"miley-cyrus-y-maxx-morando-se-comprometen-tras-cuatro-anos-de-relacion","status":"publish","type":"post","link":"https:\/\/www.europesays.com\/es\/267833\/","title":{"rendered":"Miley Cyrus y Maxx Morando se comprometen tras cuatro a\u00f1os de relaci\u00f3n"},"content":{"rendered":"<p style=\"\">Todo indica que <a href=\"https:\/\/www.abc.es\/gente\/miley-cyrus-sincera-sobre-relacion-padres-tendido-20250512152839-nt.html\" target=\"_self\" data-voc-vtm-id=\"in-text-traffic\" title=\"Miley Cyrus\" data-mrf-link=\"www.abc.es\" rel=\"nofollow noopener\">Miley Cyrus<\/a> (33 a\u00f1os) podr\u00eda estar a las puertas de <strong>una nueva boda<\/strong>. La artista acapar\u00f3 todas las miradas en el preestreno de &#8216;Avatar: Fuego y cenizas&#8217;. No fue solo por la qu\u00edmica evidente con su pareja, el baterista Maxx  &#8230; Morando (27 a\u00f1os). Lo que realmente hizo saltar todas las alarmas fue el <strong>llamativo anillo de diamantes<\/strong> que la cantante luci\u00f3 en su dedo anular, una pieza que ella misma mostr\u00f3 con total naturalidad ante los flashes. Las im\u00e1genes no tardaron en desatar especulaciones sobre<strong> un posible compromiso<\/strong>, tras cuatro a\u00f1os  de relaci\u00f3n.<\/p>\n<p class=\"voc-p\" style=\"\">El gesto de la artista llega en un momento <strong>especialmente estable<\/strong> para ella, lejos del torbellino que supuso su matrimonio con <a href=\"https:\/\/www.abc.es\/gente\/fans-miley-cyrus-llenan-odio-anuncio-compromiso-20250912185325-nt.html\" target=\"_self\" data-voc-vtm-id=\"in-text-traffic\" title=\"Liam Hemsworth\" data-mrf-link=\"www.abc.es\" rel=\"nofollow noopener\">Liam Hemsworth<\/a>, del que se divorci\u00f3 en 2020 tras solo dos a\u00f1os casados. \u00abEst\u00e1bamos intentando reconstruirnos lo m\u00e1s r\u00e1pido posible\u00bb, admiti\u00f3 la propia Miley el a\u00f1o pasado, en una reflexi\u00f3n en la que dej\u00f3 claro que<strong> segu\u00eda creyendo en el amor.<\/strong> Y todo apunta a que esta vez lo ha encontrado.<\/p>\n<p>\nSu historia de amor con Maxx\n<\/p>\n<p class=\"voc-p\" style=\"\">La relaci\u00f3n con Maxx Morando comenz\u00f3 en 2021, en una cita organizada por amigos comunes que ella describi\u00f3 como \u00aba ciegas para m\u00ed, no para \u00e9l\u00bb, seg\u00fan cont\u00f3 a la edici\u00f3n brit\u00e1nica de Vogue. Desde entonces, su romance ha ido avanzando en silencio, sin grandes gestos p\u00fablicos, pero consolid\u00e1ndose paso a paso. Se mudaron juntos a Malib\u00fa hace unos meses y, aunque ambos prefieren mantener su vida privada lejos del foco, sus apariciones en alfombras rojas se han vuelto cada vez m\u00e1s frecuentes.<\/p>\n<p class=\"voc-p\" style=\"\">\u00c9l, que toc\u00f3 la bater\u00eda en The Regrettes y actualmente forma parte de la banda Liily, se ha convertido en un apoyo fundamental. Cercanos a la pareja aseguran que Miley nunca hab\u00eda estado tan tranquila, algo que atribuyen al car\u00e1cter discreto y afectuoso de Morando. \u00abAmable, rom\u00e1ntico y, sobre todo, respetuoso\u00bb, seg\u00fan recogi\u00f3 la revista People.<\/p>\n<p><img decoding=\"async\" loading=\"lazy\" src=\"https:\/\/www.europesays.com\/es\/wp-content\/uploads\/2025\/12\/maxx-miley-U25352558172sEv-760x427@diario_abc.jpg\" class=\"voc-img\" width=\"760\" height=\"427\" alt=\"Miley Cyrus y Maxx Morando se comprometen tras cuatro a\u00f1os de relaci\u00f3n\" data-voc-vtm-id=\"in-text-traffic\"\/><\/p>\n<p>GTRES<\/p>\n<p>\nLa confirmaci\u00f3n\n<\/p>\n<p class=\"voc-p\" style=\"\">En medio de la ola de rumores, algunos internautas han compartido una publicaci\u00f3n del padre de Maxx, donde se les ve a los novios muy felices y se muestra con mayor detalles el anillo: \u00abFelicidades\u00bb, escribi\u00f3 Dan Morando. Un mensaje escueto aunque con mucho significado, el cual ha emocionado a los seguidores de la pareja. <\/p>\n<p class=\"voc-p\" style=\"\">El compromiso llega en un momento specialmente brillante para Miley, que arras\u00f3 en los Grammy con Flowers y se dej\u00f3 ver en eventos como los \u00d3scar o el especial de Nochevieja que present\u00f3 para NBC. En uno de sus p\u00f3dcasts, incluso brome\u00f3 sobre la diferencia de edad con Morando: \u00abSoy una cougar\u00bb, dijo entre risas, antes de destacar que \u00e9l es Escorpio \u00abcomo mi abuelo\u00bb, lo que, asegur\u00f3, le encanta porque \u00absaben picar\u00bb.<\/p>\n<p class=\"voc-p\" style=\"\">De momento, ni Miley ni Maxx se han pronunciado sobre el compromiso. Pero si algo ha quedado claro tras su \u00faltima aparici\u00f3n p\u00fablica es que la cantante atraviesa uno de los momentos personales m\u00e1s s\u00f3lidos de su vida. <\/p>\n","protected":false},"excerpt":{"rendered":"Todo indica que Miley Cyrus (33 a\u00f1os) podr\u00eda estar a las puertas de una nueva boda. La artista&hellip;\n","protected":false},"author":2,"featured_media":267834,"comment_status":"","ping_status":"","sticky":false,"template":"","format":"standard","meta":{"footnotes":""},"categories":[170],"tags":[988,19713,954,25386,146,147,25,24,66075,25385,66076,184,185,5977,23,575],"class_list":{"0":"post-267833","1":"post","2":"type-post","3":"status-publish","4":"format-standard","5":"has-post-thumbnail","7":"category-musica","8":"tag-anos","9":"tag-comprometen","10":"tag-cuatro","11":"tag-cyrus","12":"tag-entertainment","13":"tag-entretenimiento","14":"tag-es","15":"tag-espana","16":"tag-maxx","17":"tag-miley","18":"tag-morando","19":"tag-music","20":"tag-musica","21":"tag-relacion","22":"tag-spain","23":"tag-tras"},"share_on_mastodon":{"url":"https:\/\/pubeurope.com\/@es\/115651970753959631","error":""},"_links":{"self":[{"href":"https:\/\/www.europesays.com\/es\/wp-json\/wp\/v2\/posts\/267833","targetHints":{"allow":["GET"]}}],"collection":[{"href":"https:\/\/www.europesays.com\/es\/wp-json\/wp\/v2\/posts"}],"about":[{"href":"https:\/\/www.europesays.com\/es\/wp-json\/wp\/v2\/types\/post"}],"author":[{"embeddable":true,"href":"https:\/\/www.europesays.com\/es\/wp-json\/wp\/v2\/users\/2"}],"replies":[{"embeddable":true,"href":"https:\/\/www.europesays.com\/es\/wp-json\/wp\/v2\/comments?post=267833"}],"version-history":[{"count":0,"href":"https:\/\/www.europesays.com\/es\/wp-json\/wp\/v2\/posts\/267833\/revisions"}],"wp:featuredmedia":[{"embeddable":true,"href":"https:\/\/www.europesays.com\/es\/wp-json\/wp\/v2\/media\/267834"}],"wp:attachment":[{"href":"https:\/\/www.europesays.com\/es\/wp-json\/wp\/v2\/media?parent=267833"}],"wp:term":[{"taxonomy":"category","embeddable":true,"href":"https:\/\/www.europesays.com\/es\/wp-json\/wp\/v2\/categories?post=267833"},{"taxonomy":"post_tag","embeddable":true,"href":"https:\/\/www.europesays.com\/es\/wp-json\/wp\/v2\/tags?post=267833"}],"curies":[{"name":"wp","href":"https:\/\/api.w.org\/{rel}","templated":true}]}}