{"id":267837,"date":"2025-12-02T20:57:10","date_gmt":"2025-12-02T20:57:10","guid":{"rendered":"https:\/\/www.europesays.com\/es\/267837\/"},"modified":"2025-12-02T20:57:10","modified_gmt":"2025-12-02T20:57:10","slug":"otro-desenlace-aciago-arruina-a-la-seleccion-femenina-de-balonmano-en-el-mundial-deportes","status":"publish","type":"post","link":"https:\/\/www.europesays.com\/es\/267837\/","title":{"rendered":"Otro desenlace aciago arruina a la selecci\u00f3n femenina de balonmano en el Mundial | Deportes"},"content":{"rendered":"<p class=\"\"><a href=\"https:\/\/elpais.com\/deportes\/2025-12-02\/danila-so-delgado-maxima-goleadora-de-la-seleccion-de-balonmano-todos-hicimos-un-ejercicio-de-introspeccion-en-el-mundial.html\" rel=\"nofollow noopener\" target=\"_blank\">Danila So Delgado<\/a> recogi\u00f3 el premio de MVP del partido con una cara que le llegaba al suelo. Razones no le faltaban despu\u00e9s de que Espa\u00f1a sufriera otro agujero fatal. Esta vez ocurri\u00f3 en el desenlace con Serbia. La selecci\u00f3n era un equipo fluido que martilleaba la meta rival mientras las balc\u00e1nicas se hab\u00edan quedado secas. Esa era la din\u00e1mica de la tarde, con una ventaja que alcanz\u00f3 los seis goles en el minuto 40 (23-17). A falta de 12, Elba \u00c1lvarez coloc\u00f3 el 27-22. Y ah\u00ed, con la orilla a la vista, las muchachas de Ambros Mart\u00edn se apagaron. Fundido a negro. <\/p>\n<p class=\"\">Fue un cambio de agujas radical. En el tiempo que restaba, <a href=\"https:\/\/elpais.com\/deportes\/2025-11-30\/la-seleccion-femenina-de-balonmano-regresa-de-las-catacumbas-y-logra-un-triunfo-de-gran-valor-contra-montenegro.html\" rel=\"nofollow noopener\" target=\"_blank\">las Guerreras<\/a> apenas sumaron dos dianas desde los siete metros. Ninguna en acciones de juego. En la otra costa, cada ataque de las serbias era gol o casi gol frente a un equipo que se dilu\u00eda sin remedio. A la selecci\u00f3n se le notaron las costuras de la inexperiencia, se le aparecieron todos los fantasmas de otros socavones similares y nadie encontr\u00f3 la escapatoria. <\/p>\n<p class=\"\">La derrota supuso un golpe al coraz\u00f3n de las esperanzas espa\u00f1olas. El enfrentamiento, que abri\u00f3 la segunda fase, era lo m\u00e1s parecido a una final dentro del Mundial: la ganadora multiplicaba sus opciones de atrapar los cuartos. No hab\u00eda t\u00e9rmino medio para estos dos conjuntos que llegaban con dos puntos cada uno. Y el golpe lo dio Serbia, entrenada por <a href=\"https:\/\/elpais.com\/deportes\/2021-09-05\/jose-ignacio-prades-nuevo-seleccionador-de-las-guerreras.html\" rel=\"nofollow noopener\" target=\"_blank\">Jos\u00e9 Ignacio Prades<\/a>, exseleccionador espa\u00f1ol y exayudante de Ambros. Este jueves, Espa\u00f1a se cruza con Islandia (20.30, Teledeporte), a priori m\u00e1s d\u00e9bil, y el s\u00e1bado le espera el gran hueso, las anfitrionas alemanas y en Dortmund. El panorama se le ha puesto muy negro a la selecci\u00f3n justo cuando mejor se sent\u00eda.<\/p>\n<p class=\"\">\u201cSabemos que ya no dependemos de nosotras mismas y estamos obligadas a ganar, seguro, los dos partidos. Creo que podemos hacerlo. Lo que no podemos es volver a jugar este partido, de eso solo nos queda aprender\u201d, lament\u00f3 Ambros Mart\u00edn. \u201cHa sido muy duro por la forma. Esta\u0301bamos haciendo un partido bastante completo, ellas estaban sin ideas, sin embargo, se han aprovechado de una exclusio\u0301n para acercarse y eso nos ha generado muchi\u0301simo estre\u0301s. No podemos perder el control ni de uno mismo ni de las situaciones del juego. Ante un equipo con la experiencia de Serbia es difi\u0301cil y ha pasado\u00bb, explic\u00f3 el seleccionador.<\/p>\n<p>Buen inicio <\/p>\n<p class=\"\">La sesi\u00f3n hab\u00eda arrancado a todo tren, con goles de una costa a otra. Era el ataque m\u00e1s fluido de Espa\u00f1a en el torneo. So Delgado encendi\u00f3 el motor y no le cost\u00f3 mucho encontrar aliadas. Subidas a la ola de optimismo despu\u00e9s de la gran reacci\u00f3n contra Montenegro, la selecci\u00f3n se present\u00f3 muy enchufada en ataque. Los 19 goles al descanso hablaban de un conjunto engrasado cuando enfocaba la porter\u00eda rival. <\/p>\n<p class=\"\">Le beneficiaba tambi\u00e9n las muchas p\u00e9rdidas serbias, que las Guerreras se cobraban con contras y goles desde la otra orilla. Con uno de esos de una atinada Paula Arcos, Espa\u00f1a alcanz\u00f3 su m\u00e1xima diferencia en la primera mitad: 17-14 en el minuto 26. Las noticias eran buenas, no obstante, hab\u00eda un problema en el centro de la defensa, por donde las balc\u00e1nicas lograban percutir la meta que defend\u00eda Nicole Morales, una novedad respecto a las jornadas precedentes. La portera no estaba incluida en la lista inicial de Ambros Mart\u00edn, pero se incorpor\u00f3 a \u00faltima hora y ha estado presente en todas las citas en lugar de Nicole Wiggins. Esa v\u00eda de fuga ofreci\u00f3 un alivio a Serbia, que, pese a sufrir varias exclusiones, manten\u00eda a raya a Espa\u00f1a. <\/p>\n<p class=\"\">Serbia se qued\u00f3 muda los 11 primeros minutos de la reanudaci\u00f3n, frenada tambi\u00e9n por dos paradones de la novata Morales y la selecci\u00f3n demarr\u00f3. Seis arriba. Una ventaja que conserv\u00f3 durante ocho minutos. La selecci\u00f3n iba rodada, aquello pareci\u00f3 el principio del fin serbio, pero nada que ver. <\/p>\n<p class=\"\">Las balc\u00e1nicas reactivaron la m\u00e1quina, empez\u00f3 a sumar, olieron sangre y la tendencia se invirti\u00f3 de una manera radical. A las espa\u00f1olas se le empez\u00f3 a ver el temor tatuado en la cara. Par\u00f3n en seco, con Elba \u00c1lvarez fallando un siete metros, mientras su rival volaba. Tambi\u00e9n en inferioridad. As\u00ed, con una menos, Serbia se puso 29-30 en los \u00faltimos dos minutos. <\/p>\n<p class=\"\">A esas alturas, un empate ya le val\u00eda a Espa\u00f1a, pero el lanzamiento de Danila So Delgado, autora de cinco de los 10 tantos espa\u00f1oles en la segunda mitad, se estamp\u00f3 en un poste a falta de 50 segundos. Otro final triste, otro socav\u00f3n final. En la \u00e9lite de un Mundial, 45 minutos no alcanzan.<\/p>\n<p>Espa\u00f1a, 29 &#8211; Serbia, 31 <\/p>\n<p class=\"\"><b>Espa\u00f1a<\/b>: Prades (P), Morales (P); Guti\u00e9rrez (2), Etxeberria (2), Somaza (1), Arcos (4), So Delgado (11), Fern\u00e1ndez (1), Erauskin (1), \u00c1lvarez (2), Lyndie Tchaptchet (1), Lysa Tchaptchet, Arroyo, Bengoetxea (2), Gassama (1) y Vegu\u00e9 (1).<\/p>\n<p class=\"\"><b>Serbia<\/b>: Risovic (P), Petkovic (P); Krpez-Slezak (5), Lazic, Tabak, Abgaba, Janjusevic (2), Mitrovic, Kocic (2), Jovovic (7), Skrobic (5), Velickovic (1), Radevic, Cvijic (4), Garovic y Vukajlovic (5).<\/p>\n<p class=\"\"><b>\u00c1rbitros<\/b>: Kristof Altmar y Marton Horvath (HUN). Excluyeron dos minutos a Arcos, Guti\u00e9rrez, Skrobic (2), Jovovic, Agbaba y Velickovic en Serbia. Roja a Jovovic.<\/p>\n<p class=\"\"><b>Resultado cada cinco minutos<\/b>: 3-3, 6-6, 9-9, 13-11, 16-13, 19-17 \u2014descanso\u2014; 22-17, 23-17, 25-20, 27-23, 28-28 y 29-31.<\/p>\n<p class=\"\">Westfalenhalle (Dortmund). Unos 2.000 espectadores.<\/p>\n","protected":false},"excerpt":{"rendered":"Danila So Delgado recogi\u00f3 el premio de MVP del partido con una cara que le llegaba al suelo.&hellip;\n","protected":false},"author":2,"featured_media":267838,"comment_status":"","ping_status":"","sticky":false,"template":"","format":"standard","meta":{"footnotes":""},"categories":[93],"tags":[66079,52443,376,15904,168,25,24,66077,66078,52471,52441,23,167],"class_list":{"0":"post-267837","1":"post","2":"type-post","3":"status-publish","4":"format-standard","5":"has-post-thumbnail","7":"category-deportes","8":"tag-alicia-fernandez-fraga","9":"tag-ambros-martin","10":"tag-balonmano","11":"tag-balonmano-femenino","12":"tag-deportes","13":"tag-es","14":"tag-espana","15":"tag-kaba-gassama","16":"tag-maitane-etxeberria","17":"tag-paula-arcos","18":"tag-seleccion-espanola-balonmano-femenino","19":"tag-spain","20":"tag-sports"},"share_on_mastodon":{"url":"https:\/\/pubeurope.com\/@es\/115651978560784720","error":""},"_links":{"self":[{"href":"https:\/\/www.europesays.com\/es\/wp-json\/wp\/v2\/posts\/267837","targetHints":{"allow":["GET"]}}],"collection":[{"href":"https:\/\/www.europesays.com\/es\/wp-json\/wp\/v2\/posts"}],"about":[{"href":"https:\/\/www.europesays.com\/es\/wp-json\/wp\/v2\/types\/post"}],"author":[{"embeddable":true,"href":"https:\/\/www.europesays.com\/es\/wp-json\/wp\/v2\/users\/2"}],"replies":[{"embeddable":true,"href":"https:\/\/www.europesays.com\/es\/wp-json\/wp\/v2\/comments?post=267837"}],"version-history":[{"count":0,"href":"https:\/\/www.europesays.com\/es\/wp-json\/wp\/v2\/posts\/267837\/revisions"}],"wp:featuredmedia":[{"embeddable":true,"href":"https:\/\/www.europesays.com\/es\/wp-json\/wp\/v2\/media\/267838"}],"wp:attachment":[{"href":"https:\/\/www.europesays.com\/es\/wp-json\/wp\/v2\/media?parent=267837"}],"wp:term":[{"taxonomy":"category","embeddable":true,"href":"https:\/\/www.europesays.com\/es\/wp-json\/wp\/v2\/categories?post=267837"},{"taxonomy":"post_tag","embeddable":true,"href":"https:\/\/www.europesays.com\/es\/wp-json\/wp\/v2\/tags?post=267837"}],"curies":[{"name":"wp","href":"https:\/\/api.w.org\/{rel}","templated":true}]}}