{"id":267847,"date":"2025-12-02T21:02:12","date_gmt":"2025-12-02T21:02:12","guid":{"rendered":"https:\/\/www.europesays.com\/es\/267847\/"},"modified":"2025-12-02T21:02:12","modified_gmt":"2025-12-02T21:02:12","slug":"disparan-contra-rafael-belaunde-precandidato-presidencial-en-peru","status":"publish","type":"post","link":"https:\/\/www.europesays.com\/es\/267847\/","title":{"rendered":"Disparan contra Rafael Bela\u00fande, precandidato presidencial en Per\u00fa"},"content":{"rendered":"<p>      CNN Espa\u00f1ol<br \/>\n        \u00a0\u2014\u00a0<\/p>\n<p class=\"paragraph inline-placeholder vossi-paragraph\" data-uri=\"es.cms.cnn.com\/_components\/paragraph\/instances\/cmiosnglt003n26pa0ycjhg3k@published\" data-editable=\"text\" data-component-name=\"paragraph\" data-article-gutter=\"true\">\n            Rafael Bela\u00fande, precandidato a la presidencia de Per\u00fa por el partido Libertad Popular, sufri\u00f3 este martes un atentado, cuando el veh\u00edculo en el que viajaba recibi\u00f3 varios disparos, dijo a CNN Pedro Cateriano, aspirante a la vicepresidencia por la misma fuerza pol\u00edtica.\n    <\/p>\n<p class=\"paragraph inline-placeholder vossi-paragraph\" data-uri=\"es.cms.cnn.com\/_components\/paragraph\/instances\/cmiosnx1z0002356ndxm9ydn6@published\" data-editable=\"text\" data-component-name=\"paragraph\" data-article-gutter=\"true\">\n            Bela\u00fande no fue alcanzado por ninguno de los disparos, pese a que fueron varios los que impactaron del lado del limpiaparabrisas del que iba manejando.\n    <\/p>\n<p class=\"paragraph inline-placeholder vossi-paragraph\" data-uri=\"es.cms.cnn.com\/_components\/paragraph\/instances\/cmiosnx1z0003356nunuds0gi@published\" data-editable=\"text\" data-component-name=\"paragraph\" data-article-gutter=\"true\">\n            La Polic\u00eda de Per\u00fa public\u00f3 en su cuenta de X que activ\u00f3 el \u201cPlan Cerco ante disparos que recibi\u00f3 el veh\u00edculo del se\u00f1or Rafael Bela\u00fande, en Cerro Azul-Ca\u00f1ete\u201d. Las autoridades tambi\u00e9n confirmaron que no hubo heridos y que se encuentran \u201cen la zona para garantizar la seguridad y capturar a los responsables\u201d.\n    <\/p>\n<p class=\"paragraph inline-placeholder vossi-paragraph\" data-uri=\"es.cms.cnn.com\/_components\/paragraph\/instances\/cmiosnx1z0005356n4m3rjeix@published\" data-editable=\"text\" data-component-name=\"paragraph\" data-article-gutter=\"true\">\n            Bela\u00fande acudi\u00f3 a la comisar\u00eda de Ca\u00f1ete, en el sur de Lima, donde ocurri\u00f3 el atentado, para presentar una denuncia.\n    <\/p>\n<p class=\"paragraph inline-placeholder vossi-paragraph\" data-uri=\"es.cms.cnn.com\/_components\/paragraph\/instances\/cmiosnx1z0006356nbimelojf@published\" data-editable=\"text\" data-component-name=\"paragraph\" data-article-gutter=\"true\">\n            El precandidato fue ministro de Energ\u00eda y Minas durante el Gobierno de Mart\u00edn Vizcarra, es fundador del partido Libertad Popular y nieto del expresidente Fernando Bela\u00fande Terry.\n    <\/p>\n<p class=\"paragraph inline-placeholder vossi-paragraph\" data-uri=\"es.cms.cnn.com\/_components\/paragraph\/instances\/cmiosnx1z0007356nxer7buw7@published\" data-editable=\"text\" data-component-name=\"paragraph\" data-article-gutter=\"true\">\n            Este fin de semana se realizaron las elecciones primarias en los partidos pol\u00edticos que presentar\u00e1n candidatos a la presidencia de Per\u00fa para las pr\u00f3ximas elecciones que se realizar\u00e1n en abril de 2026.\n    <\/p>\n<p class=\"paragraph inline-placeholder vossi-paragraph\" data-uri=\"es.cms.cnn.com\/_components\/paragraph\/instances\/cmiov063o00043j6o4dp6jpep@published\" data-editable=\"text\" data-component-name=\"paragraph\" data-article-gutter=\"true\">\n            Tras el ataque contra el precandidato presidencial, diversos actores pol\u00edticos condenaron los hechos.\n    <\/p>\n<p class=\"paragraph inline-placeholder vossi-paragraph\" data-uri=\"es.cms.cnn.com\/_components\/paragraph\/instances\/cmiov063o00053j6oxuz5wvqq@published\" data-editable=\"text\" data-component-name=\"paragraph\" data-article-gutter=\"true\">\n            El presidente del Jurado Nacional de Elecciones, Roberto Burneo, lament\u00f3 lo sucedido. En <a href=\"https:\/\/x.com\/jne_peru\/status\/1995898109981872437?s=46&amp;t=em5txf_Q-rzvUfhi9QOV7w\" target=\"_blank\" rel=\"nofollow\">declaraciones al medio local RPP<\/a>, pidi\u00f3 a las autoridades del pa\u00eds garantizar las condiciones de seguridad para los pr\u00f3ximos comicios.\n    <\/p>\n<p class=\"paragraph inline-placeholder vossi-paragraph\" data-uri=\"es.cms.cnn.com\/_components\/paragraph\/instances\/cmiov063o00063j6osz9tnbe9@published\" data-editable=\"text\" data-component-name=\"paragraph\" data-article-gutter=\"true\">\n            Sobre la misma l\u00ednea, Keiko Fujimori, dirigente del partido Fuerza Popular e hija del fallecido expresidente Alberto Fujimori, conden\u00f3 el atentado y expres\u00f3 su solidaridad con Bela\u00fande.\n    <\/p>\n<p class=\"paragraph inline-placeholder vossi-paragraph\" data-uri=\"es.cms.cnn.com\/_components\/paragraph\/instances\/cmiov063o00073j6owhuvj3e7@published\" data-editable=\"text\" data-component-name=\"paragraph\" data-article-gutter=\"true\">\n            \u201cCondeno con absoluta firmeza este acto criminal, reflejo de la violencia que golpea a miles de peruanos cada d\u00eda. No podemos normalizar estos actos criminales, que deben ser combatidos con toda la fuerza de la ley\u201d, <a href=\"https:\/\/x.com\/keikofujimori\/status\/1995899432022265861?s=46&amp;t=em5txf_Q-rzvUfhi9QOV7w\" target=\"_blank\" rel=\"nofollow\">dijo en X<\/a>.\n    <\/p>\n<p class=\"paragraph inline-placeholder vossi-paragraph\" data-uri=\"es.cms.cnn.com\/_components\/paragraph\/instances\/cmiov063o00083j6onl5xfeag@published\" data-editable=\"text\" data-component-name=\"paragraph\" data-article-gutter=\"true\">\n            El ataque se suma a los hechos de violencia que han afectado a Per\u00fa en el transcurso del a\u00f1o, en el que se ha registrado un repunte de la actividad de grupos delictivos que realizan asesinatos y extorsiones a sectores como el transporte o la miner\u00eda. La situaci\u00f3n ha generado protestas sociales en Lima y otras ciudades.\n    <\/p>\n<p class=\"paragraph inline-placeholder vossi-paragraph\" data-uri=\"es.cms.cnn.com\/_components\/paragraph\/instances\/cmiosnqy80000356n4gaej39g@published\" data-editable=\"text\" data-component-name=\"paragraph\" data-article-gutter=\"true\">\n            Noticia en desarrollo.\n    <\/p>\n","protected":false},"excerpt":{"rendered":"CNN Espa\u00f1ol \u00a0\u2014\u00a0 Rafael Bela\u00fande, precandidato a la presidencia de Per\u00fa por el partido Libertad Popular, sufri\u00f3 este&hellip;\n","protected":false},"author":2,"featured_media":267848,"comment_status":"","ping_status":"","sticky":false,"template":"","format":"standard","meta":{"footnotes":""},"categories":[42],"tags":[17,18,13,14,11,150,61,62,63,64,19,20,9,10,15,16,705,12,21,22,65,66,67],"class_list":{"0":"post-267847","1":"post","2":"type-post","3":"status-publish","4":"format-standard","5":"has-post-thumbnail","7":"category-internacional","8":"tag-breaking-news","9":"tag-breakingnews","10":"tag-featured-news","11":"tag-featurednews","12":"tag-headlines","13":"tag-instanoticias","14":"tag-internacional","15":"tag-international","16":"tag-international-news","17":"tag-internationalnews","18":"tag-latest-news","19":"tag-latestnews","20":"tag-news","21":"tag-noticias","22":"tag-noticias-destacadas","23":"tag-noticiasdestacadas","24":"tag-peru","25":"tag-titulares","26":"tag-ultimas-noticias","27":"tag-ultimasnoticias","28":"tag-world","29":"tag-world-news","30":"tag-worldnews"},"share_on_mastodon":{"url":"https:\/\/pubeurope.com\/@es\/115651998250761170","error":""},"_links":{"self":[{"href":"https:\/\/www.europesays.com\/es\/wp-json\/wp\/v2\/posts\/267847","targetHints":{"allow":["GET"]}}],"collection":[{"href":"https:\/\/www.europesays.com\/es\/wp-json\/wp\/v2\/posts"}],"about":[{"href":"https:\/\/www.europesays.com\/es\/wp-json\/wp\/v2\/types\/post"}],"author":[{"embeddable":true,"href":"https:\/\/www.europesays.com\/es\/wp-json\/wp\/v2\/users\/2"}],"replies":[{"embeddable":true,"href":"https:\/\/www.europesays.com\/es\/wp-json\/wp\/v2\/comments?post=267847"}],"version-history":[{"count":0,"href":"https:\/\/www.europesays.com\/es\/wp-json\/wp\/v2\/posts\/267847\/revisions"}],"wp:featuredmedia":[{"embeddable":true,"href":"https:\/\/www.europesays.com\/es\/wp-json\/wp\/v2\/media\/267848"}],"wp:attachment":[{"href":"https:\/\/www.europesays.com\/es\/wp-json\/wp\/v2\/media?parent=267847"}],"wp:term":[{"taxonomy":"category","embeddable":true,"href":"https:\/\/www.europesays.com\/es\/wp-json\/wp\/v2\/categories?post=267847"},{"taxonomy":"post_tag","embeddable":true,"href":"https:\/\/www.europesays.com\/es\/wp-json\/wp\/v2\/tags?post=267847"}],"curies":[{"name":"wp","href":"https:\/\/api.w.org\/{rel}","templated":true}]}}