{"id":267849,"date":"2025-12-02T21:03:08","date_gmt":"2025-12-02T21:03:08","guid":{"rendered":"https:\/\/www.europesays.com\/es\/267849\/"},"modified":"2025-12-02T21:03:08","modified_gmt":"2025-12-02T21:03:08","slug":"la-presidenta-de-navarra-cesa-a-su-director-de-obras-publicas-tras-la-polemica-de-los-tuneles-de-belate-espana","status":"publish","type":"post","link":"https:\/\/www.europesays.com\/es\/267849\/","title":{"rendered":"La presidenta de Navarra cesa a su director de Obras P\u00fablicas tras la pol\u00e9mica de los t\u00faneles de Belate | Espa\u00f1a"},"content":{"rendered":"<p class=\"\">La presidenta de Navarra, <a href=\"https:\/\/elpais.com\/espana\/2025-09-29\/maria-chivite-comparece-en-la-comision-de-investigacion-del-caso-koldo-del-senado.html\" target=\"_self\" rel=\"nofollow noopener\" title=\"https:\/\/elpais.com\/espana\/2025-09-29\/maria-chivite-comparece-en-la-comision-de-investigacion-del-caso-koldo-del-senado.html\">Mar\u00eda Chivite, <\/a>ha cesado al director general de Obras P\u00fablicas de la Comunidad Foral, Pedro L\u00f3pez, tras el reparo suspensivo del modificado de las obras de duplicaci\u00f3n de los t\u00faneles de Belate decretado por la Intervenci\u00f3n General del propio Ejecutivo. La adjudicaci\u00f3n de esa obra recay\u00f3 en Acciona y Servinabar, la peque\u00f1a empresa en la que el ex secretario de Organizaci\u00f3n del PSOE Santos Cerd\u00e1n pose\u00eda casi la mitad de las participaciones, seg\u00fan la Unidad Central Operativa (UCO).<\/p>\n<p class=\"\">El nombramiento del sustituto de Pedro L\u00f3pez, que llevaba en el cargo desde 2019, se acometer\u00e1 a la mayor brevedad, seg\u00fan ha indicado el Gobierno foral en una nota. El cese ya se ha comunicado a los grupos que sustentan al Ejecutivo de Chivite, del PSN. <\/p>\n<p class=\"\">El Gobierno de Navarra ha anunciado que introducir\u00e1 mejoras en la gesti\u00f3n de las obras del t\u00fanel de Belate, entre las que destacan tambi\u00e9n un cambio de la direcci\u00f3n facultativa y la supervisi\u00f3n directa por parte del Servicio de Intervenci\u00f3n del Departamento de Econom\u00eda y Hacienda. De esta manera, seg\u00fan ha comunicado el Ejecutivo foral, se arbitra un mecanismo para un mayor control y una mejor coordinaci\u00f3n, esenciales para una obra de semejante complejidad. <\/p>\n<p class=\"\">Tras conocerse el cese, la presidenta de UPN, Cristina Ibarrola, ha asegurado que el cese \u201ces un reconocimiento expl\u00edcito de los indicios de corrupci\u00f3n que rodean la adjudicaci\u00f3n de los t\u00faneles de Belate y que en UPN venimos denunciando desde el minuto uno\u201d. En un comunicado, Ibarrola ha responsabilizado directamente a Chivite de \u201cla sombra de corrupci\u00f3n\u201d que rodea la duplicaci\u00f3n de los t\u00faneles de Belate y el sobrecoste de la obra. \u201cChivite le abri\u00f3 de par en par las puertas del Palacio de Navarra a Cerd\u00e1n, le permiti\u00f3 campar a sus anchas, y, a d\u00eda de hoy, sigue siendo incapaz de explicar c\u00f3mo su Gobierno adjudic\u00f3 una obra de 76 millones de euros a la empresa de Cerd\u00e1n\u201d, ha censurado. En ese sentido, ha calificado de \u201cabsolutamente insuficiente\u201d el cese del director general de Obras P\u00fablicas, Pedro L\u00f3pez. \u201cL\u00f3pez ha sido solo la cabeza de turco de la que se ha servido Chivite para contentar a sus socios y eludir su propia responsabilidad. Ni tan siquiera ha explicado por qu\u00e9 le cesa\u201d, ha afirmado.<\/p>\n<p class=\"\">En sentido contrario, EH Bildu ha valorado las decisiones adoptadas por la presidenta al considerar que a trav\u00e9s de ellas \u201cse dirimen responsabilidades y se establecen medidas de control imprescindibles\u201d.<\/p>\n","protected":false},"excerpt":{"rendered":"La presidenta de Navarra, Mar\u00eda Chivite, ha cesado al director general de Obras P\u00fablicas de la Comunidad Foral,&hellip;\n","protected":false},"author":2,"featured_media":267850,"comment_status":"","ping_status":"","sticky":false,"template":"","format":"standard","meta":{"footnotes":""},"categories":[8],"tags":[17,18,25,24,13,14,1468,11,19,20,52208,708,9,7520,10,15,16,61378,23,12,21,22],"class_list":{"0":"post-267849","1":"post","2":"type-post","3":"status-publish","4":"format-standard","5":"has-post-thumbnail","7":"category-espana","8":"tag-breaking-news","9":"tag-breakingnews","10":"tag-es","11":"tag-espana","12":"tag-featured-news","13":"tag-featurednews","14":"tag-gobierno-autonomico","15":"tag-headlines","16":"tag-latest-news","17":"tag-latestnews","18":"tag-maria-chivite","19":"tag-navarra","20":"tag-news","21":"tag-nombramientos","22":"tag-noticias","23":"tag-noticias-destacadas","24":"tag-noticiasdestacadas","25":"tag-obras-publicas","26":"tag-spain","27":"tag-titulares","28":"tag-ultimas-noticias","29":"tag-ultimasnoticias"},"share_on_mastodon":{"url":"https:\/\/pubeurope.com\/@es\/115652002063649709","error":""},"_links":{"self":[{"href":"https:\/\/www.europesays.com\/es\/wp-json\/wp\/v2\/posts\/267849","targetHints":{"allow":["GET"]}}],"collection":[{"href":"https:\/\/www.europesays.com\/es\/wp-json\/wp\/v2\/posts"}],"about":[{"href":"https:\/\/www.europesays.com\/es\/wp-json\/wp\/v2\/types\/post"}],"author":[{"embeddable":true,"href":"https:\/\/www.europesays.com\/es\/wp-json\/wp\/v2\/users\/2"}],"replies":[{"embeddable":true,"href":"https:\/\/www.europesays.com\/es\/wp-json\/wp\/v2\/comments?post=267849"}],"version-history":[{"count":0,"href":"https:\/\/www.europesays.com\/es\/wp-json\/wp\/v2\/posts\/267849\/revisions"}],"wp:featuredmedia":[{"embeddable":true,"href":"https:\/\/www.europesays.com\/es\/wp-json\/wp\/v2\/media\/267850"}],"wp:attachment":[{"href":"https:\/\/www.europesays.com\/es\/wp-json\/wp\/v2\/media?parent=267849"}],"wp:term":[{"taxonomy":"category","embeddable":true,"href":"https:\/\/www.europesays.com\/es\/wp-json\/wp\/v2\/categories?post=267849"},{"taxonomy":"post_tag","embeddable":true,"href":"https:\/\/www.europesays.com\/es\/wp-json\/wp\/v2\/tags?post=267849"}],"curies":[{"name":"wp","href":"https:\/\/api.w.org\/{rel}","templated":true}]}}