{"id":267851,"date":"2025-12-02T21:04:15","date_gmt":"2025-12-02T21:04:15","guid":{"rendered":"https:\/\/www.europesays.com\/es\/267851\/"},"modified":"2025-12-02T21:04:15","modified_gmt":"2025-12-02T21:04:15","slug":"la-laguna-revela-su-punto-cero-el-lugar-donde-nacen-los-caminos-historicos-de-tenerife-y-la-union-de-canarias-con-iberoamerica","status":"publish","type":"post","link":"https:\/\/www.europesays.com\/es\/267851\/","title":{"rendered":"La Laguna revela su Punto Cero, el lugar donde nacen los caminos hist\u00f3ricos de Tenerife y la uni\u00f3n de Canarias con Iberoam\u00e9rica"},"content":{"rendered":"<p>La Laguna ha vivido hoy uno de los actos centrales del 25 aniversario de su declaraci\u00f3n como Ciudad Patrimonio Mundial con la inauguraci\u00f3n de la placa de su Punto Cero y la presentaci\u00f3n del v\u00eddeo que acompa\u00f1a a esta novedosa iniciativa, con la que se revela la rosa de los vientos que inspir\u00f3 el trazado fundacional de la ciudad hist\u00f3rica, un dise\u00f1o renacentista que se conserva pr\u00e1cticamente intacto hasta la actualidad y que constituye la base de su Valor Universal Excepcional. Con este doble gesto, La Laguna refuerza su identidad como origen de los caminos hist\u00f3ricos de Tenerife y como modelo urbano exportado a Iberoam\u00e9rica, proyectando su legado cultural m\u00e1s all\u00e1 de sus fronteras y reafirmando su vocaci\u00f3n universal.<\/p>\n<p>El acto cont\u00f3 con la participaci\u00f3n del alcalde de La Laguna, Luis Yeray Guti\u00e9rrez;\u00a0el concejal de Patrimonio Cultural de La Laguna, Adolfo Cordob\u00e9s; el director general de Innovaci\u00f3n Cultural e Industrias Creativas del Gobierno de Canarias, Crist\u00f3bal de la Rosa;\u00a0la directora insular de Patrimonio Hist\u00f3rico del Cabildo de Tenerife, Isabel de Esteban, y\u00a0la catedr\u00e1tica de Historia del Arte de la Universidad de La Laguna, Maisa Navarro, quien explic\u00f3 los detalles del trazado fundacional.<\/p>\n<p>El alcalde de La Laguna, Luis Yeray Guti\u00e9rrez, destac\u00f3 en su intervenci\u00f3n que \u201ceste Punto Cero no es solo una placa de bronce, es un s\u00edmbolo que nos recuerda que La Laguna fue el origen de los caminos de Tenerife y que su trazado urbano, sin murallas y adelantado a su tiempo, se convirti\u00f3 en modelo para ciudades de Am\u00e9rica. Hoy reafirmamos que nuestra ciudad naci\u00f3 con vocaci\u00f3n universal y que sigue proyectando su identidad m\u00e1s all\u00e1 de Canarias\u201d.<\/p>\n<p>Por su parte, el concejal de Patrimonio Cultural, Adolfo Cordob\u00e9s, subray\u00f3 que \u201cla instalaci\u00f3n de esta placa y la presentaci\u00f3n del spot son herramientas de divulgaci\u00f3n y orgullo ciudadano. Queremos que cada lagunero y cada visitante pueda reconocer f\u00edsicamente el coraz\u00f3n geom\u00e9trico de la ciudad y comprender por qu\u00e9 La Laguna es Patrimonio Mundial. Es un gesto sencillo, pero cargado de significado, que conecta la teor\u00eda acad\u00e9mica con la experiencia cotidiana\u201d.<\/p>\n<p>Crist\u00f3bal de la Rosa declar\u00f3 que \u201cla cultura y la identidad nacen de hechos que se transforman en s\u00edmbolos, y La Laguna, especialmente en los \u00faltimos 25 a\u00f1os, se ha consolidado como el \u00fanico s\u00edmbolo referente para toda Canarias. Su apertura, heredada del esp\u00edritu renacentista y de una ciudad sin murallas, la convierte en emblema de convivencia y acogida. Como ciudad patrimonial, afronta el reto de preservar su legado mientras lo mantiene vivo y compartido, reafirmando que su s\u00edmbolo de apertura seguir\u00e1 guiando el debate sobre c\u00f3mo conservar y proyectar el patrimonio con la misma vocaci\u00f3n abierta y hospitalaria que caracteriza a los canarios\u201d.<\/p>\n<p>Asimismo, Isabel de Esteban se\u00f1al\u00f3 que, \u201cdesde el \u00e1rea insular de Patrimonio Hist\u00f3rico,\u00a0defendemos que proteger, interpretar y difundir nuestro legado es una responsabilidad compartida. Por eso, desde el Cabildo,\u00a0hemos destinado una inversi\u00f3n de medio mill\u00f3n de euros para apoyar y hacer posibles los actos\u00a0del 25 aniversario de la declaraci\u00f3n de La Laguna como Ciudad Patrimonio de la Humanidad. Esta aportaci\u00f3n refleja nuestra apuesta firme por impulsar proyectos de divulgaci\u00f3n, investigaci\u00f3n e interpretaci\u00f3n del patrimonio que acerquen nuestra historia a la ciudadan\u00eda\u201d.<\/p>\n<p><strong>Imagen f\u00edsica y digital<\/strong><\/p>\n<p>La placa del Punto Cero, de medio metro de di\u00e1metro y realizada\u00a0en bronce por Fundiciones Bronzo, materializa la rosa de los vientos que inspir\u00f3 el trazado fundacional de la ciudad a finales del siglo XV. Su instalaci\u00f3n convierte el concepto en un hito tangible y accesible, que permitir\u00e1 a residentes y visitantes posar sus pies sobre el coraz\u00f3n geom\u00e9trico de La Laguna, al estilo del Kil\u00f3metro Cero de Madrid. Este recurso, sencillo y fotog\u00e9nico, est\u00e1 llamado a convertirse en un icono urbano y patrimonial, con gran potencial para campa\u00f1as tur\u00edsticas y culturales, y para generar interacci\u00f3n espont\u00e1nea en redes sociales.<\/p>\n<p>Tras el descubrimiento de la placa, ubicada en la calle San Agust\u00edn con N\u00fa\u00f1ez de la Pe\u00f1a, se proyect\u00f3 en una gran pantalla el spot que refuerza audiovisualmente este concepto. Realizado por Adri\u00e1n Gonz\u00e1lez Paredes\u00a0y con el apoyo del prestigioso estudio creativo internacional Lowked\u00a0Studio, especializado en animaci\u00f3n, postproducci\u00f3n y experiencias digitales de alto impacto, este v\u00eddeo corto traduce en im\u00e1genes la teor\u00eda de la rosa de los vientos y la centralidad hist\u00f3rica de la ciudad.<\/p>\n<p>La narrativa audiovisual muestra el encuentro entre dos generaciones que descubren, de manera s\u00fabita, la historia oculta bajo sus pies. La rosa de los vientos emerge del subsuelo, se eleva hacia el cielo y proyecta haces de luz que conectan continentes, simbolizando el papel de La Laguna como nexo atl\u00e1ntico entre Europa e Iberoam\u00e9rica.<\/p>\n<p>Y todo ello, a trav\u00e9s de originalidad conceptual, innovaci\u00f3n t\u00e9cnica, valor pedag\u00f3gico, impacto emocional y proyecci\u00f3n internacional. Su equilibrio entre rigor hist\u00f3rico, creatividad visual y capacidad de emocionar lo convierte en una pieza innovadora dentro del \u00e1mbito de la comunicaci\u00f3n patrimonial local.<\/p>\n<p>Adri\u00e1n Gonz\u00e1lez Paredes es el responsable de direcci\u00f3n, edici\u00f3n y postproducci\u00f3n, con Gabriel Garc\u00eda Fern\u00e1ndez-Vald\u00e9s en la direcci\u00f3n de fotograf\u00eda y Manuel Baro Pereira\u00a0en el dise\u00f1o de sonido. Producido por Agencia La Cosecha e interpretado por Fernando Romero Amich e Indira Hern\u00e1ndez Hern\u00e1ndez, el spot ha contado con los asistentes de producci\u00f3n Estefan\u00eda Gonz\u00e1lez Cruz y Alex Ch\u00e1vez Perdomo, as\u00ed como con Droneframescanarias\u00a0para el uso de drones y Lowked Studio en el dise\u00f1o 3D.<\/p>\n<p><strong>Una idea en dos formatos: tangible e intangible<\/strong><\/p>\n<p>La vinculaci\u00f3n entre la placa y el v\u00eddeo es directa. Ambas piezas funcionan como dispositivos emocionales, que visibilizan el concepto para desencadenar una b\u00fasqueda individual m\u00e1s completa sobre el Valor Universal Excepcional de la ciudad. La placa fija en el espacio p\u00fablico el centro geom\u00e9trico de La Laguna, mientras que el spot lo expande hacia el imaginario colectivo, multiplicando su alcance a trav\u00e9s de la emoci\u00f3n y la est\u00e9tica. Esta doble acci\u00f3n refuerza la narrativa patrimonial y ofrece una lectura est\u00e9tica y cultural que enriquece la experiencia de quienes recorren la ciudad.<\/p>\n<p>La iniciativa se enmarca en una estrategia m\u00e1s amplia de la Concejal\u00eda de Patrimonio Cultural para visibilizar la realidad de una ciudad que no es un museo al aire libre, sino un espacio vivo y que trabaja ya para incorporar la sostenibilidad y la innovaci\u00f3n en su gesti\u00f3n, con nuevas herramientas de planificaci\u00f3n y un programa participativo que se desarrollar\u00e1 durante los pr\u00f3ximos a\u00f1os.<\/p>\n<p>La Laguna Punto Cero surge del proceso de an\u00e1lisis iniciado en estos 25 a\u00f1os como \u00fanica Ciudad Patrimonio Mundial de Canarias y es la primera acci\u00f3n visible de un plan integral que busca conciliar la protecci\u00f3n de su Valor Universal Excepcional con las necesidades contempor\u00e1neas de los residentes.<\/p>\n<p>Entre los usos previstos de la placa y el spot se incluyen actos institucionales, campa\u00f1as de promoci\u00f3n, programas educativos y patrimoniales, y actividades culturales. Ambas acciones no son solo gestos culturales, sino s\u00edmbolos de identidad, orgullo y proyecci\u00f3n internacional.<\/p>\n<p>Con el Punto Cero, La Laguna reafirma su vocaci\u00f3n universal y su papel como ciudad viva, habitada y en constante evoluci\u00f3n, capaz de conectar caminos insulares y rutas atl\u00e1nticas, y de inspirar a quienes la recorren a proteger y valorar su patrimonio.<\/p>\n<p>Esta iniciativa\u00a0forma parte del programa conmemorativo por el 25 aniversario de la declaraci\u00f3n de La Laguna como Ciudad Patrimonio Mundial por la UNESCO, el cual\u00a0cuenta con el respaldo econ\u00f3mico del Gobierno de Canarias y del Cabildo de Tenerife.<\/p>\n<p>Toda la informaci\u00f3n del programa de actos est\u00e1 disponible en la web <a id=\"OWA9c91e57c-f3c5-bbfc-ef0d-fe1abbd058a0\" class=\"x_x_x_OWAAutoLink\" title=\"https:\/\/25aniversario.aytolalaguna.es\/\" href=\"https:\/\/25aniversario.aytolalaguna.es\/\" target=\"_blank\" rel=\"noopener noreferrer nofollow\" data-auth=\"NotApplicable\" data-linkindex=\"2\">https:\/\/25aniversario.aytolalaguna.es\/<\/a><\/p>\n","protected":false},"excerpt":{"rendered":"La Laguna ha vivido hoy uno de los actos centrales del 25 aniversario de su declaraci\u00f3n como Ciudad&hellip;\n","protected":false},"author":2,"featured_media":267852,"comment_status":"","ping_status":"","sticky":false,"template":"","format":"standard","meta":{"footnotes":""},"categories":[5],"tags":[17,18,25,24,13,14,11,19,20,9,10,15,16,23,12,21,22],"class_list":{"0":"post-267851","1":"post","2":"type-post","3":"status-publish","4":"format-standard","5":"has-post-thumbnail","7":"category-titulares","8":"tag-breaking-news","9":"tag-breakingnews","10":"tag-es","11":"tag-espana","12":"tag-featured-news","13":"tag-featurednews","14":"tag-headlines","15":"tag-latest-news","16":"tag-latestnews","17":"tag-news","18":"tag-noticias","19":"tag-noticias-destacadas","20":"tag-noticiasdestacadas","21":"tag-spain","22":"tag-titulares","23":"tag-ultimas-noticias","24":"tag-ultimasnoticias"},"share_on_mastodon":{"url":"https:\/\/pubeurope.com\/@es\/115652005925112447","error":""},"_links":{"self":[{"href":"https:\/\/www.europesays.com\/es\/wp-json\/wp\/v2\/posts\/267851","targetHints":{"allow":["GET"]}}],"collection":[{"href":"https:\/\/www.europesays.com\/es\/wp-json\/wp\/v2\/posts"}],"about":[{"href":"https:\/\/www.europesays.com\/es\/wp-json\/wp\/v2\/types\/post"}],"author":[{"embeddable":true,"href":"https:\/\/www.europesays.com\/es\/wp-json\/wp\/v2\/users\/2"}],"replies":[{"embeddable":true,"href":"https:\/\/www.europesays.com\/es\/wp-json\/wp\/v2\/comments?post=267851"}],"version-history":[{"count":0,"href":"https:\/\/www.europesays.com\/es\/wp-json\/wp\/v2\/posts\/267851\/revisions"}],"wp:featuredmedia":[{"embeddable":true,"href":"https:\/\/www.europesays.com\/es\/wp-json\/wp\/v2\/media\/267852"}],"wp:attachment":[{"href":"https:\/\/www.europesays.com\/es\/wp-json\/wp\/v2\/media?parent=267851"}],"wp:term":[{"taxonomy":"category","embeddable":true,"href":"https:\/\/www.europesays.com\/es\/wp-json\/wp\/v2\/categories?post=267851"},{"taxonomy":"post_tag","embeddable":true,"href":"https:\/\/www.europesays.com\/es\/wp-json\/wp\/v2\/tags?post=267851"}],"curies":[{"name":"wp","href":"https:\/\/api.w.org\/{rel}","templated":true}]}}