{"id":267853,"date":"2025-12-02T21:09:15","date_gmt":"2025-12-02T21:09:15","guid":{"rendered":"https:\/\/www.europesays.com\/es\/267853\/"},"modified":"2025-12-02T21:09:15","modified_gmt":"2025-12-02T21:09:15","slug":"nadal-apunta-al-problema-de-la-rivalidad-alcaraz-sinner-sin-un-djokovic-que-les-apriete","status":"publish","type":"post","link":"https:\/\/www.europesays.com\/es\/267853\/","title":{"rendered":"Nadal apunta al \u2018problema\u2019 de la rivalidad Alcaraz &#8211; Sinner sin un Djokovic \u201cque les apriete\u201d"},"content":{"rendered":"<p class=\"\"><b>Rafa Nadal pas\u00f3 por los micr\u00f3fonos de El Larguero de la Cadena SER <\/b>tras recibir un m\u00e1s que merecido homenaje durante la celebraci\u00f3n de los <a href=\"https:\/\/as.com\/masdeporte\/polideportivo\/premios-as-2025-rafa-nadal-el-espejo-de-todos-f202512-n\/\" target=\"_self\" rel=\"nofollow noopener\" title=\"https:\/\/as.com\/masdeporte\/polideportivo\/premios-as-2025-rafa-nadal-el-espejo-de-todos-f202512-n\/\"><b>Premios AS 2025, donde recibi\u00f3 el Premio AS Leyenda<\/b><\/a> en reconocimiento a su trayectoria en una carrera que ya forma parte de la historia del deporte mundial.<\/p>\n<p class=\"\">Nadal analiz\u00f3 la rivalidad actual entre Sinner y Alcaraz y cree que falta una figura como la de Novak Djokovic que les complic\u00f3 las cosas a \u00e9l y a Roger Federer. <b>\u201cCreo que a Sinner y a Alcaraz les falta alguien que les apriete un poco porque han marcado diferencias con todos los dem\u00e1s<\/b> y en cualquier versi\u00f3n pueden ganar a cualquiera, hasta que se encuentran con el otro. Los que lo vemos desde fuera tenemos la sensaci\u00f3n de que, aunque jueguen mal, van a seguir ganando y llegando a todas las finales\u201d.<\/p>\n<p class=\"\">El tenista espa\u00f1ol tambi\u00e9n analiz\u00f3 los cambios en la Copa Davis y cree que se ha perdido la magia porque no la juegan los mejores. \u201cLa realidad es que era muy bonita cuando hab\u00eda un calendario, cuando se daban las condiciones para que los mejores la jugaran siempre. <b>Con el formato anterior dej\u00f3 de ser tan bonita cuando los mejores del mundo no la jugaban habitualmente. <\/b>Nos equivocamos pensando en que el pasado siempre fue mejor porque no es cierto. El formato actual no es el ideal, pero el anterior no era lo suficientemente bueno\u201d.<\/p>\n<p>Noticias relacionadas<\/p>\n<p class=\"\">Nadal tambi\u00e9n confes\u00f3 que ha vuelto a jugar al tenis poco a poco tras su retirada y que espera hacerlo una vez por semana para no tener que empezar de cero cada vez. <b>\u201cHe jugado una hora y media desde que me retir\u00e9. No he cogido una raqueta hasta hace dos semanas. <\/b>Me gustar\u00eda jugar una vez por semana a partir de ahora para no tener que empezar de cero si alguna vez quiero jugar. Tengo dolores, evidentemente, pero parando mucho la actividad, las cosas se van suavizando\u201d.<\/p>\n<p class=\"\"><b>\u00a1Tus opiniones importan!<\/b> Comenta en los art\u00edculos y suscr\u00edbete gratis a nuestra <a href=\"https:\/\/asfan.as.com\/newsletters\/\" target=\"_blank\" rel=\"nofollow noopener\" title=\"https:\/\/asfan.as.com\/newsletters\/\">newsletter<\/a> y a las alertas informativas en la <a href=\"https:\/\/as.com\/aplicacion-de-as-n\/\" target=\"_blank\" rel=\"nofollow noopener\" title=\"https:\/\/as.com\/aplicacion-de-as-n\/\">App<\/a> o el canal de <a href=\"https:\/\/www.whatsapp.com\/channel\/0029VaAasdA7j6g745nz9M10\" target=\"_blank\" rel=\"nofollow noopener\" title=\"https:\/\/www.whatsapp.com\/channel\/0029VaAasdA7j6g745nz9M10\">WhatsApp<\/a>. \u00bfBuscas licenciar contenido? Haz clic <a href=\"https:\/\/profesional.elpais.com\/soluciones-sindicacion?utm_medium=interno&amp;utm_source=crosslinking&amp;utm_campaign=sindicacion_as_pie_articulos\" target=\"_blank\" rel=\"nofollow noopener\" title=\"https:\/\/profesional.elpais.com\/soluciones-sindicacion?utm_medium=interno&amp;utm_source=crosslinking&amp;utm_campaign=sindicacion_as_pie_articulos\">aqu\u00ed<\/a><\/p>\n","protected":false},"excerpt":{"rendered":"Rafa Nadal pas\u00f3 por los micr\u00f3fonos de El Larguero de la Cadena SER tras recibir un m\u00e1s que&hellip;\n","protected":false},"author":2,"featured_media":267854,"comment_status":"","ping_status":"","sticky":false,"template":"","format":"standard","meta":{"footnotes":""},"categories":[274],"tags":[168,25,24,23,167,327,326],"class_list":{"0":"post-267853","1":"post","2":"type-post","3":"status-publish","4":"format-standard","5":"has-post-thumbnail","7":"category-tenis","8":"tag-deportes","9":"tag-es","10":"tag-espana","11":"tag-spain","12":"tag-sports","13":"tag-tenis","14":"tag-tennis"},"share_on_mastodon":{"url":"https:\/\/pubeurope.com\/@es\/115652025770545087","error":""},"_links":{"self":[{"href":"https:\/\/www.europesays.com\/es\/wp-json\/wp\/v2\/posts\/267853","targetHints":{"allow":["GET"]}}],"collection":[{"href":"https:\/\/www.europesays.com\/es\/wp-json\/wp\/v2\/posts"}],"about":[{"href":"https:\/\/www.europesays.com\/es\/wp-json\/wp\/v2\/types\/post"}],"author":[{"embeddable":true,"href":"https:\/\/www.europesays.com\/es\/wp-json\/wp\/v2\/users\/2"}],"replies":[{"embeddable":true,"href":"https:\/\/www.europesays.com\/es\/wp-json\/wp\/v2\/comments?post=267853"}],"version-history":[{"count":0,"href":"https:\/\/www.europesays.com\/es\/wp-json\/wp\/v2\/posts\/267853\/revisions"}],"wp:featuredmedia":[{"embeddable":true,"href":"https:\/\/www.europesays.com\/es\/wp-json\/wp\/v2\/media\/267854"}],"wp:attachment":[{"href":"https:\/\/www.europesays.com\/es\/wp-json\/wp\/v2\/media?parent=267853"}],"wp:term":[{"taxonomy":"category","embeddable":true,"href":"https:\/\/www.europesays.com\/es\/wp-json\/wp\/v2\/categories?post=267853"},{"taxonomy":"post_tag","embeddable":true,"href":"https:\/\/www.europesays.com\/es\/wp-json\/wp\/v2\/tags?post=267853"}],"curies":[{"name":"wp","href":"https:\/\/api.w.org\/{rel}","templated":true}]}}