{"id":267855,"date":"2025-12-02T21:10:09","date_gmt":"2025-12-02T21:10:09","guid":{"rendered":"https:\/\/www.europesays.com\/es\/267855\/"},"modified":"2025-12-02T21:10:09","modified_gmt":"2025-12-02T21:10:09","slug":"cavendish-tambien-critica-el-actual-modelo-de-ciclismo-y-apunta-a-crear-su-propio-equipo","status":"publish","type":"post","link":"https:\/\/www.europesays.com\/es\/267855\/","title":{"rendered":"Cavendish tambi\u00e9n critica el actual modelo de ciclismo y apunta a crear su propio equipo"},"content":{"rendered":"<p>Si ayer mismo conoc\u00edamos las <a href=\"https:\/\/www.brujulabike.com\/wout-van-aert-critica-modelo-economico-ciclismo-ingresos-exclusivamente-patrocinadores\/\" rel=\"nofollow noopener\" target=\"_blank\">cr\u00edticas de Wout van Aert acerca de el modelo de financiaci\u00f3n que rige en el ciclismo<\/a>, pr\u00e1cticamente inalterado desde los albores de la competici\u00f3n a comienzos del siglo XX. Unas cr\u00edticas que suscribe de forma casi id\u00e9ntica Mark Cavendish qui\u00e9n se convierte en otra voz m\u00e1s en el coro cada vez m\u00e1s grande que pide un cambio en la forma en la que el ciclismo est\u00e1 organizado.<\/p>\n<p><img class=\" lazyload\" border=\"0\" alt=\"Cavendish tambi\u00e9n critica el actual modelo de ciclismo y apunta a crear su propio equipo\" width=\"1600\" height=\"900\"  data-\/><\/p>\n<p>Hacer que el ciclismo \u201cse parezca m\u00e1s a otros deportes\u201d. Ese es el anhelo que expresaba el exciclista Mark Cavendish en una entrevista a un medio australiano en el que, al igual que otros recientemente, ha abogado por reformar de forma profunda el modelo econ\u00f3mico del ciclismo ya que, seg\u00fan el ciclista de la Isla de Man, \u201chay fuentes de ingresos que no se est\u00e1n actualizando adecuadamente\u201d.<\/p>\n<p>Unas cr\u00edticas que vuelven a se\u00f1alar lo que para muchos es un mal end\u00e9mico asociado al ciclismo como que los equipos tengan como fuente de ingresos casi exclusiva la aportaci\u00f3n de sus patrocinadores y los ciclistas sean unos simples asalariados m\u00e1s all\u00e1 de las esponsorizaciones personales que puedan tener cada uno de ellos. Una situaci\u00f3n que convierte al deportista en poco m\u00e1s que una valla publicitaria que da pedales.<\/p>\n<p><img class=\" lazyload\" border=\"0\" alt=\"Cavendish tambi\u00e9n critica el actual modelo de ciclismo y apunta a crear su propio equipo\" width=\"6192\" height=\"4128\"  data-\/><\/p>\n<p>De hecho, Mark Cavendish dejaba entrever en la entrevista que le gustar\u00eda contar con su propio equipo alg\u00fan d\u00eda pero no bajo un modelo como el actual sino en un ciclismo reformado que se pareciera m\u00e1s a, por ejemplo, la F\u00f3rmula 1, deporte del que el brit\u00e1nico es un gran fan.<\/p>\n<p>Sin embargo, intentos como el de la superliga OneCycling o establecer zonas VIP en las carreras a las que el p\u00fablico acceder\u00eda pagando una entrada caen una y otra vez en saco roto ante la inmovilidad de un deporte que, como dec\u00edamos antes, mantiene unas estructuras pr\u00e1cticamente invariables desde sus or\u00edgenes en donde el patrocinador y los organizadores de las carreras son los que tienen el control.<\/p>\n<p><img class=\" lazyload\" border=\"0\" alt=\"Cavendish tambi\u00e9n critica el actual modelo de ciclismo y apunta a crear su propio equipo\" width=\"900\" height=\"600\"  data-\/><\/p>\n<p>Tambi\u00e9n reproch\u00f3 Mark Cavendish la actitud de muchos corredores que, para \u00e9l, \u201cno est\u00e1n haciendo lo suficiente para ganar dinero por derecho propio\u201d en una clara alusi\u00f3n a la pasividad del ciclista que, mientras est\u00e1 en activo, suele vivir en su burbuja en la que no tiene que preocuparse m\u00e1s que de entrenar y competir.<\/p>\n","protected":false},"excerpt":{"rendered":"Si ayer mismo conoc\u00edamos las cr\u00edticas de Wout van Aert acerca de el modelo de financiaci\u00f3n que rige&hellip;\n","protected":false},"author":2,"featured_media":267856,"comment_status":"","ping_status":"","sticky":false,"template":"","format":"standard","meta":{"footnotes":""},"categories":[273],"tags":[313,312,168,25,24,23,167],"class_list":{"0":"post-267855","1":"post","2":"type-post","3":"status-publish","4":"format-standard","5":"has-post-thumbnail","7":"category-ciclismo","8":"tag-ciclismo","9":"tag-cycling","10":"tag-deportes","11":"tag-es","12":"tag-espana","13":"tag-spain","14":"tag-sports"},"share_on_mastodon":{"url":"https:\/\/pubeurope.com\/@es\/115652029530891284","error":""},"_links":{"self":[{"href":"https:\/\/www.europesays.com\/es\/wp-json\/wp\/v2\/posts\/267855","targetHints":{"allow":["GET"]}}],"collection":[{"href":"https:\/\/www.europesays.com\/es\/wp-json\/wp\/v2\/posts"}],"about":[{"href":"https:\/\/www.europesays.com\/es\/wp-json\/wp\/v2\/types\/post"}],"author":[{"embeddable":true,"href":"https:\/\/www.europesays.com\/es\/wp-json\/wp\/v2\/users\/2"}],"replies":[{"embeddable":true,"href":"https:\/\/www.europesays.com\/es\/wp-json\/wp\/v2\/comments?post=267855"}],"version-history":[{"count":0,"href":"https:\/\/www.europesays.com\/es\/wp-json\/wp\/v2\/posts\/267855\/revisions"}],"wp:featuredmedia":[{"embeddable":true,"href":"https:\/\/www.europesays.com\/es\/wp-json\/wp\/v2\/media\/267856"}],"wp:attachment":[{"href":"https:\/\/www.europesays.com\/es\/wp-json\/wp\/v2\/media?parent=267855"}],"wp:term":[{"taxonomy":"category","embeddable":true,"href":"https:\/\/www.europesays.com\/es\/wp-json\/wp\/v2\/categories?post=267855"},{"taxonomy":"post_tag","embeddable":true,"href":"https:\/\/www.europesays.com\/es\/wp-json\/wp\/v2\/tags?post=267855"}],"curies":[{"name":"wp","href":"https:\/\/api.w.org\/{rel}","templated":true}]}}