{"id":267857,"date":"2025-12-02T21:12:16","date_gmt":"2025-12-02T21:12:16","guid":{"rendered":"https:\/\/www.europesays.com\/es\/267857\/"},"modified":"2025-12-02T21:12:16","modified_gmt":"2025-12-02T21:12:16","slug":"el-mvp-de-noviembre-en-la-euroliga-tiene-un-contrato-temporal","status":"publish","type":"post","link":"https:\/\/www.europesays.com\/es\/267857\/","title":{"rendered":"El MVP de noviembre en la Euroliga tiene un contrato temporal"},"content":{"rendered":"<p data-gtm-element-container=\"modulo-texto-link\" class=\"paragraph\">Kenneth <strong>Faried <\/strong>ha sido nombrado Jugador M\u00e1s Valioso (MVP) del mes de noviembre en la Euroliga. Su llegada al <strong>Panathinaikos <\/strong>el 9 de noviembre, con un contrato de dos meses directamente desde Taiwan,\u00a0gener\u00f3 un impacto inmediato, llevando al equipo a un r\u00e9cord perfecto de 4-0 durante el mes y a compartir el primer lugar en la clasificaci\u00f3n.<\/p>\n<p data-gtm-element-container=\"modulo-texto-link\" class=\"paragraph\">Durante noviembre, <strong>Faried <\/strong>promedi\u00f3 13,5 puntos con un 64,5% de acierto en tiros de campo, 7,5 rebotes \u2013incluyendo 4,0 rebotes ofensivos\u2013 y 2,0 tapones por partido. Su inagotable energ\u00eda y atletismo lo posicionaron como el segundo mejor bloqueador y el sexto mejor reboteador de la liga en ese per\u00edodo, destacando con mates espectaculares y rechaces enf\u00e1ticos.<\/p>\n<p data-gtm-element-container=\"modulo-texto-link\" class=\"paragraph\">La incorporaci\u00f3n de <strong>Faried<\/strong> se produjo en un momento cr\u00edtico para <strong>Panathinaikos<\/strong>. El 2 de noviembre, el p\u00edvot Omer <strong>Yurtseven <\/strong>sufri\u00f3 una lesi\u00f3n, sum\u00e1ndose a Richaun <strong>Holmes <\/strong>y Mathias <strong>Lessort <\/strong>en la lista de bajas. El equipo griego ven\u00eda de perder dos partidos consecutivos y tres de los \u00faltimos cuatro, enfrent\u00e1ndose a un tramo sin p\u00edvots experimentados.<\/p>\n<p data-gtm-element-container=\"modulo-texto-link\" class=\"paragraph\"><strong>Faried <\/strong>se uni\u00f3 al club una semana despu\u00e9s y, tras un solo entrenamiento, debut\u00f3 en la Jornada 10 contra el <strong>Paris <\/strong>Basketball. Lider\u00f3 a los <strong>Verdes <\/strong>a una victoria a domicilio por 95-101, aportando 17 puntos, 10 rebotes y 3 tapones. Posteriormente, sum\u00f3 16 puntos y 8 rebotes en una victoria contundente ante el <strong>Real Madrid <\/strong>en la Jornada 11, y cerr\u00f3 el mes con actuaciones s\u00f3lidas contra <strong>Dubai <\/strong>Basketball y <strong>Partizan<\/strong>.<\/p>\n<p>        Lee tambi\u00e9n<\/p>\n<p>    efe<\/p>\n<p>             <img loading=\"lazy\" decoding=\"async\" data-full-src=\"https:\/\/www.mundodeportivo.com\/uploads\/2023\/12\/31\/659149083b266.png\" alt=\"Danilo Gallinari, con Italia\" width=\"334\" height=\"164\" src=\"https:\/\/www.europesays.com\/es\/wp-content\/uploads\/2025\/12\/659149083b266.png\" class=\"lazy\"\/><\/p>\n<p data-gtm-element-container=\"modulo-texto-link\" class=\"paragraph\"><strong>Faried <\/strong>expres\u00f3 su sorpresa y conexi\u00f3n con el equipo: \u201cNo sab\u00eda qu\u00e9 esperar, pero de repente estoy jugando, no solo jugando, sino siendo titular, y contribuyendo de gran manera al equipo. La qu\u00edmica parec\u00eda estar ah\u00ed desde el primer d\u00eda. Sent\u00ed como si llevara aqu\u00ed a\u00f1os\u201d. Tambi\u00e9n coment\u00f3 sobre su encuentro con el entrenador <strong>Ataman<\/strong>: \u201cMe dijo: \u2018Vaya, siento tu energ\u00eda al instante\u2019. Conectamos en ese mismo momento\u201d.<\/p>\n<p data-gtm-element-container=\"modulo-texto-link\" class=\"paragraph\">Desde la llegada de <strong>Faried<\/strong>, <strong>Panathinaikos <\/strong>ha logrado un r\u00e9cord de 9-4, empatando como el mejor de la <strong>Euroliga <\/strong>a finales de noviembre. Su capacidad para dominar la pintura y lanzar contraataques r\u00e1pidos lo ha convertido en una pieza fundamental del \u00e9xito de los Verdes.<\/p>\n","protected":false},"excerpt":{"rendered":"Kenneth Faried ha sido nombrado Jugador M\u00e1s Valioso (MVP) del mes de noviembre en la Euroliga. Su llegada&hellip;\n","protected":false},"author":2,"featured_media":267858,"comment_status":"","ping_status":"","sticky":false,"template":"","format":"standard","meta":{"footnotes":""},"categories":[269],"tags":[299,298,168,25,24,23,167],"class_list":{"0":"post-267857","1":"post","2":"type-post","3":"status-publish","4":"format-standard","5":"has-post-thumbnail","7":"category-baloncesto","8":"tag-baloncesto","9":"tag-basketball","10":"tag-deportes","11":"tag-es","12":"tag-espana","13":"tag-spain","14":"tag-sports"},"share_on_mastodon":{"url":"https:\/\/pubeurope.com\/@es\/115652037791543386","error":""},"_links":{"self":[{"href":"https:\/\/www.europesays.com\/es\/wp-json\/wp\/v2\/posts\/267857","targetHints":{"allow":["GET"]}}],"collection":[{"href":"https:\/\/www.europesays.com\/es\/wp-json\/wp\/v2\/posts"}],"about":[{"href":"https:\/\/www.europesays.com\/es\/wp-json\/wp\/v2\/types\/post"}],"author":[{"embeddable":true,"href":"https:\/\/www.europesays.com\/es\/wp-json\/wp\/v2\/users\/2"}],"replies":[{"embeddable":true,"href":"https:\/\/www.europesays.com\/es\/wp-json\/wp\/v2\/comments?post=267857"}],"version-history":[{"count":0,"href":"https:\/\/www.europesays.com\/es\/wp-json\/wp\/v2\/posts\/267857\/revisions"}],"wp:featuredmedia":[{"embeddable":true,"href":"https:\/\/www.europesays.com\/es\/wp-json\/wp\/v2\/media\/267858"}],"wp:attachment":[{"href":"https:\/\/www.europesays.com\/es\/wp-json\/wp\/v2\/media?parent=267857"}],"wp:term":[{"taxonomy":"category","embeddable":true,"href":"https:\/\/www.europesays.com\/es\/wp-json\/wp\/v2\/categories?post=267857"},{"taxonomy":"post_tag","embeddable":true,"href":"https:\/\/www.europesays.com\/es\/wp-json\/wp\/v2\/tags?post=267857"}],"curies":[{"name":"wp","href":"https:\/\/api.w.org\/{rel}","templated":true}]}}