{"id":267859,"date":"2025-12-02T21:13:10","date_gmt":"2025-12-02T21:13:10","guid":{"rendered":"https:\/\/www.europesays.com\/es\/267859\/"},"modified":"2025-12-02T21:13:10","modified_gmt":"2025-12-02T21:13:10","slug":"sabadell-y-la-copa-revalida-para-samuele-mulattieri","status":"publish","type":"post","link":"https:\/\/www.europesays.com\/es\/267859\/","title":{"rendered":"Sabadell y la Copa, rev\u00e1lida para Samuele Mulattieri"},"content":{"rendered":"<p data-start=\"157\" data-end=\"564\"><strong>El \u00faltimo mes de competici\u00f3n ha dejado algo m\u00e1s que un pleno de victorias en el Deportivo<\/strong>. Entre procesos v\u00edricos, rotaciones obligadas y alineaciones condicionadas, el equipo de Antonio Hidalgo ha sacado a la luz un fondo de armario que empieza a marcar diferencias. Desde la autoridad de Charlie Pati\u00f1o en el Belmonte hasta la aparici\u00f3n estelar de un Stoichkov que vuelve a ser diferencial en la categor\u00eda.<\/p>\n<p data-start=\"566\" data-end=\"984\">El gaditano, que solo hab\u00eda estrenado su casillero particular en Copa del Rey ante el S\u00e1mano, ha recuperado las sensaciones a golpe de gol. Y es que, si los delanteros viven de eso, Stoichkov ha vuelto a ver la luz del sol. Dos jornadas consecutivas viendo porter\u00eda \u2014ante Ceuta y Albacete\u2014 lo han devuelto al primer plano y han permitido al D\u00e9por recuperar a un ariete capaz de resolver partidos. <strong>El \u201922\u2019 ya demuestra su olfato en el \u00e1rea y a Zakaria le crece la competencia interna<\/strong>, que siempre viene bien tener en plantilla.<\/p>\n<p data-start=\"986\" data-end=\"1523\"><strong>Pero falta un tercer nombre<\/strong> para completar la ecuaci\u00f3n. El \u201ctercero en discordia\u201d al que el Deportivo sigue esperando es <strong>Samuele Mulattieri.<\/strong> El italiano busca copiar el impulso de su compa\u00f1ero de parcela y romper un bloqueo que empieza a hacer ruido. <strong>No marca desde el 1 de septiembre<\/strong>, d\u00eda de su debut en Butarque, escenario de su \u00fanica diana como futbolista blanquiazul. Ante el Ceuta regres\u00f3 a la titularidad tras superar unas molestias y tuvo ocasiones lo suficientemente claras, pero Guillermo Vallejo fren\u00f3 cualquier intento. Al dejar el c\u00e9sped, su gesto lo dec\u00eda todo: la racha pesa.<\/p>\n<p data-start=\"1525\" data-end=\"1783\">Son <strong data-start=\"1529\" data-end=\"1555\">568 minutos sin marcar<\/strong>, la segunda sequ\u00eda m\u00e1s larga de su carrera profesional. El jueves, ante el Sabadell, llega su rev\u00e1lida. Una oportunidad para romper la mala din\u00e1mica, sacudirse los fantasmas de la cabeza y volver a celebrar un gol con la camiseta del Deportivo. Con Zakaria y Stoichkov ya instalados en el tren de los goles, Mulattieri no quiere quedarse rezagado. El italiano <strong>no necesita un partido perfecto, solo un instante que le cambie el rumbo<\/strong>, nos recuerde c\u00f3mo es su sonrisa y le permita sumar d\u00edgitos a una delantera que brilla en el acierto y mantiene a los coru\u00f1eses en lo m\u00e1s alto de Segunda Divisi\u00f3n.<\/p>\n","protected":false},"excerpt":{"rendered":"El \u00faltimo mes de competici\u00f3n ha dejado algo m\u00e1s que un pleno de victorias en el Deportivo. Entre&hellip;\n","protected":false},"author":2,"featured_media":267860,"comment_status":"","ping_status":"","sticky":false,"template":"","format":"standard","meta":{"footnotes":""},"categories":[268],"tags":[168,25,24,280,282,281,23,167],"class_list":{"0":"post-267859","1":"post","2":"type-post","3":"status-publish","4":"format-standard","5":"has-post-thumbnail","7":"category-futbol","8":"tag-deportes","9":"tag-es","10":"tag-espana","11":"tag-football","12":"tag-futbol","13":"tag-soccer","14":"tag-spain","15":"tag-sports"},"share_on_mastodon":{"url":"https:\/\/pubeurope.com\/@es\/115652041487862322","error":""},"_links":{"self":[{"href":"https:\/\/www.europesays.com\/es\/wp-json\/wp\/v2\/posts\/267859","targetHints":{"allow":["GET"]}}],"collection":[{"href":"https:\/\/www.europesays.com\/es\/wp-json\/wp\/v2\/posts"}],"about":[{"href":"https:\/\/www.europesays.com\/es\/wp-json\/wp\/v2\/types\/post"}],"author":[{"embeddable":true,"href":"https:\/\/www.europesays.com\/es\/wp-json\/wp\/v2\/users\/2"}],"replies":[{"embeddable":true,"href":"https:\/\/www.europesays.com\/es\/wp-json\/wp\/v2\/comments?post=267859"}],"version-history":[{"count":0,"href":"https:\/\/www.europesays.com\/es\/wp-json\/wp\/v2\/posts\/267859\/revisions"}],"wp:featuredmedia":[{"embeddable":true,"href":"https:\/\/www.europesays.com\/es\/wp-json\/wp\/v2\/media\/267860"}],"wp:attachment":[{"href":"https:\/\/www.europesays.com\/es\/wp-json\/wp\/v2\/media?parent=267859"}],"wp:term":[{"taxonomy":"category","embeddable":true,"href":"https:\/\/www.europesays.com\/es\/wp-json\/wp\/v2\/categories?post=267859"},{"taxonomy":"post_tag","embeddable":true,"href":"https:\/\/www.europesays.com\/es\/wp-json\/wp\/v2\/tags?post=267859"}],"curies":[{"name":"wp","href":"https:\/\/api.w.org\/{rel}","templated":true}]}}