{"id":267861,"date":"2025-12-02T21:14:08","date_gmt":"2025-12-02T21:14:08","guid":{"rendered":"https:\/\/www.europesays.com\/es\/267861\/"},"modified":"2025-12-02T21:14:08","modified_gmt":"2025-12-02T21:14:08","slug":"esto-es-acoso-y-no-se-puede-normalizar","status":"publish","type":"post","link":"https:\/\/www.europesays.com\/es\/267861\/","title":{"rendered":"\u201cEsto es acoso y no se puede normalizar\u201d"},"content":{"rendered":"\n<p>  02\/12\/2025 &#8211; 16:17  Actualizado: 02\/12\/2025 &#8211; 16:17   <\/p>\n<p> Las redes sociales y la fama tienen todas caras muy diferentes y una de ellas es muy amarga. Prueba de ello es lo que le ocurri\u00f3 a <strong>Lola Lolita <\/strong>recientemente y que <a href=\"https:\/\/www.vanitatis.elconfidencial.com\/estilo\/belleza\/2025-03-19\/lolaloita-lob-cleopatra-flequillo-anastasia-rusa_4089465\/\" target=\"_self\" rel=\"nofollow noopener\">ella misma ha querido contar a trav\u00e9s de sus redes sociales<\/a> para denunciar ante sus millones de seguidores <strong>unos hechos que tacha de asquerosos y humillantes por parte de otro creador de contenido<\/strong>. <\/p>\n<p> Todo ocurri\u00f3 durante un viaje de Madrid a Gran Canaria con el que es su nuevo novio. En el avi\u00f3n se encontr\u00f3 con esta persona a la que ahora acusa de acosarla y que ya <strong>en pleno vuelo se acerc\u00f3 a ella<\/strong>: \u201cMe despert\u00f3 un chico <strong>para pedirme una foto y me iba grabando <\/strong><a href=\"https:\/\/www.vanitatis.elconfidencial.com\/famosos\/2022-01-14\/paula-echevarria-instagram-mensaje-acoso_3358380\/\" target=\"_self\" rel=\"nofollow noopener\"><strong>sin que yo solo supiese<\/strong><\/a>\u201d. A lo que ella accedi\u00f3 amablemente: \u201cYo le digo que s\u00ed a todo el mundo\u201d. <\/p>\n<blockquote class=\"tiktok-embed\" cite=\"https:\/\/www.tiktok.com\/@lolalolita\/video\/7578985333472202006\" data-video-id=\"7578985333472202006\" style=\"max-width: 605px;min-width: 325px;\"><p>  <a target=\"_blank\" title=\"@lolalolita\" href=\"https:\/\/www.tiktok.com\/@lolalolita?refer=embed\" rel=\"nofollow noopener\">@lolalolita<\/a> <\/p>\n<p>Espero que cuando tome acciones legales, tambi\u00e9n os haga gracia<\/p>\n<p> <a target=\"_blank\" title=\"\u266c sonido original - Lola Lolita?\" href=\"https:\/\/www.tiktok.com\/music\/sonido-original-7578985337360468758?refer=embed\" rel=\"nofollow noopener\">\u266c sonido original &#8211; Lola Lolita?<\/a>  <\/p><\/blockquote>\n<p> La situaci\u00f3n volvi\u00f3 a repetirse una vez desembarcaron, momento en el que se produjo la situaci\u00f3n que la llev\u00f3 a denunciar esto p\u00fablicamente: \u201cAl bajar del vuelo (&#8230;) <strong>me viene un t\u00edo a vacilarme mientras me grababa a escondidas<\/strong>, sin avisarme, sin mi consentimiento, <strong>para luego publicarlo<\/strong>\u201d. <\/p>\n<p> La presunta broma, compartida luego en el perfil de TikTok de este otro creador de contenido, <strong>le dice a Lola Lolita al darle la mano: \u201cCon esta mano me masturbo\u201d<\/strong>. \u201c<strong>Eso es acoso<\/strong>\u201d, denuncia Lola Lolita en este v\u00eddeo-comunicado. \u201cUna cosa es que yo te conozca, que seamos amigos, y puedas coger la confianza de hacerme una broma (&#8230;) pero <strong>no te conozco de nada y me est\u00e1s grabando en mi cara<\/strong>, <a href=\"https:\/\/www.vanitatis.elconfidencial.com\/famosos\/2022-04-18\/ana-morgade-juicio-condena-acosador-amenazas_3410056\/\" target=\"_self\" rel=\"nofollow noopener\">sin mi consentimiento<\/a>, sin mi permiso y luego lo publicas\u201d. <\/p>\n<p> Lola Lolita no duda en tachar esta situaci\u00f3n de acoso y machismo: \u201c\u00bfCrees que se atrever\u00edan a hac\u00e9rselo a un t\u00edo? <strong>Lo hacen porque, por norma, nos solemos quedar en shock y lo utilizan para ridiculizarte<\/strong>\u201d.\u00a0La situaci\u00f3n, adem\u00e1s, se repiti\u00f3 de nuevo, esta vez por parte otro hombre amigo del anterior. <\/p>\n<p>                Lola Lolita, con su nuevo novio, en un evento de Atresmedia en Gran Canaria. (Gtres)            <\/p>\n<p> Lanzando tambi\u00e9n un mensaje a sus seguidoras anim\u00e1ndolas a hacer p\u00fablicas este tipo de situaciones, no solo para se\u00f1alar que est\u00e1n mal, sino tambi\u00e9n para avergonzar a qui\u00e9n las lleva a cabo. \u201c<strong>Esto es asqueroso y <\/strong><a href=\"https:\/\/www.vanitatis.elconfidencial.com\/famosos\/2025-10-30\/leire-martinez-denuncia-oreja-van-gogh-acoso-sony-music_4238295\/\" target=\"_self\" rel=\"nofollow noopener\"><strong>no se puede normalizar<\/strong><\/a>. El d\u00eda de ma\u00f1ana se lo har\u00e1n a tu amiga, a tu hermana, a tu madre. \u00bfTe parecer\u00e1 igual de gracioso? <strong>Basta ya de que los hombres nos humillen y nos ridiculicen<\/strong>\u201d. <\/p>\n<p> Junto al v\u00eddeo, <a href=\"https:\/\/www.vanitatis.elconfidencial.com\/estilo\/moda\/2025-11-26\/influencer-moda-viral-looks-abuela_4254144\/\" target=\"_self\" rel=\"nofollow noopener\">la creadora de contenido<\/a> escribi\u00f3 tambi\u00e9n sus claras intenciones de poner lo ocurrido en manos de la justicia: \u201c<strong>Espero que cuando tome acciones legales tambi\u00e9n os haga gracia<\/strong>\u201d. <\/p>\n<p> Las redes sociales y la fama tienen todas caras muy diferentes y una de ellas es muy amarga. Prueba de ello es lo que le ocurri\u00f3 a <strong>Lola Lolita <\/strong>recientemente y que <a href=\"https:\/\/www.vanitatis.elconfidencial.com\/estilo\/belleza\/2025-03-19\/lolaloita-lob-cleopatra-flequillo-anastasia-rusa_4089465\/\" target=\"_self\" rel=\"nofollow noopener\">ella misma ha querido contar a trav\u00e9s de sus redes sociales<\/a> para denunciar ante sus millones de seguidores <strong>unos hechos que tacha de asquerosos y humillantes por parte de otro creador de contenido<\/strong>. <\/p>\n<p>              <script async src=\"\/\/www.tiktok.com\/embed.js\"><\/script><\/p>\n","protected":false},"excerpt":{"rendered":"02\/12\/2025 &#8211; 16:17 Actualizado: 02\/12\/2025 &#8211; 16:17 Las redes sociales y la fama tienen todas caras muy diferentes&hellip;\n","protected":false},"author":2,"featured_media":267862,"comment_status":"","ping_status":"","sticky":false,"template":"","format":"standard","meta":{"footnotes":""},"categories":[174],"tags":[255,146,147,25,24,256,23],"class_list":{"0":"post-267861","1":"post","2":"type-post","3":"status-publish","4":"format-standard","5":"has-post-thumbnail","7":"category-famosos","8":"tag-celebrities","9":"tag-entertainment","10":"tag-entretenimiento","11":"tag-es","12":"tag-espana","13":"tag-famosos","14":"tag-spain"},"share_on_mastodon":{"url":"https:\/\/pubeurope.com\/@es\/115652045634686180","error":""},"_links":{"self":[{"href":"https:\/\/www.europesays.com\/es\/wp-json\/wp\/v2\/posts\/267861","targetHints":{"allow":["GET"]}}],"collection":[{"href":"https:\/\/www.europesays.com\/es\/wp-json\/wp\/v2\/posts"}],"about":[{"href":"https:\/\/www.europesays.com\/es\/wp-json\/wp\/v2\/types\/post"}],"author":[{"embeddable":true,"href":"https:\/\/www.europesays.com\/es\/wp-json\/wp\/v2\/users\/2"}],"replies":[{"embeddable":true,"href":"https:\/\/www.europesays.com\/es\/wp-json\/wp\/v2\/comments?post=267861"}],"version-history":[{"count":0,"href":"https:\/\/www.europesays.com\/es\/wp-json\/wp\/v2\/posts\/267861\/revisions"}],"wp:featuredmedia":[{"embeddable":true,"href":"https:\/\/www.europesays.com\/es\/wp-json\/wp\/v2\/media\/267862"}],"wp:attachment":[{"href":"https:\/\/www.europesays.com\/es\/wp-json\/wp\/v2\/media?parent=267861"}],"wp:term":[{"taxonomy":"category","embeddable":true,"href":"https:\/\/www.europesays.com\/es\/wp-json\/wp\/v2\/categories?post=267861"},{"taxonomy":"post_tag","embeddable":true,"href":"https:\/\/www.europesays.com\/es\/wp-json\/wp\/v2\/tags?post=267861"}],"curies":[{"name":"wp","href":"https:\/\/api.w.org\/{rel}","templated":true}]}}