{"id":267865,"date":"2025-12-02T21:18:16","date_gmt":"2025-12-02T21:18:16","guid":{"rendered":"https:\/\/www.europesays.com\/es\/267865\/"},"modified":"2025-12-02T21:18:16","modified_gmt":"2025-12-02T21:18:16","slug":"quien-va-hoy-a-late-xou-de-marc-giro-en-la-1-de-tve-estos-son-los-invitados-del-programa","status":"publish","type":"post","link":"https:\/\/www.europesays.com\/es\/267865\/","title":{"rendered":"\u00bfQui\u00e9n va hoy a &#8216;Late Xou&#8217; de Marc Gir\u00f3 en La 1 de TVE? Estos son los invitados del programa"},"content":{"rendered":"\n<p>  02\/12\/2025 &#8211; 18:48  Actualizado: 02\/12\/2025 &#8211; 18:48   <\/p>\n<p> Un martes m\u00e1s, <strong>Late Xou<\/strong>, el programa que presenta y produce <strong>Marc Gir\u00f3<\/strong> en La 1 de Televisi\u00f3n Espa\u00f1ola, ofrecer\u00e1 diversas entrevistas a personajes del mundo de la cultura. Y como sucede con cada emisi\u00f3n, el ente p\u00fablico desvela la <strong>identidad de sus invitados.<\/strong> A continuaci\u00f3n tienes el listado: <\/p>\n<p>                Bad Gyal           <\/p>\n<p> Marc Gir\u00f3\u00a0entrevista a\u00a0<strong>Bad Gyal<\/strong>, que presenta su nuevo\u00a0single,\u00a0&#8216;Fuma&#8217;. Adem\u00e1s, la cantante catalana anuncia nuevo disco y gira para 2026. Con ella, Gir\u00f3 tambi\u00e9n descubre los secretos de sus giras, su obsesi\u00f3n por Jamaica y el inmenso favor que le hizo Bel\u00e9n Esteban. <\/p>\n<p>                Bad Gyal. (EFE &#8211; Bienvenido Velasco)           Antonio Orozco           <\/p>\n<p> El segundo invitado de la noche es\u00a0<strong>Antonio Orozco<\/strong>, que est\u00e1 de aniversario por sus 25 a\u00f1os de carrera. El cantante acaba de publicar su libro\u00a0&#8216;Inevitablemente yo&#8217;, una confesi\u00f3n \u00edntima sobre salud mental, \u00e9xito y reconstrucci\u00f3n personal. Durante la entrevista Orozco tambi\u00e9n desvela sus peculiares rituales durante los conciertos, sus problemas con la voz y su pasi\u00f3n por la navegaci\u00f3n. <\/p>\n<p>                Antonio Orozco. (EFE &#8211; I\u00f1aki Porto)           Carolina Yuste           <\/p>\n<p> Y para finalizar,\u00a0<strong>Carolina Yuste<\/strong>\u00a0presenta su primera novela,\u00a0&#8216;Toda mi violencia es tuya&#8217;, una obra llena de filosof\u00eda choni. La actriz tambi\u00e9n estrena documental &#8216;Este cuerpo m\u00edo&#8217; y sorprende con sus reflexiones filos\u00f3ficas y su destacado talento para el pole dance. <\/p>\n<p>                Carolina Yuste. (Europa Press &#8211; Pablo Requejo)            <\/p>\n<p> <strong>Ahora toca esperar para ver si lidera la noche<\/strong>, como lleva haciendo las \u00faltimas dos emisiones, revalidando su buen hacer como complemento de La revuelta de David Broncano en esta segunda noche semanal. <\/p>\n<p> Un martes m\u00e1s, <strong>Late Xou<\/strong>, el programa que presenta y produce <strong>Marc Gir\u00f3<\/strong> en La 1 de Televisi\u00f3n Espa\u00f1ola, ofrecer\u00e1 diversas entrevistas a personajes del mundo de la cultura. Y como sucede con cada emisi\u00f3n, el ente p\u00fablico desvela la <strong>identidad de sus invitados.<\/strong> A continuaci\u00f3n tienes el listado: <\/p>\n","protected":false},"excerpt":{"rendered":"02\/12\/2025 &#8211; 18:48 Actualizado: 02\/12\/2025 &#8211; 18:48 Un martes m\u00e1s, Late Xou, el programa que presenta y produce&hellip;\n","protected":false},"author":2,"featured_media":267866,"comment_status":"","ping_status":"","sticky":false,"template":"","format":"standard","meta":{"footnotes":""},"categories":[171],"tags":[146,147,25,24,23,214],"class_list":{"0":"post-267865","1":"post","2":"type-post","3":"status-publish","4":"format-standard","5":"has-post-thumbnail","7":"category-tv","8":"tag-entertainment","9":"tag-entretenimiento","10":"tag-es","11":"tag-espana","12":"tag-spain","13":"tag-tv"},"share_on_mastodon":{"url":"","error":""},"_links":{"self":[{"href":"https:\/\/www.europesays.com\/es\/wp-json\/wp\/v2\/posts\/267865","targetHints":{"allow":["GET"]}}],"collection":[{"href":"https:\/\/www.europesays.com\/es\/wp-json\/wp\/v2\/posts"}],"about":[{"href":"https:\/\/www.europesays.com\/es\/wp-json\/wp\/v2\/types\/post"}],"author":[{"embeddable":true,"href":"https:\/\/www.europesays.com\/es\/wp-json\/wp\/v2\/users\/2"}],"replies":[{"embeddable":true,"href":"https:\/\/www.europesays.com\/es\/wp-json\/wp\/v2\/comments?post=267865"}],"version-history":[{"count":0,"href":"https:\/\/www.europesays.com\/es\/wp-json\/wp\/v2\/posts\/267865\/revisions"}],"wp:featuredmedia":[{"embeddable":true,"href":"https:\/\/www.europesays.com\/es\/wp-json\/wp\/v2\/media\/267866"}],"wp:attachment":[{"href":"https:\/\/www.europesays.com\/es\/wp-json\/wp\/v2\/media?parent=267865"}],"wp:term":[{"taxonomy":"category","embeddable":true,"href":"https:\/\/www.europesays.com\/es\/wp-json\/wp\/v2\/categories?post=267865"},{"taxonomy":"post_tag","embeddable":true,"href":"https:\/\/www.europesays.com\/es\/wp-json\/wp\/v2\/tags?post=267865"}],"curies":[{"name":"wp","href":"https:\/\/api.w.org\/{rel}","templated":true}]}}