{"id":267869,"date":"2025-12-02T21:20:23","date_gmt":"2025-12-02T21:20:23","guid":{"rendered":"https:\/\/www.europesays.com\/es\/267869\/"},"modified":"2025-12-02T21:20:23","modified_gmt":"2025-12-02T21:20:23","slug":"cine-en-canarias-lluis-minarro-director-hay-que-ver-emergency-exit-en-el-cine-para-admirar-los-paisajes-canarios","status":"publish","type":"post","link":"https:\/\/www.europesays.com\/es\/267869\/","title":{"rendered":"CINE EN CANARias | Llu\u00eds Mi\u00f1arro (director): \u00abHay que ver &#8216;Emergency exit&#8217; en el cine para admirar los paisajes canarios\u00bb"},"content":{"rendered":"<p class=\"ft-text ft-helper-closenews ft-helper-align-justify\"><strong>Emergency exit<\/strong><strong>,<\/strong> coproducida por la <strong>canaria <\/strong><a class=\"ft-link ft-link--decoration\" href=\"https:\/\/elviajefilms.com\/\" rel=\"nofollow noopener\" target=\"_blank\">El viaje films<\/a> y dirigida por <strong>Llu\u00eds Mi\u00f1arro<\/strong>, es <a class=\"ft-link ft-link--decoration\" href=\"https:\/\/www.eldia.es\/cultura\/2024\/05\/08\/tinerfena-viaje-films-coproduce-rueda-102111260.html\" rel=\"nofollow noopener\" target=\"_blank\">una road movie coral<\/a> que explora la dicotom\u00eda entre sue\u00f1o y realidad, vida y muerte. Llega a los cines el 19 de diciembre pero este jueves d\u00eda 4 tendr\u00e1 su preestreno en Multicines <a class=\"ft-link ft-link--decoration\" href=\"https:\/\/www.eldia.es\/tenerife\/\" rel=\"nofollow noopener\" target=\"_blank\">Tenerife<\/a>, en La Laguna, con la presencia de su director. La cinta cuenta con un reparto internacional en el que destacan Marisa Paredes, Emma Su\u00e1rez y Oriol Pla y se rod\u00f3 en parte en <a class=\"ft-link ft-link--decoration\" href=\"https:\/\/www.eldia.es\/canarias\/\" rel=\"nofollow noopener\" target=\"_blank\">Canarias<\/a>, en diferentes localizaciones naturales de Tenerife y de La Gomera.<\/p>\n<p>Tras la presentaci\u00f3n de esta pel\u00edcula en el Festival de Gij\u00f3n y en otras citas de Estonia y Argentina, llega a Tenerife con este preestreno que no pod\u00eda faltar dada la importancia que adquieren las Islas en la cinta.<\/p>\n<p class=\"ft-text\">Exacto. B\u00e1sicamente los paisajes de la pel\u00edcula son canarios. <strong>Estuvimos en La Gomera y en Tenerife<\/strong> grabando para luego incluirlos en pantallas, que es lo que se ve por las ventanas del autob\u00fas que ten\u00edamos en un estudio. Lo que quer\u00eda lograr era ese efecto del cine de la d\u00e9cada de 1970.<\/p>\n<p>La cinta no solo se ha rodado en Canarias, sino que las propias Islas juegan un papel importante en la historia por lo que el nombre del Archipi\u00e9lago no se pierde en esta producci\u00f3n.<\/p>\n<p class=\"ft-text\">Exacto. Yo tengo una gran devoci\u00f3n por Canarias, es mi lugar de vacaciones invernales, en concreto, Valle Gran Rey, en La Gomera. Canarias est\u00e1 en mi coraz\u00f3n y de alguna forma aprovech\u00e9 esta historia para poder dar las Islas parte de lo que me han dado a m\u00ed y regalarles esta pel\u00edcula. <strong>A m\u00ed me interesaba rodar en Canarias<\/strong> por una cuesti\u00f3n afectiva y porque el paisaje canario tiene un punto m\u00e1gico que le iba muy bien a la historia. Esta cinta bebe, de alg\u00fan mondo, del realismo m\u00e1gico. No es una pel\u00edcula lineal y por eso el paisaje canario casaba tan bien.<\/p>\n<p><img decoding=\"async\" src=\"https:\/\/www.europesays.com\/es\/wp-content\/uploads\/2025\/12\/303e003f-5161-4cd0-bdc1-d1875b047b7d_alta-libre-aspect-ratio_default_0.jpg\" width=\"1200\" height=\"1697\" alt=\"Cartel de la pel\u00edcula.\" class=\"ft-helper-img-rd\" loading=\"lazy\"\/><\/p>\n<p class=\"ft-helper-fontColor-quaternary ft-helper-fontSize-body-S ft-helper-spacer-t-xxs\">Cartel de la pel\u00edcula.  \/ El D\u00eda<\/p>\n<p>S\u00ed, porque el paisaje termina convirti\u00e9ndose en un personaje m\u00e1s. <\/p>\n<p class=\"ft-text\">Efectivamente.<\/p>\n<p>Con ese viaje por los sue\u00f1os y los paisajes, usted ha llegado a afirmar que tampoco le busca ninguna l\u00f3gica a esta pel\u00edcula. \u00bfCon qu\u00e9 objetivo comenz\u00f3 a gestarla?<\/p>\n<p class=\"ft-text\">De alguna forma, esta pel\u00edcula habla precisamente del deseo y de c\u00f3mo \u00e9ste es el <a class=\"ft-link ft-link--decoration\" href=\"https:\/\/www.eldia.es\/tags\/motogp\/\" rel=\"nofollow noopener\" target=\"_blank\">motor<\/a> de nuestras acciones. Tambi\u00e9n reflexiona sobre el envejecimiento y c\u00f3mo, en esa etapa, el deseo va cobrando otra dimensi\u00f3n porque en esos momentos puede costar m\u00e1s conseguirlo pero tambi\u00e9n se convierte en el motor de la experiencia humana. Tambi\u00e9n ten\u00eda inter\u00e9s en quitarle hierro a la idea de la muerte. En Occidente, creemos que, cuando uno se muere, se acaba todo, y eso da mucho respeto, incluso miedo. Pero es algo que va parejo con la vida, desde el momento que nacemos es nuestra condici\u00f3n. En cambio, en <strong>Oriente se piensa que morir significa \u00fanicamente pasar a otra dimensi\u00f3n<\/strong>, pero no implica desaparecer, sino transformarse. Esas culturas que lo tienen mucho m\u00e1s arraigado lo viven con m\u00e1s soltura mientras que nosotros, por nuestras tradiciones religiosas, lo vivimos como algo traum\u00e1tico. Un amigo m\u00edo me ha dicho que esta es una pel\u00edcula sobre la muerte, pero llena de vida, y es verdad. El juego se centra en que el espectador vaya descubriendo esas facetas de forma despreocupada y enfatizar en la belleza de las im\u00e1genes y de los personajes.<\/p>\n<p>Precisamente la parte est\u00e9tica de la pel\u00edcula es muy importante.<\/p>\n<p class=\"ft-text\">Exactamente, ese ha sido el origen del proyecto, junto con la idea de reunir un gran grupo actoral, para poder realizar esa especie de viaje. Me gustar\u00eda que el espectador tomara todas las ideas y las uniera a modo de puzle. <strong>Hoy en d\u00eda, la mayor\u00eda del cine, digamos que el 90%, es muy lineal<\/strong>, sobre todo si lo comparamos con el que se hac\u00eda en otras \u00e9pocas, como en la d\u00e9cada de 1970. Ahora el cine es muy previsible: empieza una historia, se desarrolla y despu\u00e9s llega a una conclusi\u00f3n. As\u00ed que deja pocas puertas abiertas a la imaginaci\u00f3n. Mi idea precisamente es la contraria, es dejar puertas abiertas a la imaginaci\u00f3n para que el espectador tenga elementos con los que pueda trabajar. As\u00ed que esta no es una pel\u00edcula aburrida, al contrario, porque debe interpretarse como un juego.<\/p>\n<p><img decoding=\"async\" src=\"https:\/\/www.europesays.com\/es\/wp-content\/uploads\/2025\/12\/18fcae9b-f342-474c-9be7-47c1f254dac7_alta-libre-aspect-ratio_default_0.jpg\" width=\"1200\" height=\"800\" alt=\"Mi\u00f1arro durante el rodaje de la cinta.\" class=\"ft-helper-img-rd\" loading=\"lazy\"\/><\/p>\n<p class=\"ft-helper-fontColor-quaternary ft-helper-fontSize-body-S ft-helper-spacer-t-xxs\">Mi\u00f1arro durante el rodaje de la cinta.  \/ El D\u00eda<\/p>\n<p>\u00bfBusca precisamente esa participaci\u00f3n del espectador tras el visionado de la pel\u00edcula?<\/p>\n<p class=\"ft-text\">S\u00ed, quiero ir un pasito m\u00e1s all\u00e1 para que el espectador<strong> se deje llevar por la belleza del contenido<\/strong>. Porque, adem\u00e1s, ya se puede acceder al contenido audiovisual en cualquier lugar as\u00ed que, si movilizamos a la gente para que acuda al cine, al menos vamos a ofrecerle algo m\u00e1s juguet\u00f3n y travieso.<\/p>\n<p>Esta pel\u00edcula se ha convertido en un homenaje p\u00f3stumo a una de las protagonistas, a Marisa Paredes quien, sin embargo, tuvo la oportunidad de ver la pel\u00edcula antes de su fallecimiento. <\/p>\n<p class=\"ft-text\">S\u00ed, tuve una buena intuici\u00f3n, en un momento determinado y decid\u00ed ense\u00f1arle un primer montaje porque muy pocos d\u00edas despu\u00e9s falleci\u00f3. Es muy fuerte porque la pel\u00edcula revisita de alg\u00fan modo su carrera art\u00edstica y es como un epitafio involuntario. Son cosas curiosas de la vida esas sincron\u00edas que suceden sin una raz\u00f3n. Estamos muy acostumbrados a que todo tenga l\u00f3gic<strong>a pero la vida tiene muchos elementos que no son l\u00f3gicos<\/strong>.<\/p>\n<blockquote class=\"ft-mol-quote\" data-aida-quote=\"\"><p>\u00abLa pel\u00edcula revisita la carrera de Marisa Paredes y es una especie de epitafio involuntario\u00bb<\/p><\/blockquote>\n<p>El estreno de esta pel\u00edcula llega, adem\u00e1s, cuando uno de los actores, Oriol Pla, acaba de convertirse en el primer espa\u00f1ol en ganar un premio Emmy internacional.<\/p>\n<p class=\"ft-text\">Ha cuadrado todo pero es cierto que l<strong>o importante para una pel\u00edcula es su distribuci\u00f3n y exhibici\u00f3n<\/strong> y, desgraciadamente, que contemos con un elenco formidable no garantiza que la pel\u00edcula vaya a situarse bien.<\/p>\n<p>Porque su objetivo precisamente es que la gente pueda ver esta pel\u00edcula en pantalla grande.<\/p>\n<p class=\"ft-text\">S\u00ed, es necesario para admirar toda la belleza de los paisajes que se incluyen. No hay nada fortuito en el cromatismo elegido y es necesario junto al papel que juegan los actores. Una pel\u00edcula la hacemos todo un equipo y <strong>hay que estar abierto a escuchar a los dem\u00e1s<\/strong> porque para m\u00ed es algo muy enriquecedor.<\/p>\n<p data-close=\"closedContent\" class=\"subscribeHideForDisplay\">Suscr\u00edbete para seguir leyendo<\/p>\n","protected":false},"excerpt":{"rendered":"Emergency exit, coproducida por la canaria El viaje films y dirigida por Llu\u00eds Mi\u00f1arro, es una road movie&hellip;\n","protected":false},"author":2,"featured_media":267870,"comment_status":"","ping_status":"","sticky":false,"template":"","format":"standard","meta":{"footnotes":""},"categories":[169],"tags":[3451,1896,177,411,146,147,25,24,176,1634,448,27982,5582,66080,175,38870,23,1370,809],"class_list":{"0":"post-267869","1":"post","2":"type-post","3":"status-publish","4":"format-standard","5":"has-post-thumbnail","7":"category-cine","8":"tag-belleza","9":"tag-canarias","10":"tag-cine","11":"tag-director","12":"tag-entertainment","13":"tag-entretenimiento","14":"tag-es","15":"tag-espana","16":"tag-film","17":"tag-hay","18":"tag-historia","19":"tag-la-gomera","20":"tag-lluis","21":"tag-minarro","22":"tag-movies","23":"tag-paisajes","24":"tag-spain","25":"tag-tenerife","26":"tag-ver"},"share_on_mastodon":{"url":"https:\/\/pubeurope.com\/@es\/115652069343025157","error":""},"_links":{"self":[{"href":"https:\/\/www.europesays.com\/es\/wp-json\/wp\/v2\/posts\/267869","targetHints":{"allow":["GET"]}}],"collection":[{"href":"https:\/\/www.europesays.com\/es\/wp-json\/wp\/v2\/posts"}],"about":[{"href":"https:\/\/www.europesays.com\/es\/wp-json\/wp\/v2\/types\/post"}],"author":[{"embeddable":true,"href":"https:\/\/www.europesays.com\/es\/wp-json\/wp\/v2\/users\/2"}],"replies":[{"embeddable":true,"href":"https:\/\/www.europesays.com\/es\/wp-json\/wp\/v2\/comments?post=267869"}],"version-history":[{"count":0,"href":"https:\/\/www.europesays.com\/es\/wp-json\/wp\/v2\/posts\/267869\/revisions"}],"wp:featuredmedia":[{"embeddable":true,"href":"https:\/\/www.europesays.com\/es\/wp-json\/wp\/v2\/media\/267870"}],"wp:attachment":[{"href":"https:\/\/www.europesays.com\/es\/wp-json\/wp\/v2\/media?parent=267869"}],"wp:term":[{"taxonomy":"category","embeddable":true,"href":"https:\/\/www.europesays.com\/es\/wp-json\/wp\/v2\/categories?post=267869"},{"taxonomy":"post_tag","embeddable":true,"href":"https:\/\/www.europesays.com\/es\/wp-json\/wp\/v2\/tags?post=267869"}],"curies":[{"name":"wp","href":"https:\/\/api.w.org\/{rel}","templated":true}]}}