{"id":267871,"date":"2025-12-02T21:21:10","date_gmt":"2025-12-02T21:21:10","guid":{"rendered":"https:\/\/www.europesays.com\/es\/267871\/"},"modified":"2025-12-02T21:21:10","modified_gmt":"2025-12-02T21:21:10","slug":"alessio-lisci-hemos-pasado-la-ronda-y-a-por-lo-siguiente","status":"publish","type":"post","link":"https:\/\/www.europesays.com\/es\/267871\/","title":{"rendered":"Alessio Lisci: \u201cHemos pasado la ronda y a por lo siguiente\u201d"},"content":{"rendered":"<p>El entrenador de Osasuna, Alessio Lisci, ha comparecido en rueda de prensa tras el partido de Copa del Rey ante el Ebro (3-5). \u201c\u00bfQu\u00e9 tenemos que hacer m\u00e1s y pasarlo m\u00e1s holgado? Pues s\u00ed, pero ya est\u00e1, a veces se puede, otras no, no quita que lo que ten\u00edamos que hacer lo hemos hecho, hemos pasado la ronda y ahora viene la liga que es otro mundo y ah\u00ed debemos de ser diferentes\u201d, ha se\u00f1alado el t\u00e9cnico.<\/p>\n<p>En este sentido, el entrenador rojillo ha comentado que \u201ces copa, es todo diferente, no creo que tenga nada que ver con la liga, es una competici\u00f3n muy diferente, muchos cambios y ya est\u00e1\u201d. \u201cHemos pasado la ronda y ahora viene la liga que es otro mundo para llegar con buenas sensaciones, que el partido no ha dado muy buenas, pero la segunda parte, si aislamos los momentos que los hemos vuelto a meter nosotros en el partido, hemos estado bien, hemos generado ocasiones, los hemos tenido ah\u00ed todo el rato\u201d.<\/p>\n<p>Sobre el encuentro, el t\u00e9cnico ha explicado tambi\u00e9n que \u201cquien conoce el Ebro, sabe que es esto, te va a meter balones ah\u00ed, te gana segundas jugadas y yo creo que lo hemos controlado bien, hemos sufrido en la primera parte con las transiciones de bal\u00f3n parado, hemos estado mal ah\u00ed, luego demasiada prisa, no ten\u00edamos continuidad, se cortaba el partido\u201d. \u201cEn la segunda parte lo hemos hablado, hemos ajustado situaciones de c\u00f3mo atacarle las bandas y ha salido bien, el tema es que los hemos vuelto a meter nosotros en el partido y eso no debe de pasar, pero hemos pasado de ronda y a por lo siguiente\u201d, ha valorado.<\/p>\n","protected":false},"excerpt":{"rendered":"El entrenador de Osasuna, Alessio Lisci, ha comparecido en rueda de prensa tras el partido de Copa del&hellip;\n","protected":false},"author":2,"featured_media":267872,"comment_status":"","ping_status":"","sticky":false,"template":"","format":"standard","meta":{"footnotes":""},"categories":[93],"tags":[168,25,24,23,167],"class_list":{"0":"post-267871","1":"post","2":"type-post","3":"status-publish","4":"format-standard","5":"has-post-thumbnail","7":"category-deportes","8":"tag-deportes","9":"tag-es","10":"tag-espana","11":"tag-spain","12":"tag-sports"},"share_on_mastodon":{"url":"https:\/\/pubeurope.com\/@es\/115652072959826463","error":""},"_links":{"self":[{"href":"https:\/\/www.europesays.com\/es\/wp-json\/wp\/v2\/posts\/267871","targetHints":{"allow":["GET"]}}],"collection":[{"href":"https:\/\/www.europesays.com\/es\/wp-json\/wp\/v2\/posts"}],"about":[{"href":"https:\/\/www.europesays.com\/es\/wp-json\/wp\/v2\/types\/post"}],"author":[{"embeddable":true,"href":"https:\/\/www.europesays.com\/es\/wp-json\/wp\/v2\/users\/2"}],"replies":[{"embeddable":true,"href":"https:\/\/www.europesays.com\/es\/wp-json\/wp\/v2\/comments?post=267871"}],"version-history":[{"count":0,"href":"https:\/\/www.europesays.com\/es\/wp-json\/wp\/v2\/posts\/267871\/revisions"}],"wp:featuredmedia":[{"embeddable":true,"href":"https:\/\/www.europesays.com\/es\/wp-json\/wp\/v2\/media\/267872"}],"wp:attachment":[{"href":"https:\/\/www.europesays.com\/es\/wp-json\/wp\/v2\/media?parent=267871"}],"wp:term":[{"taxonomy":"category","embeddable":true,"href":"https:\/\/www.europesays.com\/es\/wp-json\/wp\/v2\/categories?post=267871"},{"taxonomy":"post_tag","embeddable":true,"href":"https:\/\/www.europesays.com\/es\/wp-json\/wp\/v2\/tags?post=267871"}],"curies":[{"name":"wp","href":"https:\/\/api.w.org\/{rel}","templated":true}]}}