{"id":267875,"date":"2025-12-02T21:23:12","date_gmt":"2025-12-02T21:23:12","guid":{"rendered":"https:\/\/www.europesays.com\/es\/267875\/"},"modified":"2025-12-02T21:23:12","modified_gmt":"2025-12-02T21:23:12","slug":"nuevo-tiroteo-en-marbella-alertan-de-disparos-tras-un-enfrentamiento-en-marbella","status":"publish","type":"post","link":"https:\/\/www.europesays.com\/es\/267875\/","title":{"rendered":"Nuevo tiroteo en Marbella: alertan de disparos tras un enfrentamiento en Marbella"},"content":{"rendered":"<p><a class=\"v-mdl-ath__fig-a\" href=\"https:\/\/www.diariosur.es\/autor\/maria-jose-diaz-alcala-7117.html\" title=\"Mar\u00eda Jos\u00e9 D\u00edaz Alcal\u00e1\" rel=\"nofollow noopener\" target=\"_blank\"><br \/>\n<img decoding=\"async\" class=\"v-mdl-ath__img\" src=\"https:\/\/www.europesays.com\/es\/wp-content\/uploads\/2025\/08\/autor-7117-foto-1.jpeg\" alt=\"Mar\u00eda Jos\u00e9 D\u00edaz Alcal\u00e1\"\/><br \/>\n<\/a><\/p>\n<p><a class=\"v-mdl-ath__fig-a\" href=\"https:\/\/www.diariosur.es\/autor\/juan-cano-560.html\" title=\"Juan Cano\" rel=\"nofollow noopener\" target=\"_blank\"><br \/>\n<img decoding=\"async\" class=\"v-mdl-ath__img\" src=\"https:\/\/www.europesays.com\/es\/wp-content\/uploads\/2025\/12\/autor-560-foto-1.jpeg\" alt=\"Juan Cano\"\/><br \/>\n<\/a><\/p>\n<p class=\"v-mdl-ath__p v-mdl-ath__p--6\">\nMartes, 2 de diciembre 2025, 17:46<\/p>\n<p class=\"v-p\">La Polic\u00eda Nacional investiga un enfrentamiento este martes en Las Albarizas, en Marbella, a las puertas de un bar que se ha saldado con varios  &#8230; disparos. Si bien, desde la Comisar\u00eda Provincial de M\u00e1laga han informado de que ninguna persona ha resultado herida de bala.<\/p>\n<p class=\"v-p\">Los servicios de emergencias han sido alertados pasadas las 13.00 horas de una pelea en la calle Jos\u00e9 Iturbi con Alfredo Palma en la que se habr\u00edan efectuado hasta tres disparos. Hasta el lugar han acudido efectivos de la Polic\u00eda Local y de la Polic\u00eda Nacional.<\/p>\n<p class=\"v-p\">Al parecer, las detonaciones se habr\u00edan efectuado por un individuo a bordo de un turismo, que habr\u00eda huido despu\u00e9s del lugar. Por el momento, la investigaci\u00f3n permanece abierta para tratar de esclarecer lo sucedido.<\/p>\n<p class=\"v-crt__t\"> L\u00edmite de sesiones alcanzadas<\/p>\n<p class=\"v-crt__p\">El acceso al contenido Premium est\u00e1 abierto por cortes\u00eda del establecimiento donde te encuentras, pero ahora mismo hay demasiados usuarios conectados a las vez.<\/p>\n<p class=\"v-crt__p\">Por favor, int\u00e9ntalo pasados unos minutos.<\/p>\n<p>\nVolver a intentar\n<\/p>\n<p class=\"v-crt__t\">Sesi\u00f3n cerrada<\/p>\n<p class=\"v-crt__p\">Al iniciar sesi\u00f3n desde un dispositivo distinto, por seguridad, se cerr\u00f3 la \u00faltima sesi\u00f3n en este.<\/p>\n<p class=\"v-crt__p\">Para continuar disfrutando de su suscripci\u00f3n digital, inicie sesi\u00f3n en este dispositivo.<\/p>\n<p>\nEste contenido es exclusivo para suscriptores\n<\/p>\n<p>Reporta un error<\/p>\n","protected":false},"excerpt":{"rendered":"Martes, 2 de diciembre 2025, 17:46 La Polic\u00eda Nacional investiga un enfrentamiento este martes en Las Albarizas, en&hellip;\n","protected":false},"author":2,"featured_media":267876,"comment_status":"","ping_status":"","sticky":false,"template":"","format":"standard","meta":{"footnotes":""},"categories":[91],"tags":[3830,66081,146,147,25,24,2492,23],"class_list":{"0":"post-267875","1":"post","2":"type-post","3":"status-publish","4":"format-standard","5":"has-post-thumbnail","7":"category-entretenimiento","8":"tag-alerta","9":"tag-detonaciones","10":"tag-entertainment","11":"tag-entretenimiento","12":"tag-es","13":"tag-espana","14":"tag-marbella","15":"tag-spain"},"share_on_mastodon":{"url":"https:\/\/pubeurope.com\/@es\/115652081365913144","error":""},"_links":{"self":[{"href":"https:\/\/www.europesays.com\/es\/wp-json\/wp\/v2\/posts\/267875","targetHints":{"allow":["GET"]}}],"collection":[{"href":"https:\/\/www.europesays.com\/es\/wp-json\/wp\/v2\/posts"}],"about":[{"href":"https:\/\/www.europesays.com\/es\/wp-json\/wp\/v2\/types\/post"}],"author":[{"embeddable":true,"href":"https:\/\/www.europesays.com\/es\/wp-json\/wp\/v2\/users\/2"}],"replies":[{"embeddable":true,"href":"https:\/\/www.europesays.com\/es\/wp-json\/wp\/v2\/comments?post=267875"}],"version-history":[{"count":0,"href":"https:\/\/www.europesays.com\/es\/wp-json\/wp\/v2\/posts\/267875\/revisions"}],"wp:featuredmedia":[{"embeddable":true,"href":"https:\/\/www.europesays.com\/es\/wp-json\/wp\/v2\/media\/267876"}],"wp:attachment":[{"href":"https:\/\/www.europesays.com\/es\/wp-json\/wp\/v2\/media?parent=267875"}],"wp:term":[{"taxonomy":"category","embeddable":true,"href":"https:\/\/www.europesays.com\/es\/wp-json\/wp\/v2\/categories?post=267875"},{"taxonomy":"post_tag","embeddable":true,"href":"https:\/\/www.europesays.com\/es\/wp-json\/wp\/v2\/tags?post=267875"}],"curies":[{"name":"wp","href":"https:\/\/api.w.org\/{rel}","templated":true}]}}