{"id":267881,"date":"2025-12-02T21:26:09","date_gmt":"2025-12-02T21:26:09","guid":{"rendered":"https:\/\/www.europesays.com\/es\/267881\/"},"modified":"2025-12-02T21:26:09","modified_gmt":"2025-12-02T21:26:09","slug":"trump-extiende-su-amenaza-de-ataques-a-colombia-por-la-produccion-y-trafico-de-droga","status":"publish","type":"post","link":"https:\/\/www.europesays.com\/es\/267881\/","title":{"rendered":"Trump extiende su amenaza de ataques a Colombia por la producci\u00f3n y tr\u00e1fico de droga"},"content":{"rendered":"<p class=\"\">El presidente de Estados Unidos, Donald Trump, ha advertido este martes de que cualquier pa\u00eds que produzca y trafique drogas a EE UU, <a href=\"https:\/\/elpais.com\/america-colombia\/2025-10-21\/los-enfrentamientos-entre-petro-y-trump-en-cinco-actos.html\" target=\"_blank\" rel=\"noreferrer nofollow noopener\" title=\"https:\/\/elpais.com\/america-colombia\/2025-10-21\/los-enfrentamientos-entre-petro-y-trump-en-cinco-actos.html\">incluido Colombia<\/a>, \u201cest\u00e1 sujeto a ataques\u201d. \u201cHe o\u00eddo que Colombia produce coca\u00edna. Tienen plantas de fabricaci\u00f3n. Y luego nos venden coca\u00edna. Cualquiera que haga eso y la venda a nuestro pa\u00eds est\u00e1 sujeto a ataques, no necesariamente solo Venezuela\u201d, ha indicado el republicano a la prensa al cierre de una reuni\u00f3n con su Gabinete en la Casa Blanca.<\/p>\n<p class=\"\">El presidente colombiano, Gustavo Petro, le ha respondido a Trump que, \u201csin misiles\u201d, su Gobierno ha destruido 18.400 laboratorios de coca\u00edna en Colombia. \u201cVenga conmigo y le ense\u00f1o c\u00f3mo se destruye un laboratorio cada 40 minutos, pero no amenace nuestra soberan\u00eda porque despertar\u00e1 el Jaguar. Atacar nuestra soberan\u00eda es declarar guerra, no da\u00f1e dos siglos de relaciones diplom\u00e1ticas. Ya me calumni\u00f3, no contin\u00fae por ah\u00ed. Si un pa\u00eds ha ayudado a detener miles de toneladas de coca\u00edna para que no la consuman los norteamericanos, es Colombia\u201d, ha manifestado en la red social X.<\/p>\n<p class=\"\">La amenaza de Trump eleva el tono contra Colombia, el mayor productor de coca\u00edna del mundo, al ponerlo al mismo nivel de su vecina Venezuela, pa\u00eds con el que la tensi\u00f3n no ha dejado de escalar. El estadounidense ha criticado duramente el enfoque del Gobierno de Petro en su lucha contra las drogas y lo acusa, sin pruebas claras, <a href=\"https:\/\/elpais.com\/internacional\/2025-10-19\/trump-acusa-a-petro-de-ser-un-lider-narcotraficante.html\" target=\"_blank\" rel=\"noreferrer nofollow noopener\" title=\"https:\/\/elpais.com\/internacional\/2025-10-19\/trump-acusa-a-petro-de-ser-un-lider-narcotraficante.html\">de ser un \u201cl\u00edder del narcotr\u00e1fico\u201d<\/a>. El mandatario colombiano fue sancionado en octubre por el Departamento del Tesoro de EE UU y fue incluido en la llamada <a href=\"https:\/\/elpais.com\/america-colombia\/2025-10-24\/el-tesoro-de-estados-unidos-sanciona-a-petro-por-vinculos-con-el-narcotrafico.html\" target=\"_blank\" rel=\"noreferrer nofollow noopener\" title=\"https:\/\/elpais.com\/america-colombia\/2025-10-24\/el-tesoro-de-estados-unidos-sanciona-a-petro-por-vinculos-con-el-narcotrafico.html\">Lista Clinton<\/a> o de la OFAC, en la que se encuentran narcotraficantes probados, terroristas o mafiosos.<\/p>\n<p class=\"\">Petro tambi\u00e9n ha sido uno de los l\u00edderes latinoamericanos m\u00e1s cr\u00edticos de la campa\u00f1a militar de EE UU en la zona del Caribe y el Pac\u00edfico contra supuestas narcolanchas, en las que ya han muerto m\u00e1s de 80 personas. La ONU considera que estos ataques, enmarcados en la llamada operaci\u00f3n Lanza del Sur y que iniciaron el pasado septiembre, constituyen una \u201cviolaci\u00f3n del derecho internacional\u201d y se tratan de \u201cejecuciones extrajudiciales\u201d, en palabras del jefe de derechos humanos del organismo, <a href=\"https:\/\/elpais.com\/internacional\/2023-10-05\/volker-turk-alto-comisionado-para-los-derechos-humanos-de-la-onu-la-extrema-derecha-utiliza-la-inmigracion-para-avivar-el-miedo.html\" rel=\"nofollow noopener\" title=\"https:\/\/elpais.com\/internacional\/2023-10-05\/volker-turk-alto-comisionado-para-los-derechos-humanos-de-la-onu-la-extrema-derecha-utiliza-la-inmigracion-para-avivar-el-miedo.html\" target=\"_blank\">Volker T\u00fcrk<\/a>. <\/p>\n<p class=\"\">Adem\u00e1s, el mandatario colombiano contradijo la advertencia de Trump la semana pasada de cerrar el espacio a\u00e9reo venezolano. \u201cEE UU no tiene el derecho de cerrar el espacio a\u00e9reo venezolano. Lo puede hacer con sus aerol\u00edneas, pero no con las del mundo. Colombia restablece el servicio a\u00e9reo civil con Venezuela e invita al mundo a hacerlo. Es hora de di\u00e1logos, no de barbarie\u201d, dijo entonces.<\/p>\n<p class=\"\">Los temores a un ataque a\u00e9reo sobre territorio venezolano o a una incursi\u00f3n terrestre en ese pa\u00eds han aumentado en las \u00faltimas semanas. La Casa Blanca no descarta lanzar una operaci\u00f3n \u201cpor tierra\u201d <a href=\"https:\/\/elpais.com\/internacional\/2025-12-02\/hegseth-se-muestra-desafiante-frente-a-las-acusaciones-de-que-cometio-un-crimen-de-guerra-no-hemos-hecho-mas-que-empezar.html\" target=\"_blank\" rel=\"noreferrer nofollow noopener\" title=\"https:\/\/elpais.com\/internacional\/2025-12-02\/hegseth-se-muestra-desafiante-frente-a-las-acusaciones-de-que-cometio-un-crimen-de-guerra-no-hemos-hecho-mas-que-empezar.html\">para \u201cacabar con esos hijos de perra\u201d<\/a>, en referencia a los narcotraficantes de Venezuela. Y aunque el principal objetivo de esta campa\u00f1a es el presidente venezolano, Nicol\u00e1s Maduro, al que Washington acusa de liderar el llamado Cartel de los Soles, los n\u00fameros muestran que realmente Colombia es el n\u00facleo del tr\u00e1fico de coca\u00edna en Sudam\u00e9rica.<\/p>\n<p class=\"\">El pa\u00eds produjo potencialmente 3.001 toneladas de coca\u00edna en 2024, seg\u00fan un informe interno al que tuvo acceso este diario. El dato supone un 12,6% de aumento respecto al a\u00f1o anterior \u2014un ritmo que, seg\u00fan el informe de la ONU, viene fren\u00e1ndose\u2014, por lo que su carga pol\u00edtica es letal. Es la excusa perfecta para Trump en su cruzada contra los pa\u00edses productores de drogas, que ahora trata de objetivos militares. El republicano defiende que sus operaciones en la regi\u00f3n son leg\u00edtimas para defenderse de la \u201cola de drogas\u201d que los c\u00e1rteles env\u00edan a su territorio.<\/p>\n<p class=\"\">El toma y daca entre Trump y Petro no ha cesado desde el regreso del estadounidense a la Casa Blanca por temas tan variados como la inmigraci\u00f3n o los aranceles, pero ha sido el narcotr\u00e1fico el mayor punto de tensi\u00f3n entre ambos gobiernos. Washington <a href=\"https:\/\/elpais.com\/america-colombia\/2025-09-22\/la-lucha-contra-las-drogas-exacerba-la-turbulenta-relacion-entre-estados-unidos-y-colombia.html\" target=\"_blank\" rel=\"noreferrer nofollow noopener\" title=\"https:\/\/elpais.com\/america-colombia\/2025-09-22\/la-lucha-contra-las-drogas-exacerba-la-turbulenta-relacion-entre-estados-unidos-y-colombia.html\">descertific\u00f3 en septiembre a Colombia<\/a> como un pa\u00eds aliado en la lucha contra las drogas, un golpe m\u00e1s de imagen que pr\u00e1ctico para el pa\u00eds, pero que ha supuesto un giro en la tradicional colaboraci\u00f3n de los dos pa\u00edses durante d\u00e9cadas. Trump ha convertido a Colombia de un pa\u00eds aliado a casi un enemigo al que, junto con Venezuela, debe combatir.<\/p>\n","protected":false},"excerpt":{"rendered":"El presidente de Estados Unidos, Donald Trump, ha advertido este martes de que cualquier pa\u00eds que produzca y&hellip;\n","protected":false},"author":2,"featured_media":267882,"comment_status":"","ping_status":"","sticky":false,"template":"","format":"standard","meta":{"footnotes":""},"categories":[42],"tags":[889,8738,17,18,1803,352,794,629,13,14,3916,11,61,62,63,64,19,20,1804,17922,7337,9,1194,10,15,16,12,21,22,1192,65,66,67],"class_list":{"0":"post-267881","1":"post","2":"type-post","3":"status-publish","4":"format-standard","5":"has-post-thumbnail","7":"category-internacional","8":"tag-america","9":"tag-ataques-militares","10":"tag-breaking-news","11":"tag-breakingnews","12":"tag-colombia","13":"tag-donald-trump","14":"tag-drogas","15":"tag-estados-unidos","16":"tag-featured-news","17":"tag-featurednews","18":"tag-gustavo-petro","19":"tag-headlines","20":"tag-internacional","21":"tag-international","22":"tag-international-news","23":"tag-internationalnews","24":"tag-latest-news","25":"tag-latestnews","26":"tag-latinoamerica","27":"tag-narcotraficantes","28":"tag-narcotrafico","29":"tag-news","30":"tag-nicolas-maduro","31":"tag-noticias","32":"tag-noticias-destacadas","33":"tag-noticiasdestacadas","34":"tag-titulares","35":"tag-ultimas-noticias","36":"tag-ultimasnoticias","37":"tag-venezuela","38":"tag-world","39":"tag-world-news","40":"tag-worldnews"},"share_on_mastodon":{"url":"","error":"Validation failed: Text character limit of 500 exceeded"},"_links":{"self":[{"href":"https:\/\/www.europesays.com\/es\/wp-json\/wp\/v2\/posts\/267881","targetHints":{"allow":["GET"]}}],"collection":[{"href":"https:\/\/www.europesays.com\/es\/wp-json\/wp\/v2\/posts"}],"about":[{"href":"https:\/\/www.europesays.com\/es\/wp-json\/wp\/v2\/types\/post"}],"author":[{"embeddable":true,"href":"https:\/\/www.europesays.com\/es\/wp-json\/wp\/v2\/users\/2"}],"replies":[{"embeddable":true,"href":"https:\/\/www.europesays.com\/es\/wp-json\/wp\/v2\/comments?post=267881"}],"version-history":[{"count":0,"href":"https:\/\/www.europesays.com\/es\/wp-json\/wp\/v2\/posts\/267881\/revisions"}],"wp:featuredmedia":[{"embeddable":true,"href":"https:\/\/www.europesays.com\/es\/wp-json\/wp\/v2\/media\/267882"}],"wp:attachment":[{"href":"https:\/\/www.europesays.com\/es\/wp-json\/wp\/v2\/media?parent=267881"}],"wp:term":[{"taxonomy":"category","embeddable":true,"href":"https:\/\/www.europesays.com\/es\/wp-json\/wp\/v2\/categories?post=267881"},{"taxonomy":"post_tag","embeddable":true,"href":"https:\/\/www.europesays.com\/es\/wp-json\/wp\/v2\/tags?post=267881"}],"curies":[{"name":"wp","href":"https:\/\/api.w.org\/{rel}","templated":true}]}}