{"id":267891,"date":"2025-12-02T21:36:10","date_gmt":"2025-12-02T21:36:10","guid":{"rendered":"https:\/\/www.europesays.com\/es\/267891\/"},"modified":"2025-12-02T21:36:10","modified_gmt":"2025-12-02T21:36:10","slug":"il-gallo-dice-adios-se-retira-danilo-gallinari","status":"publish","type":"post","link":"https:\/\/www.europesays.com\/es\/267891\/","title":{"rendered":"&#8216;Il Gallo&#8217; dice adi\u00f3s: se retira Danilo Gallinari"},"content":{"rendered":"<p data-mrf-recirculation=\"Links P\u00e1rrafos\" class=\"ue-c-article__paragraph paragraph ue-c-article--first-letter-highlighted\">A los 37 a\u00f1os, uno de los mejores jugadores de baloncesto salidos de la prol\u00edfica cantera italiana, dice adi\u00f3s:<strong> &#8216;Il Gallo&#8217; <\/strong>como le conoc\u00edan o <strong>Danilo Gallinari,<\/strong> como quedar\u00e1 para la historia. Porque su nombre estar\u00e1 siempre en la historia, del baloncesto europeo y de la NBA.<\/p>\n<p data-mrf-recirculation=\"Links P\u00e1rrafos\" class=\"ue-c-article__paragraph paragraph\">Gallinari pas\u00f3 <strong>16 a\u00f1os en la NBA, 14 en acci\u00f3n <\/strong>y dos m\u00e1s en blanco por culpa de una grave lesi\u00f3n. Fue elegido<strong> n\u00famero 6 del Draft<\/strong> de la NBA de 2008 por los <strong>New York Knicks<\/strong>. Es el segundo italiano con mejor n\u00famero de <strong>Draft<\/strong>, s\u00f3lo por detr\u00e1s del<strong> n\u00famero 1 de Andrea Bargnani<\/strong>. Pero es el italiano con m\u00e1s puntos en la Liga,<strong> 11.607 en total.<\/strong><\/p>\n<p data-mrf-recirculation=\"Links P\u00e1rrafos\" class=\"ue-c-article__paragraph paragraph\">&#8216;Il Gallo&#8217; es uno de los 299 jugadores de la NBA que, seg\u00fan\u00a0Elias Sports Bureau, han jugado <strong>14 temporadas en la NBA<\/strong>, repartidas en varios equipos: adem\u00e1s de los <strong>Knicks<\/strong> perteneci\u00f3 a\u00a0<strong>Denver Nuggets, L.A. Clippers, Oklahoma City Thunder, Atlanta Hawks, Boston Celtics, Washington Wizards, Detroit Pistons y Milwaukee Bucks<\/strong>, su \u00faltimo equipo en la temporada 2023-24.<\/p>\n<p data-mrf-recirculation=\"Links P\u00e1rrafos\" class=\"ue-c-article__paragraph paragraph\">Lleg\u00f3 a los <strong>Knicks <\/strong>en la temporada 2008-09, cuando el entrenador era <strong>Mike D&#8217;Antoni<\/strong>, que, curiosamente, fue compa\u00f1ero de habitaci\u00f3n de su padre, <strong>Vittorio Gallinari<\/strong>, cuando ambos compart\u00edan equipo en el <strong>Olimpia de Mil\u00e1n<\/strong> en los a\u00f1os 70 y 80. Danilo estuvo tres a\u00f1os en la G<strong>ran Manzana<\/strong> y en 2010-11 form\u00f3 parte del masivo traspaso que llev\u00f3 a <strong>Carmelo Anthony <\/strong>a Nueva York. El italiano acab\u00f3 en los <strong>Nuggets<\/strong>.<\/p>\n<p data-mrf-recirculation=\"Links P\u00e1rrafos\" class=\"ue-c-article__paragraph paragraph\">En su prol\u00edfica carrera, <strong>Gallinari <\/strong>acab\u00f3 jugando <strong>777 partidos en la NBA<\/strong> logrando una media de <strong>14,9 puntos por partido,<\/strong> adem\u00e1s de 4,7 rebotes y 1,9 asistencias.<\/p>\n<p data-mrf-recirculation=\"Links P\u00e1rrafos\" class=\"ue-c-article__paragraph paragraph\">Su \u00faltimo servicio lo hizo en<strong> Puerto Rico<\/strong>, ganando el t\u00edtulo con\u00a0los <strong>Vaqueros de Bayam\u00f3n<\/strong> en una final en la que fue elegido MVP. En su \u00faltimo a\u00f1o en activo, <strong>Gallinari <\/strong>gan\u00f3 su \u00fanico t\u00edtulo, pero su carrera queda como una de las mejores de un europeo en ala NBA.<\/p>\n","protected":false},"excerpt":{"rendered":"A los 37 a\u00f1os, uno de los mejores jugadores de baloncesto salidos de la prol\u00edfica cantera italiana, dice&hellip;\n","protected":false},"author":2,"featured_media":267892,"comment_status":"","ping_status":"","sticky":false,"template":"","format":"standard","meta":{"footnotes":""},"categories":[269],"tags":[299,298,168,25,24,23,167],"class_list":{"0":"post-267891","1":"post","2":"type-post","3":"status-publish","4":"format-standard","5":"has-post-thumbnail","7":"category-baloncesto","8":"tag-baloncesto","9":"tag-basketball","10":"tag-deportes","11":"tag-es","12":"tag-espana","13":"tag-spain","14":"tag-sports"},"share_on_mastodon":{"url":"https:\/\/pubeurope.com\/@es\/115652131909494529","error":""},"_links":{"self":[{"href":"https:\/\/www.europesays.com\/es\/wp-json\/wp\/v2\/posts\/267891","targetHints":{"allow":["GET"]}}],"collection":[{"href":"https:\/\/www.europesays.com\/es\/wp-json\/wp\/v2\/posts"}],"about":[{"href":"https:\/\/www.europesays.com\/es\/wp-json\/wp\/v2\/types\/post"}],"author":[{"embeddable":true,"href":"https:\/\/www.europesays.com\/es\/wp-json\/wp\/v2\/users\/2"}],"replies":[{"embeddable":true,"href":"https:\/\/www.europesays.com\/es\/wp-json\/wp\/v2\/comments?post=267891"}],"version-history":[{"count":0,"href":"https:\/\/www.europesays.com\/es\/wp-json\/wp\/v2\/posts\/267891\/revisions"}],"wp:featuredmedia":[{"embeddable":true,"href":"https:\/\/www.europesays.com\/es\/wp-json\/wp\/v2\/media\/267892"}],"wp:attachment":[{"href":"https:\/\/www.europesays.com\/es\/wp-json\/wp\/v2\/media?parent=267891"}],"wp:term":[{"taxonomy":"category","embeddable":true,"href":"https:\/\/www.europesays.com\/es\/wp-json\/wp\/v2\/categories?post=267891"},{"taxonomy":"post_tag","embeddable":true,"href":"https:\/\/www.europesays.com\/es\/wp-json\/wp\/v2\/tags?post=267891"}],"curies":[{"name":"wp","href":"https:\/\/api.w.org\/{rel}","templated":true}]}}