{"id":267893,"date":"2025-12-02T21:37:10","date_gmt":"2025-12-02T21:37:10","guid":{"rendered":"https:\/\/www.europesays.com\/es\/267893\/"},"modified":"2025-12-02T21:37:10","modified_gmt":"2025-12-02T21:37:10","slug":"valverde-recupera-a-laporte-y-mete-en-la-lista-a-los-filiales-eder-y-bujan","status":"publish","type":"post","link":"https:\/\/www.europesays.com\/es\/267893\/","title":{"rendered":"Valverde recupera a Laporte y mete en la lista a los filiales Eder y Buj\u00e1n"},"content":{"rendered":"<p data-mrf-recirculation=\"Links P\u00e1rrafos\" class=\"ue-c-article__paragraph paragraph ue-c-article--first-letter-highlighted\">el Athletic har\u00e1 v\u00edspera al partido de este mi\u00e9rcoles frente al Real Madrid con 23 futbolistas en la lista de Valverde. El <strong>Txingurri ya avanz\u00f3 en la rueda de prensa que habr\u00eda hueco para el filial<\/strong> y en la citaci\u00f3n ha incluido al extremo Buj\u00e1n y al centrocampista Eder Garc\u00eda. En principio, ninguno de los parece tener opci\u00f3n de entrar en un once titular al que s\u00ed podr\u00eda aspirar Selton, que hasta que debut\u00f3 hace menos de un mes ante el Newcastle hab\u00eda jugado esta temporada para Basconia y Bilbao Athletic.<\/p>\n<p data-mrf-recirculation=\"Links P\u00e1rrafos\" class=\"ue-c-article__paragraph paragraph\">El t\u00e9cnico rojiblanco <strong>recupera a Laporte, baja en el \u00faltimo partido por un virus gastrointestinal, y Galarreta<\/strong>, ausente ante el Levante al cumplir partido de sanci\u00f3n por acumulaci\u00f3n de amonestaciones. Adem\u00e1s, Valverde <strong>dispondr\u00e1 de Yuri<\/strong>, que en el entrenamiento del martes se fue al interior de las instalaciones al poco de iniciarse la sesi\u00f3n. En cambio, <strong>todav\u00eda estar\u00e1 de baja Sancet<\/strong>, que cumplir\u00e1 el segundo de los partidos de sanci\u00f3n. <strong>Robert Navarro e I\u00f1aki Williams <\/strong>siguen de recuperaci\u00f3n de sus respectivas lesiones -Navarro se da\u00f1\u00f3 el tobillo el s\u00e1bado y el capit\u00e1n lleva ya seis semanas fuera del grupo- y no se les espera, en el mejor de los casos, hasta los partidos ante Celta o Espanyol.<\/p>\n<p><img decoding=\"async\" width=\"1080\" height=\"1350\" class=\"ue-c-article__image lazyload\" alt=\"Convocatoria del Athletic ante el Real Madrid\" loading=\"lazy\" src=\"https:\/\/www.europesays.com\/es\/wp-content\/uploads\/2025\/12\/692f36c7d2a55.jpeg\"\/><\/p>\n<p>Convocatoria del Athletic ante el Real Madrid<\/p>\n<p data-mrf-recirculation=\"Links P\u00e1rrafos\" class=\"ue-c-article__paragraph paragraph\">El de este mi\u00e9rcoles ante el Real Madrid ser\u00e1 <strong>el primero de los tres grandes partidos que acoger\u00e1 San Mam\u00e9s en una semana<\/strong> y que completar\u00e1n las visitas de Atl\u00e9tico y PSG, el vigente campe\u00f3n de Europa lo har\u00e1 como el ante\u00faltimo rival al que se medir\u00e1 el Athletic como local en esta primera fase de la Liga de Campeones. Ser\u00e1n tres duelos de envergadura y Valverde rotar\u00e1 para contar con piernas frescas. <strong>Nico, autor de uno de los goles frente al Levante, no parece que completar\u00e1 el partido<\/strong> porque todav\u00eda tiene que cuidarse por su pubalgia. El atacante fue titular en el Ciutat de Valencia, pero no jug\u00f3 de inicio frente al Slavia.<\/p>\n","protected":false},"excerpt":{"rendered":"el Athletic har\u00e1 v\u00edspera al partido de este mi\u00e9rcoles frente al Real Madrid con 23 futbolistas en la&hellip;\n","protected":false},"author":2,"featured_media":267894,"comment_status":"","ping_status":"","sticky":false,"template":"","format":"standard","meta":{"footnotes":""},"categories":[268],"tags":[168,25,24,280,282,281,23,167],"class_list":{"0":"post-267893","1":"post","2":"type-post","3":"status-publish","4":"format-standard","5":"has-post-thumbnail","7":"category-futbol","8":"tag-deportes","9":"tag-es","10":"tag-espana","11":"tag-football","12":"tag-futbol","13":"tag-soccer","14":"tag-spain","15":"tag-sports"},"share_on_mastodon":{"url":"https:\/\/pubeurope.com\/@es\/115652136118632923","error":""},"_links":{"self":[{"href":"https:\/\/www.europesays.com\/es\/wp-json\/wp\/v2\/posts\/267893","targetHints":{"allow":["GET"]}}],"collection":[{"href":"https:\/\/www.europesays.com\/es\/wp-json\/wp\/v2\/posts"}],"about":[{"href":"https:\/\/www.europesays.com\/es\/wp-json\/wp\/v2\/types\/post"}],"author":[{"embeddable":true,"href":"https:\/\/www.europesays.com\/es\/wp-json\/wp\/v2\/users\/2"}],"replies":[{"embeddable":true,"href":"https:\/\/www.europesays.com\/es\/wp-json\/wp\/v2\/comments?post=267893"}],"version-history":[{"count":0,"href":"https:\/\/www.europesays.com\/es\/wp-json\/wp\/v2\/posts\/267893\/revisions"}],"wp:featuredmedia":[{"embeddable":true,"href":"https:\/\/www.europesays.com\/es\/wp-json\/wp\/v2\/media\/267894"}],"wp:attachment":[{"href":"https:\/\/www.europesays.com\/es\/wp-json\/wp\/v2\/media?parent=267893"}],"wp:term":[{"taxonomy":"category","embeddable":true,"href":"https:\/\/www.europesays.com\/es\/wp-json\/wp\/v2\/categories?post=267893"},{"taxonomy":"post_tag","embeddable":true,"href":"https:\/\/www.europesays.com\/es\/wp-json\/wp\/v2\/tags?post=267893"}],"curies":[{"name":"wp","href":"https:\/\/api.w.org\/{rel}","templated":true}]}}