{"id":267895,"date":"2025-12-02T21:38:09","date_gmt":"2025-12-02T21:38:09","guid":{"rendered":"https:\/\/www.europesays.com\/es\/267895\/"},"modified":"2025-12-02T21:38:09","modified_gmt":"2025-12-02T21:38:09","slug":"todos-los-detalles-de-hola-living-diciembre","status":"publish","type":"post","link":"https:\/\/www.europesays.com\/es\/267895\/","title":{"rendered":"todos los detalles de \u00a1HOLA! Living diciembre"},"content":{"rendered":"<p id=\"e7zG0FZ-aoc\" data-wc=\"108\">Celebramos el mes de diciembre con un n\u00famero que respira esp\u00edritu navide\u00f1o de principio a fin. Nuestras anfitrionas nos abren las puertas de sus hogares, decorados y llenos de calor para recibir a su familia y amigos durante las fiestas, comenzando por nuestra embajadora de portada, la arist\u00f3crata y colaboradora de \u00a1HOLA! Living <strong>A<\/strong><a class=\"hm-link ho-link\" href=\"https:\/\/www.hola.com\/actualidad\/20240911717343\/alejandra-de-rojas-nueva-casa-despues-separacion\/\" data-mrf-recirculation=\"article-body-link\" rel=\"nofollow noopener\" target=\"_blank\">lejandra de Rojas, que nos ense\u00f1a su casa de Toledo acompa\u00f1ada de sus perros<\/a>, su burro, su chivito y su gallina Otilia. \u00abLa decoramos con el bel\u00e9n de mis padres, y como estamos en el campo, salimos a coger pi\u00f1as, ramas y le\u00f1os para colocarlos por la casa como si fuera un bosque\u00bb, nos dice.\u00a0<\/p>\n<p id=\"e8GrqLeDS3\" data-wc=\"53\">Este n\u00famero lo completan otros refugios igual de acogedores en los que cualquiera querr\u00eda sentarse a la mesa y disfrutar de una bonita velada, como la que organiza la chef <strong>Karla Cova Villa<\/strong> en la casa familiar en Madrid <a class=\"hm-link ho-link\" href=\"https:\/\/www.hola.com\/hola-living\/20240605361030\/ines-de-cominges-casa-asturias-villaviciosa\/\" data-mrf-recirculation=\"article-body-link\" rel=\"nofollow noopener\" target=\"_blank\">a la que\u00a0In\u00e9s de Cominges\u00a0regresa cada Navidad para reunirse con sus padres<\/a>.\u00a0<\/p>\n<p id=\"eBh5dsbnUd\" data-wc=\"31\">La prescriptora <strong>Marta Oria<\/strong> nos descubre las bondades de pasar las fiestas en Baqueira, donde los amantes del esqu\u00ed se deslizan ladera abajo y luego se calientan frente a la chimenea.\u00a0<\/p>\n<p> <img src=\"https:\/\/www.europesays.com\/es\/wp-content\/uploads\/2025\/12\/265059c6e69d-portadalivingalejandra.jpg\"   width=\"787\" height=\"1024\" loading=\"lazy\" decoding=\"async\" alt=\"Alejandra de Rojas en la portada de Living\" fetchpriority=\"auto\" class=\"image ho-image\"\/>\u00a9 \u00a1HOLA! Living<\/p>\n<p id=\"e5FZ4OqT3x\" data-wc=\"51\">En otro paisaje nevado, esta vez en Normand\u00eda, <strong>Aur\u00e9lie Debi\u00e8ve<\/strong> nos hace part\u00edcipes de su caba\u00f1a de cuento de invierno y, de nuevo en la capital, <strong>M\u00f3nica Casta\u00f1eda y James Wigan<\/strong> nos muestran c\u00f3mo se vive esta \u00e9poca en una familia de siete, porque rodeados de ni\u00f1os la ilusi\u00f3n se multiplica.\u00a0<\/p>\n<p id=\"ekxRh-h27l\" data-wc=\"87\">El lazo, uno bien grande y de terciopelo rojo, como dicta la tradici\u00f3n, lo ponen nuestras secciones habituales: <strong>Elizabeth Taylor<\/strong> protagoniza nuestro personaje living, <strong>Elena Cu\u00e9<\/strong> nos acerca al pintor Fra Ang\u00e9lico y a su reflejo divino,<strong>\u00a0Johanna von M\u00fcller Klingspor<\/strong> nos da sus recomendaciones para estas fechas, y<strong>\u00a0Vicky Mart\u00edn Berrocal<\/strong> nos manda sus postales desde los Alpes. Y m\u00e1s, mucho m\u00e1s, para acabar el 2025 con buen sabor de boca y cantando &#8216;Fum fum, fum&#8217;. As\u00ed que ya sabes, \u00a1ve corriendo a tu quiosco ma\u00f1ana!<\/p>\n<p id=\"eNc63GIPMP\" data-wc=\"0\">\u00a0<\/p>\n","protected":false},"excerpt":{"rendered":"Celebramos el mes de diciembre con un n\u00famero que respira esp\u00edritu navide\u00f1o de principio a fin. Nuestras anfitrionas&hellip;\n","protected":false},"author":2,"featured_media":267896,"comment_status":"","ping_status":"","sticky":false,"template":"","format":"standard","meta":{"footnotes":""},"categories":[174],"tags":[26435,255,146,147,25,24,256,23],"class_list":{"0":"post-267895","1":"post","2":"type-post","3":"status-publish","4":"format-standard","5":"has-post-thumbnail","7":"category-famosos","8":"tag-hola-living","9":"tag-celebrities","10":"tag-entertainment","11":"tag-entretenimiento","12":"tag-es","13":"tag-espana","14":"tag-famosos","15":"tag-spain"},"share_on_mastodon":{"url":"https:\/\/pubeurope.com\/@es\/115652140553934699","error":""},"_links":{"self":[{"href":"https:\/\/www.europesays.com\/es\/wp-json\/wp\/v2\/posts\/267895","targetHints":{"allow":["GET"]}}],"collection":[{"href":"https:\/\/www.europesays.com\/es\/wp-json\/wp\/v2\/posts"}],"about":[{"href":"https:\/\/www.europesays.com\/es\/wp-json\/wp\/v2\/types\/post"}],"author":[{"embeddable":true,"href":"https:\/\/www.europesays.com\/es\/wp-json\/wp\/v2\/users\/2"}],"replies":[{"embeddable":true,"href":"https:\/\/www.europesays.com\/es\/wp-json\/wp\/v2\/comments?post=267895"}],"version-history":[{"count":0,"href":"https:\/\/www.europesays.com\/es\/wp-json\/wp\/v2\/posts\/267895\/revisions"}],"wp:featuredmedia":[{"embeddable":true,"href":"https:\/\/www.europesays.com\/es\/wp-json\/wp\/v2\/media\/267896"}],"wp:attachment":[{"href":"https:\/\/www.europesays.com\/es\/wp-json\/wp\/v2\/media?parent=267895"}],"wp:term":[{"taxonomy":"category","embeddable":true,"href":"https:\/\/www.europesays.com\/es\/wp-json\/wp\/v2\/categories?post=267895"},{"taxonomy":"post_tag","embeddable":true,"href":"https:\/\/www.europesays.com\/es\/wp-json\/wp\/v2\/tags?post=267895"}],"curies":[{"name":"wp","href":"https:\/\/api.w.org\/{rel}","templated":true}]}}