{"id":267905,"date":"2025-12-02T21:44:18","date_gmt":"2025-12-02T21:44:18","guid":{"rendered":"https:\/\/www.europesays.com\/es\/267905\/"},"modified":"2025-12-02T21:44:18","modified_gmt":"2025-12-02T21:44:18","slug":"el-anxo-carro-avanza-en-su-reforma-con-ajustes-en-varias-zonas-del-estadio-cd-lugo","status":"publish","type":"post","link":"https:\/\/www.europesays.com\/es\/267905\/","title":{"rendered":"El Anxo Carro avanza en su reforma con ajustes en varias zonas del estadio \u2013 CD Lugo"},"content":{"rendered":"<p>El <strong>Club Deportivo Lugo<\/strong> informa a sus abonados de nuevas actuaciones dentro del proyecto de mejora que se est\u00e1 ejecutando en el <strong>Estadio Anxo Carro<\/strong>, y que afectar\u00e1n a varias localidades del estadio de cara al encuentro de este domingo, 7 de diciembre, a las 20:30h, frente al <strong>CD Tenerife<\/strong>.<\/p>\n<p>Tal y como se comunic\u00f3 en notas anteriores, y <strong>con motivo de las obras de mejora actualmente en marcha<\/strong>, las zonas <strong>General 1 (Sector 3)<\/strong> y <strong>General 2 (Sector 1 y 4)<\/strong> <strong>no estar\u00e1n disponibles<\/strong> para este partido. El club <strong>contactar\u00e1 directamente<\/strong> con los abonados ubicados en estas \u00e1reas para su <strong>reubicaci\u00f3n temporal<\/strong>.<\/p>\n<p>Adem\u00e1s, se informa de que, por razones de <strong>normativa y adecuaci\u00f3n de accesos<\/strong> en la grada de <strong>Tribuna<\/strong>, se ha procedido a <strong>desmontar completamente la fila 8<\/strong> con el fin de nivelar la entrada y los pasillos. Una vez finalizadas las obras, la <strong>fila 8 pasar\u00e1 a formar parte de Tribuna Baja<\/strong>, convirti\u00e9ndose en su fila superior. De este modo, <strong>Tribuna Baja pasar\u00e1 de 7 a 8 filas<\/strong>.<\/p>\n<p>Los abonados ubicados en la <strong>fila 8 (asientos del 2 al 45)<\/strong> podr\u00e1n <strong>utilizar con normalidad sus asientos<\/strong> en su <strong>nueva ubicaci\u00f3n correspondiente<\/strong> dentro de la fila 8.<\/p>\n<p>En el caso de los abonados de la <strong>fila 8 (asientos del 46 al 90)<\/strong>, y <strong>solo para este partido<\/strong> frente al CD Tenerife, el club proceder\u00e1 a <strong>contactar individualmente<\/strong> con cada uno de ellos para <strong>reubicarlos temporalmente en la misma grada o en la zona que deseen<\/strong>, mientras se completan los trabajos en esa \u00e1rea.<\/p>\n<p>El club agradece la <strong>comprensi\u00f3n y colaboraci\u00f3n<\/strong> de todos los abonados durante el proceso de mejora del estadio, que permitir\u00e1 ofrecer un Anxo Carro m\u00e1s c\u00f3modo, accesible y adaptado a la normativa vigente.<\/p>\n<p>            <a href=\"http:\/\/www.lugo.gal\" target=\"_blank\" rel=\"noopener nofollow\"><br \/>\n                <img decoding=\"async\" src=\"https:\/\/www.europesays.com\/es\/wp-content\/uploads\/2025\/09\/CONCELLO-DE-LUGO-deportes-v.png\" alt=\"Patrocinador\" style=\"max-width: 300px; height: auto;\"\/><br \/>\n            <\/a><\/p>\n","protected":false},"excerpt":{"rendered":"El Club Deportivo Lugo informa a sus abonados de nuevas actuaciones dentro del proyecto de mejora que se&hellip;\n","protected":false},"author":2,"featured_media":196298,"comment_status":"","ping_status":"","sticky":false,"template":"","format":"standard","meta":{"footnotes":""},"categories":[93],"tags":[168,25,24,23,167],"class_list":{"0":"post-267905","1":"post","2":"type-post","3":"status-publish","4":"format-standard","5":"has-post-thumbnail","7":"category-deportes","8":"tag-deportes","9":"tag-es","10":"tag-espana","11":"tag-spain","12":"tag-sports"},"share_on_mastodon":{"url":"https:\/\/pubeurope.com\/@es\/115652163741826503","error":""},"_links":{"self":[{"href":"https:\/\/www.europesays.com\/es\/wp-json\/wp\/v2\/posts\/267905","targetHints":{"allow":["GET"]}}],"collection":[{"href":"https:\/\/www.europesays.com\/es\/wp-json\/wp\/v2\/posts"}],"about":[{"href":"https:\/\/www.europesays.com\/es\/wp-json\/wp\/v2\/types\/post"}],"author":[{"embeddable":true,"href":"https:\/\/www.europesays.com\/es\/wp-json\/wp\/v2\/users\/2"}],"replies":[{"embeddable":true,"href":"https:\/\/www.europesays.com\/es\/wp-json\/wp\/v2\/comments?post=267905"}],"version-history":[{"count":0,"href":"https:\/\/www.europesays.com\/es\/wp-json\/wp\/v2\/posts\/267905\/revisions"}],"wp:featuredmedia":[{"embeddable":true,"href":"https:\/\/www.europesays.com\/es\/wp-json\/wp\/v2\/media\/196298"}],"wp:attachment":[{"href":"https:\/\/www.europesays.com\/es\/wp-json\/wp\/v2\/media?parent=267905"}],"wp:term":[{"taxonomy":"category","embeddable":true,"href":"https:\/\/www.europesays.com\/es\/wp-json\/wp\/v2\/categories?post=267905"},{"taxonomy":"post_tag","embeddable":true,"href":"https:\/\/www.europesays.com\/es\/wp-json\/wp\/v2\/tags?post=267905"}],"curies":[{"name":"wp","href":"https:\/\/api.w.org\/{rel}","templated":true}]}}